{"id":9,"date":"2023-02-04T19:03:34","date_gmt":"2023-02-04T19:03:34","guid":{"rendered":"https:\/\/filosofiacienciacabala.com\/?p=9"},"modified":"2023-02-07T20:57:06","modified_gmt":"2023-02-07T20:57:06","slug":"vida-y-muerte-de-socrates","status":"publish","type":"post","link":"https:\/\/filosofiacienciacabala.com\/index.php\/2023\/02\/04\/vida-y-muerte-de-socrates\/","title":{"rendered":"Vida y muerte de S\u00f3crates"},"content":{"rendered":"\n<p>S\u00f3crates fue un fil\u00f3sofo de la antigua Grecia y se le atribuye haber sentado las bases de la filosof\u00eda occidental. Naci\u00f3 en Atenas y pas\u00f3 toda su vida buscando la sabidur\u00eda. Era conocido por sostener di\u00e1logos p\u00fablicos con amigos, seguidores y otros maestros de sabidur\u00eda y filosof\u00eda. A medida que crec\u00eda, fue etiquetado como el hombre m\u00e1s sabio de toda Grecia.<\/p>\n\n\n\n<p>Hoy en d\u00eda, la mayor parte de lo que sabemos sobre S\u00f3crates se basa en los escritos de Plat\u00f3n, Jenofonte, Arist\u00f3fanes y Arist\u00f3teles. Nada de lo que escribi\u00f3 el propio S\u00f3crates ha sobrevivido.<\/p>\n\n\n\n<p>Se cree que el nombre del padre de S\u00f3crates era Sofronisco y su madre se llamaba Fenarete. Su padre era escultor, mientras que la madre era partera. S\u00f3crates estaba casado con Xantipa y ten\u00edan tres hijos, que eran muy j\u00f3venes cuando falleci\u00f3 su padre. Seg\u00fan los escritos de Jenofonte, Xantipa era un fastidioso malhumorado.<\/p>\n\n\n\n<p>\u201cEl pasado tiene sus c\u00f3digos y costumbres\u201d<br>S\u00f3crates<\/p>\n\n\n\n<p>Los registros no son claros en cuanto a c\u00f3mo se ganaba la vida. Seg\u00fan Jenofonte y Arist\u00f3fanes, S\u00f3crates recibi\u00f3 un pago por ense\u00f1ar y dirigir una escuela con Chaerephon. Sin embargo, los escritos de Arist\u00f3teles muestran que no aceptaba dinero por ense\u00f1ar. Por lo tanto, es muy posible que S\u00f3crates confiara en la generosidad de sus amigos ricos.<\/p>\n\n\n\n<p>S\u00f3crates vivi\u00f3 en una \u00e9poca en que el gran Imperio ateniense estaba en declive. Los antenienses hab\u00edan perdido la guerra del Peloponeso ante los espartanos. Y las autoridades atenienses intentaban estabilizar la situaci\u00f3n tras sufrir una humillante derrota. Entonces, el tribunal dictamin\u00f3 que S\u00f3crates era responsable de mostrar falta de respeto a los dioses y corromper a la juventud de Atenas. Fue por esto que Athena, las Diosas patronas de Atenas, ha abandonado la tierra.<\/p>\n\n\n\n<p>S\u00f3crates fue declarado culpable y condenado a muerte bebiendo una copa de cicuta. Tuvo la oportunidad de escapar pero no tom\u00f3 esta ruta. En cambio, decidi\u00f3 beber la cicuta y morir en compa\u00f1\u00eda de sus amigos.<\/p>\n\n\n\n<p>Publicado poredhisoft18 de enero de 2022Publicado enS\u00f3cratesDeja un comentarioen Vida y muerte de S\u00f3crates<br>Grandes acertijos: S\u00f3crates<br>Grandes acertijos: S\u00f3crates<br>Un hombre del que probablemente hayas o\u00eddo hablar, S\u00f3crates, fue un gran fil\u00f3sofo griego y vivi\u00f3 entre el 469 y el 399 a. Su vida y sus ideas conducir\u00edan a una de las transformaciones m\u00e1s dr\u00e1sticas de los ideales filos\u00f3ficos a lo largo de la historia humana. Antes de \u00e9l hubo una variedad de otros fil\u00f3sofos en la sociedad griega, pero ninguno de ellos ha tenido un efecto fuerte en la filosof\u00eda moderna. Estas diversas filosof\u00edas no sobrevivieron tan bien como las de S\u00f3crates, especialmente porque muchas de sus propias ideas a\u00fan sobreviven hasta el d\u00eda de hoy. El tren de pensamiento que a menudo se considera el primero es el de la escuela milesia. Los fil\u00f3sofos de este grupo cre\u00edan que todo surg\u00eda del agua. Adem\u00e1s de iniciar este tren de pensamiento, tambi\u00e9n ense\u00f1\u00f3 a otro de los fil\u00f3sofos m\u00e1s famosos, Plat\u00f3n. Plat\u00f3n, en consecuencia, ense\u00f1\u00f3 a Arist\u00f3teles, quien luego ense\u00f1\u00f3 a Alejandro Magno; todos los cuales fueron grandes hombres que tuvieron un gran impacto en la filosof\u00eda hasta el d\u00eda de hoy. Otra cosa interesante sobre S\u00f3crates es que la mayor parte de lo que sabemos sobre \u00e9l proviene de relatos de segunda mano sobre su vida, especialmente de Plat\u00f3n. La vida de S\u00f3crates se vio muy afectada por los acertijos y se encontr\u00f3 con muchos de ellos durante su vida.<\/p>\n\n\n\n<p>\u201cCuando el debate se ha perdido, la calumnia es la herramienta del perdedor\u201d<br>S\u00f3crates<\/p>\n\n\n\n<p>S\u00f3crates no se esforz\u00f3 mucho en incluir acertijos en sus obras a prop\u00f3sito, la mayor\u00eda de ellos son involuntarios. Una buena manera de ver sus acertijos es a trav\u00e9s del razonamiento desarrollado por su mejor alumno, Plat\u00f3n. Cuando Plat\u00f3n habla de acertijos, los mira de una manera que los hace funcionalmente \u00fatiles. Plat\u00f3n vio los acertijos como una forma de explicar lo inexplicable. Pens\u00f3 en los acertijos como una forma de met\u00e1fora que podr\u00eda usar t\u00e9rminos simples para explicar ideas profundas como la vida y la muerte. Esta es una descripci\u00f3n precisa de c\u00f3mo S\u00f3crates us\u00f3 acertijos para explicar sus pensamientos e ideas.<\/p>\n\n\n\n<p>El acertijo m\u00e1s popular asociado con S\u00f3crates en realidad no es uno que dio, sino uno que resolvi\u00f3. Un hombre pregunt\u00f3 al Or\u00e1culo de Delfos, la sacerdotisa del Templo de Apolo en Delfos, si alguien era m\u00e1s sabio que S\u00f3crates. El Or\u00e1culo r\u00e1pidamente dijo que no hab\u00eda nadie m\u00e1s sabio que S\u00f3crates. S\u00f3crates estaba intrigado por esto porque sab\u00eda que no pod\u00eda ser el hombre m\u00e1s sabio. Sab\u00eda que hab\u00eda muchas cosas de las que no estaba seguro. Despu\u00e9s de tomarse un tiempo para resolver este acertijo, finalmente lleg\u00f3 a la conclusi\u00f3n de que era sabio porque se dio cuenta de que no lo sab\u00eda todo. Su humildad lo hizo sabio.<\/p>\n\n\n\n<p>S\u00f3crates fue uno de los fundadores de la filosof\u00eda moderna y la fund\u00f3 hace m\u00e1s de dos mil a\u00f1os. Sus ideas fueron impresionantes para su \u00e9poca y todav\u00eda impresionan a la gente hasta el d\u00eda de hoy.<\/p>\n\n\n\n<p>Article Source: http:\/\/EzineArticles.com\/8075944<\/p>\n","protected":false},"excerpt":{"rendered":"<p>S\u00f3crates fue un fil\u00f3sofo de la antigua Grecia y se le atribuye haber sentado las&#8230;<\/p>\n","protected":false},"author":1,"featured_media":136,"comment_status":"open","ping_status":"open","sticky":false,"template":"","format":"standard","meta":{"jetpack_publicize_message":"","jetpack_is_tweetstorm":false,"jetpack_publicize_feature_enabled":true,"jetpack_social_post_already_shared":false,"jetpack_social_options":{"image_generator_settings":{"template":"highway","enabled":false}}},"categories":[3],"tags":[],"jetpack_publicize_connections":[],"yoast_head":"<!-- This site is optimized with the Yoast SEO Premium plugin v20.5 (Yoast SEO v20.5) - https:\/\/yoast.com\/wordpress\/plugins\/seo\/ -->\n<title>Vida y muerte de S\u00f3crates -<\/title>\n<meta name=\"robots\" content=\"index, follow, max-snippet:-1, max-image-preview:large, max-video-preview:-1\" \/>\n<link rel=\"canonical\" href=\"https:\/\/filosofiacienciacabala.com\/index.php\/2023\/02\/04\/vida-y-muerte-de-socrates\/\" \/>\n<meta property=\"og:locale\" content=\"es_ES\" \/>\n<meta property=\"og:type\" content=\"article\" \/>\n<meta property=\"og:title\" content=\"Vida y muerte de S\u00f3crates\" \/>\n<meta property=\"og:description\" content=\"S\u00f3crates fue un fil\u00f3sofo de la antigua Grecia y se le atribuye haber sentado las...\" \/>\n<meta property=\"og:url\" content=\"https:\/\/filosofiacienciacabala.com\/index.php\/2023\/02\/04\/vida-y-muerte-de-socrates\/\" \/>\n<meta property=\"article:published_time\" content=\"2023-02-04T19:03:34+00:00\" \/>\n<meta property=\"article:modified_time\" content=\"2023-02-07T20:57:06+00:00\" \/>\n<meta property=\"og:image\" content=\"https:\/\/filosofiacienciacabala.com\/wp-content\/uploads\/2023\/02\/vida-y-muerte-de-socrates.jpg\" \/>\n\t<meta property=\"og:image:width\" content=\"768\" \/>\n\t<meta property=\"og:image:height\" content=\"510\" \/>\n\t<meta property=\"og:image:type\" content=\"image\/jpeg\" \/>\n<meta name=\"author\" content=\"edhisoft\" \/>\n<meta name=\"twitter:card\" content=\"summary_large_image\" \/>\n<meta name=\"twitter:label1\" content=\"Escrito por\" \/>\n\t<meta name=\"twitter:data1\" content=\"edhisoft\" \/>\n\t<meta name=\"twitter:label2\" content=\"Tiempo de lectura\" \/>\n\t<meta name=\"twitter:data2\" content=\"5 minutos\" \/>\n<script type=\"application\/ld+json\" class=\"yoast-schema-graph\">{\"@context\":\"https:\/\/schema.org\",\"@graph\":[{\"@type\":\"WebPage\",\"@id\":\"https:\/\/filosofiacienciacabala.com\/index.php\/2023\/02\/04\/vida-y-muerte-de-socrates\/\",\"url\":\"https:\/\/filosofiacienciacabala.com\/index.php\/2023\/02\/04\/vida-y-muerte-de-socrates\/\",\"name\":\"Vida y muerte de S\u00f3crates -\",\"isPartOf\":{\"@id\":\"https:\/\/filosofiacienciacabala.com\/#website\"},\"datePublished\":\"2023-02-04T19:03:34+00:00\",\"dateModified\":\"2023-02-07T20:57:06+00:00\",\"author\":{\"@id\":\"https:\/\/filosofiacienciacabala.com\/#\/schema\/person\/aa6e7fe0c15474fb8c239be8d535daa0\"},\"breadcrumb\":{\"@id\":\"https:\/\/filosofiacienciacabala.com\/index.php\/2023\/02\/04\/vida-y-muerte-de-socrates\/#breadcrumb\"},\"inLanguage\":\"es\",\"potentialAction\":[{\"@type\":\"ReadAction\",\"target\":[\"https:\/\/filosofiacienciacabala.com\/index.php\/2023\/02\/04\/vida-y-muerte-de-socrates\/\"]}]},{\"@type\":\"BreadcrumbList\",\"@id\":\"https:\/\/filosofiacienciacabala.com\/index.php\/2023\/02\/04\/vida-y-muerte-de-socrates\/#breadcrumb\",\"itemListElement\":[{\"@type\":\"ListItem\",\"position\":1,\"name\":\"Portada\",\"item\":\"https:\/\/filosofiacienciacabala.com\/\"},{\"@type\":\"ListItem\",\"position\":2,\"name\":\"Vida y muerte de S\u00f3crates\"}]},{\"@type\":\"WebSite\",\"@id\":\"https:\/\/filosofiacienciacabala.com\/#website\",\"url\":\"https:\/\/filosofiacienciacabala.com\/\",\"name\":\"\",\"description\":\"\",\"potentialAction\":[{\"@type\":\"SearchAction\",\"target\":{\"@type\":\"EntryPoint\",\"urlTemplate\":\"https:\/\/filosofiacienciacabala.com\/?s={search_term_string}\"},\"query-input\":\"required name=search_term_string\"}],\"inLanguage\":\"es\"},{\"@type\":\"Person\",\"@id\":\"https:\/\/filosofiacienciacabala.com\/#\/schema\/person\/aa6e7fe0c15474fb8c239be8d535daa0\",\"name\":\"edhisoft\",\"image\":{\"@type\":\"ImageObject\",\"inLanguage\":\"es\",\"@id\":\"https:\/\/filosofiacienciacabala.com\/#\/schema\/person\/image\/\",\"url\":\"https:\/\/secure.gravatar.com\/avatar\/5864c5ece8229bc96c6e5b5fdf2594bb?s=96&d=mm&r=g\",\"contentUrl\":\"https:\/\/secure.gravatar.com\/avatar\/5864c5ece8229bc96c6e5b5fdf2594bb?s=96&d=mm&r=g\",\"caption\":\"edhisoft\"},\"sameAs\":[\"https:\/\/filosofiacienciacabala.com\"],\"url\":\"https:\/\/filosofiacienciacabala.com\/index.php\/author\/edhisoft\/\"}]}<\/script>\n<!-- \/ Yoast SEO Premium plugin. -->","yoast_head_json":{"title":"Vida y muerte de S\u00f3crates -","robots":{"index":"index","follow":"follow","max-snippet":"max-snippet:-1","max-image-preview":"max-image-preview:large","max-video-preview":"max-video-preview:-1"},"canonical":"https:\/\/filosofiacienciacabala.com\/index.php\/2023\/02\/04\/vida-y-muerte-de-socrates\/","og_locale":"es_ES","og_type":"article","og_title":"Vida y muerte de S\u00f3crates","og_description":"S\u00f3crates fue un fil\u00f3sofo de la antigua Grecia y se le atribuye haber sentado las...","og_url":"https:\/\/filosofiacienciacabala.com\/index.php\/2023\/02\/04\/vida-y-muerte-de-socrates\/","article_published_time":"2023-02-04T19:03:34+00:00","article_modified_time":"2023-02-07T20:57:06+00:00","og_image":[{"width":768,"height":510,"url":"https:\/\/filosofiacienciacabala.com\/wp-content\/uploads\/2023\/02\/vida-y-muerte-de-socrates.jpg","type":"image\/jpeg"}],"author":"edhisoft","twitter_card":"summary_large_image","twitter_misc":{"Escrito por":"edhisoft","Tiempo de lectura":"5 minutos"},"schema":{"@context":"https:\/\/schema.org","@graph":[{"@type":"WebPage","@id":"https:\/\/filosofiacienciacabala.com\/index.php\/2023\/02\/04\/vida-y-muerte-de-socrates\/","url":"https:\/\/filosofiacienciacabala.com\/index.php\/2023\/02\/04\/vida-y-muerte-de-socrates\/","name":"Vida y muerte de S\u00f3crates -","isPartOf":{"@id":"https:\/\/filosofiacienciacabala.com\/#website"},"datePublished":"2023-02-04T19:03:34+00:00","dateModified":"2023-02-07T20:57:06+00:00","author":{"@id":"https:\/\/filosofiacienciacabala.com\/#\/schema\/person\/aa6e7fe0c15474fb8c239be8d535daa0"},"breadcrumb":{"@id":"https:\/\/filosofiacienciacabala.com\/index.php\/2023\/02\/04\/vida-y-muerte-de-socrates\/#breadcrumb"},"inLanguage":"es","potentialAction":[{"@type":"ReadAction","target":["https:\/\/filosofiacienciacabala.com\/index.php\/2023\/02\/04\/vida-y-muerte-de-socrates\/"]}]},{"@type":"BreadcrumbList","@id":"https:\/\/filosofiacienciacabala.com\/index.php\/2023\/02\/04\/vida-y-muerte-de-socrates\/#breadcrumb","itemListElement":[{"@type":"ListItem","position":1,"name":"Portada","item":"https:\/\/filosofiacienciacabala.com\/"},{"@type":"ListItem","position":2,"name":"Vida y muerte de S\u00f3crates"}]},{"@type":"WebSite","@id":"https:\/\/filosofiacienciacabala.com\/#website","url":"https:\/\/filosofiacienciacabala.com\/","name":"","description":"","potentialAction":[{"@type":"SearchAction","target":{"@type":"EntryPoint","urlTemplate":"https:\/\/filosofiacienciacabala.com\/?s={search_term_string}"},"query-input":"required name=search_term_string"}],"inLanguage":"es"},{"@type":"Person","@id":"https:\/\/filosofiacienciacabala.com\/#\/schema\/person\/aa6e7fe0c15474fb8c239be8d535daa0","name":"edhisoft","image":{"@type":"ImageObject","inLanguage":"es","@id":"https:\/\/filosofiacienciacabala.com\/#\/schema\/person\/image\/","url":"https:\/\/secure.gravatar.com\/avatar\/5864c5ece8229bc96c6e5b5fdf2594bb?s=96&d=mm&r=g","contentUrl":"https:\/\/secure.gravatar.com\/avatar\/5864c5ece8229bc96c6e5b5fdf2594bb?s=96&d=mm&r=g","caption":"edhisoft"},"sameAs":["https:\/\/filosofiacienciacabala.com"],"url":"https:\/\/filosofiacienciacabala.com\/index.php\/author\/edhisoft\/"}]}},"featured_image_urls":{"full":["https:\/\/filosofiacienciacabala.com\/wp-content\/uploads\/2023\/02\/vida-y-muerte-de-socrates.jpg",768,510,false],"thumbnail":["https:\/\/filosofiacienciacabala.com\/wp-content\/uploads\/2023\/02\/vida-y-muerte-de-socrates-150x150.jpg",150,150,true],"medium":["https:\/\/filosofiacienciacabala.com\/wp-content\/uploads\/2023\/02\/vida-y-muerte-de-socrates-300x199.jpg",300,199,true],"medium_large":["https:\/\/filosofiacienciacabala.com\/wp-content\/uploads\/2023\/02\/vida-y-muerte-de-socrates.jpg",640,425,false],"large":["https:\/\/filosofiacienciacabala.com\/wp-content\/uploads\/2023\/02\/vida-y-muerte-de-socrates.jpg",640,425,false],"1536x1536":["https:\/\/filosofiacienciacabala.com\/wp-content\/uploads\/2023\/02\/vida-y-muerte-de-socrates.jpg",768,510,false],"2048x2048":["https:\/\/filosofiacienciacabala.com\/wp-content\/uploads\/2023\/02\/vida-y-muerte-de-socrates.jpg",768,510,false],"covernews-slider-full":["https:\/\/filosofiacienciacabala.com\/wp-content\/uploads\/2023\/02\/vida-y-muerte-de-socrates.jpg",768,510,false],"covernews-slider-center":["https:\/\/filosofiacienciacabala.com\/wp-content\/uploads\/2023\/02\/vida-y-muerte-de-socrates-768x500.jpg",768,500,true],"covernews-featured":["https:\/\/filosofiacienciacabala.com\/wp-content\/uploads\/2023\/02\/vida-y-muerte-de-socrates.jpg",768,510,false],"covernews-medium":["https:\/\/filosofiacienciacabala.com\/wp-content\/uploads\/2023\/02\/vida-y-muerte-de-socrates-540x340.jpg",540,340,true],"covernews-medium-square":["https:\/\/filosofiacienciacabala.com\/wp-content\/uploads\/2023\/02\/vida-y-muerte-de-socrates-400x250.jpg",400,250,true],"mailpoet_newsletter_max":["https:\/\/filosofiacienciacabala.com\/wp-content\/uploads\/2023\/02\/vida-y-muerte-de-socrates.jpg",768,510,false]},"author_info":{"display_name":"edhisoft","author_link":"https:\/\/filosofiacienciacabala.com\/index.php\/author\/edhisoft\/"},"category_info":"<a href=\"https:\/\/filosofiacienciacabala.com\/index.php\/category\/filosofia\/\" rel=\"category tag\">Filosof\u00eda<\/a>","tag_info":"Filosof\u00eda","comment_count":"0","jetpack_featured_media_url":"https:\/\/filosofiacienciacabala.com\/wp-content\/uploads\/2023\/02\/vida-y-muerte-de-socrates.jpg","_links":{"self":[{"href":"https:\/\/filosofiacienciacabala.com\/index.php\/wp-json\/wp\/v2\/posts\/9"}],"collection":[{"href":"https:\/\/filosofiacienciacabala.com\/index.php\/wp-json\/wp\/v2\/posts"}],"about":[{"href":"https:\/\/filosofiacienciacabala.com\/index.php\/wp-json\/wp\/v2\/types\/post"}],"author":[{"embeddable":true,"href":"https:\/\/filosofiacienciacabala.com\/index.php\/wp-json\/wp\/v2\/users\/1"}],"replies":[{"embeddable":true,"href":"https:\/\/filosofiacienciacabala.com\/index.php\/wp-json\/wp\/v2\/comments?post=9"}],"version-history":[{"count":1,"href":"https:\/\/filosofiacienciacabala.com\/index.php\/wp-json\/wp\/v2\/posts\/9\/revisions"}],"predecessor-version":[{"id":10,"href":"https:\/\/filosofiacienciacabala.com\/index.php\/wp-json\/wp\/v2\/posts\/9\/revisions\/10"}],"wp:featuredmedia":[{"embeddable":true,"href":"https:\/\/filosofiacienciacabala.com\/index.php\/wp-json\/wp\/v2\/media\/136"}],"wp:attachment":[{"href":"https:\/\/filosofiacienciacabala.com\/index.php\/wp-json\/wp\/v2\/media?parent=9"}],"wp:term":[{"taxonomy":"category","embeddable":true,"href":"https:\/\/filosofiacienciacabala.com\/index.php\/wp-json\/wp\/v2\/categories?post=9"},{"taxonomy":"post_tag","embeddable":true,"href":"https:\/\/filosofiacienciacabala.com\/index.php\/wp-json\/wp\/v2\/tags?post=9"}],"curies":[{"name":"wp","href":"https:\/\/api.w.org\/{rel}","templated":true}]}}