{"id":772,"date":"2024-02-14T21:30:15","date_gmt":"2024-02-14T21:30:15","guid":{"rendered":"https:\/\/filosofiacienciacabala.com\/?p=772"},"modified":"2024-02-14T21:30:18","modified_gmt":"2024-02-14T21:30:18","slug":"predicciones-fin-del-mundo-2023","status":"publish","type":"post","link":"https:\/\/filosofiacienciacabala.com\/index.php\/2024\/02\/14\/predicciones-fin-del-mundo-2023\/","title":{"rendered":"2023: El \u00abapocalipsis astrol\u00f3gico\u00bb del 23 de abril que no lleg\u00f3"},"content":{"rendered":"\n<p><strong>Introducci\u00f3n:<\/strong><\/p>\n\n\n\n<p>El 23 de abril de 2023, una fecha que algunos astr\u00f3logos se\u00f1alaban como el d\u00eda de un \u00abapocalipsis astrol\u00f3gico\u00bb, lleg\u00f3 sin ning\u00fan evento apocal\u00edptico. Esta predicci\u00f3n gener\u00f3 un debate sobre la validez de la astrolog\u00eda y la necesidad de un pensamiento cr\u00edtico ante las profec\u00edas del fin del mundo.<\/p>\n\n\n\n<p><strong>La profec\u00eda del \u00abapocalipsis astrol\u00f3gico\u00bb:<\/strong><\/p>\n\n\n\n<p>Algunos astr\u00f3logos basaron su predicci\u00f3n en la alineaci\u00f3n de varios planetas en el signo de Tauro, lo que, seg\u00fan ellos, provocar\u00eda eventos ca\u00f3ticos y destructivos. Sin embargo, la comunidad cient\u00edfica no encontr\u00f3 ninguna evidencia que respaldara esta teor\u00eda.<\/p>\n\n\n\n<p>Tambi\u00e9n te puede interesar: <a href=\"https:\/\/filosofiacienciacabala.com\/index.php\/2024\/02\/14\/2020-covid-19-y-el-resurgir-de-las-profecias-apocalipticas\/\">2020: COVID-19 y el resurgir de las profec\u00edas apocal\u00edpticas<\/a><\/p>\n\n\n\n<p><strong>El impacto social:<\/strong><\/p>\n\n\n\n<p>La profec\u00eda del \u00abapocalipsis astrol\u00f3gico\u00bb gener\u00f3 cierta preocupaci\u00f3n en algunas personas, especialmente en las redes sociales. Se intensificaron las b\u00fasquedas relacionadas con el fin del mundo y algunos incluso se prepararon para un posible apocalipsis.<\/p>\n\n\n\n<p><strong>23 de abril de 2023: un d\u00eda normal:<\/strong><\/p>\n\n\n\n<p>Contrario a la profec\u00eda, el 23 de abril de 2023 transcurri\u00f3 sin ning\u00fan evento apocal\u00edptico. La no materializaci\u00f3n de la predicci\u00f3n evidenci\u00f3 la necesidad de un an\u00e1lisis cr\u00edtico ante las profec\u00edas basadas en la astrolog\u00eda o en otras creencias no cient\u00edficas.<\/p>\n\n\n\n<p><strong>Importancia del pensamiento cr\u00edtico:<\/strong><\/p>\n\n\n\n<p>Es fundamental mantener un pensamiento cr\u00edtico ante las profec\u00edas del fin del mundo, especialmente cuando estas se basan en pseudociencias o creencias sin fundamento cient\u00edfico. Es importante verificar la informaci\u00f3n, buscar fuentes confiables y evitar la propagaci\u00f3n de rumores y creencias infundadas.<\/p>\n\n\n\n<p><strong>La astrolog\u00eda como herramienta:<\/strong><\/p>\n\n\n\n<p>La astrolog\u00eda puede ser una herramienta para el autoconocimiento y la reflexi\u00f3n personal, pero no debe ser utilizada como m\u00e9todo predictivo para determinar el futuro o profetizar eventos apocal\u00edpticos.<\/p>\n\n\n\n<p><strong>Consecuencias y an\u00e1lisis:<\/strong><\/p>\n\n\n\n<p>El \u00abapocalipsis astrol\u00f3gico\u00bb del 23 de abril de 2023 nos deja una lecci\u00f3n importante: la necesidad de un pensamiento cr\u00edtico y racional ante las profec\u00edas del fin del mundo. Es fundamental fomentar la educaci\u00f3n cient\u00edfica y el pensamiento cr\u00edtico para evitar que las personas se vean afectadas por creencias infundadas y alarmistas.<\/p>\n\n\n\n<p>Tambi\u00e9n te puede interesar: <a href=\"https:\/\/filosofiacienciacabala.com\/index.php\/2024\/02\/14\/predicciones-fin-del-mundo-2018\/\">\u00a12018: El a\u00f1o en que Nibiru no choc\u00f3 con la Tierra!<\/a><\/p>\n","protected":false},"excerpt":{"rendered":"<p>Introducci\u00f3n: El 23 de abril de 2023, una fecha que algunos astr\u00f3logos se\u00f1alaban como el&#8230;<\/p>\n","protected":false},"author":1,"featured_media":774,"comment_status":"open","ping_status":"open","sticky":false,"template":"","format":"standard","meta":{"jetpack_publicize_message":"","jetpack_is_tweetstorm":false,"jetpack_publicize_feature_enabled":true,"jetpack_social_post_already_shared":true,"jetpack_social_options":{"image_generator_settings":{"template":"highway","enabled":false}}},"categories":[3],"tags":[],"jetpack_publicize_connections":[],"yoast_head":"<!-- This site is optimized with the Yoast SEO Premium plugin v20.5 (Yoast SEO v20.5) - https:\/\/yoast.com\/wordpress\/plugins\/seo\/ -->\n<title>2023: El &quot;apocalipsis astrol\u00f3gico&quot; del 23 de abril que no lleg\u00f3<\/title>\n<meta name=\"description\" content=\"Descubre la historia del &quot;apocalipsis astrol\u00f3gico&quot; del 23 de abril de 2023 y su impacto en la sociedad.\" \/>\n<meta name=\"robots\" content=\"index, follow, max-snippet:-1, max-image-preview:large, max-video-preview:-1\" \/>\n<link rel=\"canonical\" href=\"https:\/\/filosofiacienciacabala.com\/index.php\/2024\/02\/14\/predicciones-fin-del-mundo-2023\/\" \/>\n<meta property=\"og:locale\" content=\"es_ES\" \/>\n<meta property=\"og:type\" content=\"article\" \/>\n<meta property=\"og:title\" content=\"2023: El &quot;apocalipsis astrol\u00f3gico&quot; del 23 de abril que no lleg\u00f3\" \/>\n<meta property=\"og:description\" content=\"Descubre la historia del &quot;apocalipsis astrol\u00f3gico&quot; del 23 de abril de 2023 y su impacto en la sociedad.\" \/>\n<meta property=\"og:url\" content=\"https:\/\/filosofiacienciacabala.com\/index.php\/2024\/02\/14\/predicciones-fin-del-mundo-2023\/\" \/>\n<meta property=\"article:published_time\" content=\"2024-02-14T21:30:15+00:00\" \/>\n<meta property=\"article:modified_time\" content=\"2024-02-14T21:30:18+00:00\" \/>\n<meta property=\"og:image\" content=\"https:\/\/filosofiacienciacabala.com\/wp-content\/uploads\/2024\/02\/2023-El-apocalipsis-astrologico-del-23-de-abril-que-no-llego.jpg\" \/>\n\t<meta property=\"og:image:width\" content=\"768\" \/>\n\t<meta property=\"og:image:height\" content=\"318\" \/>\n\t<meta property=\"og:image:type\" content=\"image\/jpeg\" \/>\n<meta name=\"author\" content=\"edhisoft\" \/>\n<meta name=\"twitter:card\" content=\"summary_large_image\" \/>\n<meta name=\"twitter:label1\" content=\"Escrito por\" \/>\n\t<meta name=\"twitter:data1\" content=\"edhisoft\" \/>\n\t<meta name=\"twitter:label2\" content=\"Tiempo de lectura\" \/>\n\t<meta name=\"twitter:data2\" content=\"2 minutos\" \/>\n<script type=\"application\/ld+json\" class=\"yoast-schema-graph\">{\"@context\":\"https:\/\/schema.org\",\"@graph\":[{\"@type\":\"WebPage\",\"@id\":\"https:\/\/filosofiacienciacabala.com\/index.php\/2024\/02\/14\/predicciones-fin-del-mundo-2023\/\",\"url\":\"https:\/\/filosofiacienciacabala.com\/index.php\/2024\/02\/14\/predicciones-fin-del-mundo-2023\/\",\"name\":\"2023: El \\\"apocalipsis astrol\u00f3gico\\\" del 23 de abril que no lleg\u00f3\",\"isPartOf\":{\"@id\":\"https:\/\/filosofiacienciacabala.com\/#website\"},\"datePublished\":\"2024-02-14T21:30:15+00:00\",\"dateModified\":\"2024-02-14T21:30:18+00:00\",\"author\":{\"@id\":\"https:\/\/filosofiacienciacabala.com\/#\/schema\/person\/aa6e7fe0c15474fb8c239be8d535daa0\"},\"description\":\"Descubre la historia del \\\"apocalipsis astrol\u00f3gico\\\" del 23 de abril de 2023 y su impacto en la sociedad.\",\"breadcrumb\":{\"@id\":\"https:\/\/filosofiacienciacabala.com\/index.php\/2024\/02\/14\/predicciones-fin-del-mundo-2023\/#breadcrumb\"},\"inLanguage\":\"es\",\"potentialAction\":[{\"@type\":\"ReadAction\",\"target\":[\"https:\/\/filosofiacienciacabala.com\/index.php\/2024\/02\/14\/predicciones-fin-del-mundo-2023\/\"]}]},{\"@type\":\"BreadcrumbList\",\"@id\":\"https:\/\/filosofiacienciacabala.com\/index.php\/2024\/02\/14\/predicciones-fin-del-mundo-2023\/#breadcrumb\",\"itemListElement\":[{\"@type\":\"ListItem\",\"position\":1,\"name\":\"Portada\",\"item\":\"https:\/\/filosofiacienciacabala.com\/\"},{\"@type\":\"ListItem\",\"position\":2,\"name\":\"2023: El \u00abapocalipsis astrol\u00f3gico\u00bb del 23 de abril que no lleg\u00f3\"}]},{\"@type\":\"WebSite\",\"@id\":\"https:\/\/filosofiacienciacabala.com\/#website\",\"url\":\"https:\/\/filosofiacienciacabala.com\/\",\"name\":\"\",\"description\":\"\",\"potentialAction\":[{\"@type\":\"SearchAction\",\"target\":{\"@type\":\"EntryPoint\",\"urlTemplate\":\"https:\/\/filosofiacienciacabala.com\/?s={search_term_string}\"},\"query-input\":\"required name=search_term_string\"}],\"inLanguage\":\"es\"},{\"@type\":\"Person\",\"@id\":\"https:\/\/filosofiacienciacabala.com\/#\/schema\/person\/aa6e7fe0c15474fb8c239be8d535daa0\",\"name\":\"edhisoft\",\"image\":{\"@type\":\"ImageObject\",\"inLanguage\":\"es\",\"@id\":\"https:\/\/filosofiacienciacabala.com\/#\/schema\/person\/image\/\",\"url\":\"https:\/\/secure.gravatar.com\/avatar\/5864c5ece8229bc96c6e5b5fdf2594bb?s=96&d=mm&r=g\",\"contentUrl\":\"https:\/\/secure.gravatar.com\/avatar\/5864c5ece8229bc96c6e5b5fdf2594bb?s=96&d=mm&r=g\",\"caption\":\"edhisoft\"},\"sameAs\":[\"https:\/\/filosofiacienciacabala.com\"],\"url\":\"https:\/\/filosofiacienciacabala.com\/index.php\/author\/edhisoft\/\"}]}<\/script>\n<!-- \/ Yoast SEO Premium plugin. -->","yoast_head_json":{"title":"2023: El \"apocalipsis astrol\u00f3gico\" del 23 de abril que no lleg\u00f3","description":"Descubre la historia del \"apocalipsis astrol\u00f3gico\" del 23 de abril de 2023 y su impacto en la sociedad.","robots":{"index":"index","follow":"follow","max-snippet":"max-snippet:-1","max-image-preview":"max-image-preview:large","max-video-preview":"max-video-preview:-1"},"canonical":"https:\/\/filosofiacienciacabala.com\/index.php\/2024\/02\/14\/predicciones-fin-del-mundo-2023\/","og_locale":"es_ES","og_type":"article","og_title":"2023: El \"apocalipsis astrol\u00f3gico\" del 23 de abril que no lleg\u00f3","og_description":"Descubre la historia del \"apocalipsis astrol\u00f3gico\" del 23 de abril de 2023 y su impacto en la sociedad.","og_url":"https:\/\/filosofiacienciacabala.com\/index.php\/2024\/02\/14\/predicciones-fin-del-mundo-2023\/","article_published_time":"2024-02-14T21:30:15+00:00","article_modified_time":"2024-02-14T21:30:18+00:00","og_image":[{"width":768,"height":318,"url":"https:\/\/filosofiacienciacabala.com\/wp-content\/uploads\/2024\/02\/2023-El-apocalipsis-astrologico-del-23-de-abril-que-no-llego.jpg","type":"image\/jpeg"}],"author":"edhisoft","twitter_card":"summary_large_image","twitter_misc":{"Escrito por":"edhisoft","Tiempo de lectura":"2 minutos"},"schema":{"@context":"https:\/\/schema.org","@graph":[{"@type":"WebPage","@id":"https:\/\/filosofiacienciacabala.com\/index.php\/2024\/02\/14\/predicciones-fin-del-mundo-2023\/","url":"https:\/\/filosofiacienciacabala.com\/index.php\/2024\/02\/14\/predicciones-fin-del-mundo-2023\/","name":"2023: El \"apocalipsis astrol\u00f3gico\" del 23 de abril que no lleg\u00f3","isPartOf":{"@id":"https:\/\/filosofiacienciacabala.com\/#website"},"datePublished":"2024-02-14T21:30:15+00:00","dateModified":"2024-02-14T21:30:18+00:00","author":{"@id":"https:\/\/filosofiacienciacabala.com\/#\/schema\/person\/aa6e7fe0c15474fb8c239be8d535daa0"},"description":"Descubre la historia del \"apocalipsis astrol\u00f3gico\" del 23 de abril de 2023 y su impacto en la sociedad.","breadcrumb":{"@id":"https:\/\/filosofiacienciacabala.com\/index.php\/2024\/02\/14\/predicciones-fin-del-mundo-2023\/#breadcrumb"},"inLanguage":"es","potentialAction":[{"@type":"ReadAction","target":["https:\/\/filosofiacienciacabala.com\/index.php\/2024\/02\/14\/predicciones-fin-del-mundo-2023\/"]}]},{"@type":"BreadcrumbList","@id":"https:\/\/filosofiacienciacabala.com\/index.php\/2024\/02\/14\/predicciones-fin-del-mundo-2023\/#breadcrumb","itemListElement":[{"@type":"ListItem","position":1,"name":"Portada","item":"https:\/\/filosofiacienciacabala.com\/"},{"@type":"ListItem","position":2,"name":"2023: El \u00abapocalipsis astrol\u00f3gico\u00bb del 23 de abril que no lleg\u00f3"}]},{"@type":"WebSite","@id":"https:\/\/filosofiacienciacabala.com\/#website","url":"https:\/\/filosofiacienciacabala.com\/","name":"","description":"","potentialAction":[{"@type":"SearchAction","target":{"@type":"EntryPoint","urlTemplate":"https:\/\/filosofiacienciacabala.com\/?s={search_term_string}"},"query-input":"required name=search_term_string"}],"inLanguage":"es"},{"@type":"Person","@id":"https:\/\/filosofiacienciacabala.com\/#\/schema\/person\/aa6e7fe0c15474fb8c239be8d535daa0","name":"edhisoft","image":{"@type":"ImageObject","inLanguage":"es","@id":"https:\/\/filosofiacienciacabala.com\/#\/schema\/person\/image\/","url":"https:\/\/secure.gravatar.com\/avatar\/5864c5ece8229bc96c6e5b5fdf2594bb?s=96&d=mm&r=g","contentUrl":"https:\/\/secure.gravatar.com\/avatar\/5864c5ece8229bc96c6e5b5fdf2594bb?s=96&d=mm&r=g","caption":"edhisoft"},"sameAs":["https:\/\/filosofiacienciacabala.com"],"url":"https:\/\/filosofiacienciacabala.com\/index.php\/author\/edhisoft\/"}]}},"featured_image_urls":{"full":["https:\/\/filosofiacienciacabala.com\/wp-content\/uploads\/2024\/02\/2023-El-apocalipsis-astrologico-del-23-de-abril-que-no-llego.jpg",768,318,false],"thumbnail":["https:\/\/filosofiacienciacabala.com\/wp-content\/uploads\/2024\/02\/2023-El-apocalipsis-astrologico-del-23-de-abril-que-no-llego-150x150.jpg",150,150,true],"medium":["https:\/\/filosofiacienciacabala.com\/wp-content\/uploads\/2024\/02\/2023-El-apocalipsis-astrologico-del-23-de-abril-que-no-llego-300x124.jpg",300,124,true],"medium_large":["https:\/\/filosofiacienciacabala.com\/wp-content\/uploads\/2024\/02\/2023-El-apocalipsis-astrologico-del-23-de-abril-que-no-llego.jpg",640,265,false],"large":["https:\/\/filosofiacienciacabala.com\/wp-content\/uploads\/2024\/02\/2023-El-apocalipsis-astrologico-del-23-de-abril-que-no-llego.jpg",640,265,false],"1536x1536":["https:\/\/filosofiacienciacabala.com\/wp-content\/uploads\/2024\/02\/2023-El-apocalipsis-astrologico-del-23-de-abril-que-no-llego.jpg",768,318,false],"2048x2048":["https:\/\/filosofiacienciacabala.com\/wp-content\/uploads\/2024\/02\/2023-El-apocalipsis-astrologico-del-23-de-abril-que-no-llego.jpg",768,318,false],"covernews-slider-full":["https:\/\/filosofiacienciacabala.com\/wp-content\/uploads\/2024\/02\/2023-El-apocalipsis-astrologico-del-23-de-abril-que-no-llego.jpg",768,318,false],"covernews-slider-center":["https:\/\/filosofiacienciacabala.com\/wp-content\/uploads\/2024\/02\/2023-El-apocalipsis-astrologico-del-23-de-abril-que-no-llego.jpg",768,318,false],"covernews-featured":["https:\/\/filosofiacienciacabala.com\/wp-content\/uploads\/2024\/02\/2023-El-apocalipsis-astrologico-del-23-de-abril-que-no-llego.jpg",768,318,false],"covernews-medium":["https:\/\/filosofiacienciacabala.com\/wp-content\/uploads\/2024\/02\/2023-El-apocalipsis-astrologico-del-23-de-abril-que-no-llego-540x318.jpg",540,318,true],"covernews-medium-square":["https:\/\/filosofiacienciacabala.com\/wp-content\/uploads\/2024\/02\/2023-El-apocalipsis-astrologico-del-23-de-abril-que-no-llego-400x250.jpg",400,250,true],"mailpoet_newsletter_max":["https:\/\/filosofiacienciacabala.com\/wp-content\/uploads\/2024\/02\/2023-El-apocalipsis-astrologico-del-23-de-abril-que-no-llego.jpg",768,318,false]},"author_info":{"display_name":"edhisoft","author_link":"https:\/\/filosofiacienciacabala.com\/index.php\/author\/edhisoft\/"},"category_info":"<a href=\"https:\/\/filosofiacienciacabala.com\/index.php\/category\/filosofia\/\" rel=\"category tag\">Filosof\u00eda<\/a>","tag_info":"Filosof\u00eda","comment_count":"0","jetpack_featured_media_url":"https:\/\/filosofiacienciacabala.com\/wp-content\/uploads\/2024\/02\/2023-El-apocalipsis-astrologico-del-23-de-abril-que-no-llego.jpg","_links":{"self":[{"href":"https:\/\/filosofiacienciacabala.com\/index.php\/wp-json\/wp\/v2\/posts\/772"}],"collection":[{"href":"https:\/\/filosofiacienciacabala.com\/index.php\/wp-json\/wp\/v2\/posts"}],"about":[{"href":"https:\/\/filosofiacienciacabala.com\/index.php\/wp-json\/wp\/v2\/types\/post"}],"author":[{"embeddable":true,"href":"https:\/\/filosofiacienciacabala.com\/index.php\/wp-json\/wp\/v2\/users\/1"}],"replies":[{"embeddable":true,"href":"https:\/\/filosofiacienciacabala.com\/index.php\/wp-json\/wp\/v2\/comments?post=772"}],"version-history":[{"count":1,"href":"https:\/\/filosofiacienciacabala.com\/index.php\/wp-json\/wp\/v2\/posts\/772\/revisions"}],"predecessor-version":[{"id":775,"href":"https:\/\/filosofiacienciacabala.com\/index.php\/wp-json\/wp\/v2\/posts\/772\/revisions\/775"}],"wp:featuredmedia":[{"embeddable":true,"href":"https:\/\/filosofiacienciacabala.com\/index.php\/wp-json\/wp\/v2\/media\/774"}],"wp:attachment":[{"href":"https:\/\/filosofiacienciacabala.com\/index.php\/wp-json\/wp\/v2\/media?parent=772"}],"wp:term":[{"taxonomy":"category","embeddable":true,"href":"https:\/\/filosofiacienciacabala.com\/index.php\/wp-json\/wp\/v2\/categories?post=772"},{"taxonomy":"post_tag","embeddable":true,"href":"https:\/\/filosofiacienciacabala.com\/index.php\/wp-json\/wp\/v2\/tags?post=772"}],"curies":[{"name":"wp","href":"https:\/\/api.w.org\/{rel}","templated":true}]}}