{"id":768,"date":"2024-02-14T21:19:50","date_gmt":"2024-02-14T21:19:50","guid":{"rendered":"https:\/\/filosofiacienciacabala.com\/?p=768"},"modified":"2024-02-14T21:19:54","modified_gmt":"2024-02-14T21:19:54","slug":"2020-covid-19-y-el-resurgir-de-las-profecias-apocalipticas","status":"publish","type":"post","link":"https:\/\/filosofiacienciacabala.com\/index.php\/2024\/02\/14\/2020-covid-19-y-el-resurgir-de-las-profecias-apocalipticas\/","title":{"rendered":"2020: COVID-19 y el resurgir de las profec\u00edas apocal\u00edpticas"},"content":{"rendered":"\n<p><strong>Introducci\u00f3n:<\/strong><\/p>\n\n\n\n<p>El a\u00f1o 2020 lleg\u00f3 marcado por la inesperada pandemia de COVID-19. La crisis sanitaria global gener\u00f3 un escenario de incertidumbre y miedo, que algunos grupos religiosos interpretaron como el cumplimiento de profec\u00edas apocal\u00edpticas.<\/p>\n\n\n\n<p><strong>Las profec\u00edas del fin del mundo y el COVID-19:<\/strong><\/p>\n\n\n\n<p>Diversos grupos religiosos, con diferentes doctrinas e interpretaciones, asociaron la pandemia con el inicio del fin del mundo. Algunos se\u00f1alaban el virus como un castigo divino por los pecados de la humanidad, mientras que otros lo ve\u00edan como un evento profetizado en escrituras antiguas.<\/p>\n\n\n\n<p>Tambi\u00e9n te puede interesar: <a href=\"https:\/\/filosofiacienciacabala.com\/index.php\/2024\/02\/14\/predicciones-fin-del-mundo-2018\/\">\u00a12018: El a\u00f1o en que Nibiru no choc\u00f3 con la Tierra!<\/a><\/p>\n\n\n\n<p><strong>El impacto social:<\/strong><\/p>\n\n\n\n<p>Las profec\u00edas apocal\u00edpticas relacionadas con el COVID-19 generaron un impacto social en algunos sectores de la poblaci\u00f3n. Se intensificaron las creencias en el fin del mundo, lo que llev\u00f3 a algunos a tomar decisiones extremas, como el aislamiento social o la preparaci\u00f3n para un apocalipsis inminente.<\/p>\n\n\n\n<p><strong>Importancia del pensamiento cr\u00edtico:<\/strong><\/p>\n\n\n\n<p>Es crucial mantener un pensamiento cr\u00edtico ante las profec\u00edas apocal\u00edpticas, especialmente en momentos de crisis. Es importante verificar la informaci\u00f3n, buscar fuentes confiables y evitar la propagaci\u00f3n de rumores y creencias infundadas.<\/p>\n\n\n\n<p><strong>La respuesta cient\u00edfica y la esperanza:<\/strong><\/p>\n\n\n\n<p>La comunidad cient\u00edfica ha trabajado incansablemente para comprender, combatir y contener la pandemia de COVID-19. El desarrollo de vacunas y la implementaci\u00f3n de medidas sanitarias han demostrado ser herramientas efectivas para controlar la enfermedad.<\/p>\n\n\n\n<p><strong>Consecuencias y an\u00e1lisis:<\/strong><\/p>\n\n\n\n<p>La experiencia del COVID-19 ha puesto de relieve la necesidad de un enfoque racional y cient\u00edfico ante las crisis. Es fundamental fomentar la confianza en la ciencia y la cooperaci\u00f3n global para afrontar los desaf\u00edos del presente y del futuro.<\/p>\n\n\n\n<p>Tambi\u00e9n te puede interesar: <a href=\"https:\/\/filosofiacienciacabala.com\/index.php\/2024\/02\/14\/predicciones-fin-del-mundo-2014\/\">\u00a12014: El a\u00f1o en que Harold Camping se equivoc\u00f3 de nuevo!<\/a><\/p>\n","protected":false},"excerpt":{"rendered":"<p>Introducci\u00f3n: El a\u00f1o 2020 lleg\u00f3 marcado por la inesperada pandemia de COVID-19. La crisis sanitaria&#8230;<\/p>\n","protected":false},"author":1,"featured_media":770,"comment_status":"open","ping_status":"open","sticky":false,"template":"","format":"standard","meta":{"jetpack_publicize_message":"","jetpack_is_tweetstorm":false,"jetpack_publicize_feature_enabled":true,"jetpack_social_post_already_shared":true,"jetpack_social_options":{"image_generator_settings":{"template":"highway","enabled":false}}},"categories":[3],"tags":[],"jetpack_publicize_connections":[],"yoast_head":"<!-- This site is optimized with the Yoast SEO Premium plugin v20.5 (Yoast SEO v20.5) - https:\/\/yoast.com\/wordpress\/plugins\/seo\/ -->\n<title>2020: COVID-19 y el resurgir de las profec\u00edas apocal\u00edpticas -<\/title>\n<meta name=\"robots\" content=\"index, follow, max-snippet:-1, max-image-preview:large, max-video-preview:-1\" \/>\n<link rel=\"canonical\" href=\"https:\/\/filosofiacienciacabala.com\/index.php\/2024\/02\/14\/2020-covid-19-y-el-resurgir-de-las-profecias-apocalipticas\/\" \/>\n<meta property=\"og:locale\" content=\"es_ES\" \/>\n<meta property=\"og:type\" content=\"article\" \/>\n<meta property=\"og:title\" content=\"2020: COVID-19 y el resurgir de las profec\u00edas apocal\u00edpticas\" \/>\n<meta property=\"og:description\" content=\"Introducci\u00f3n: El a\u00f1o 2020 lleg\u00f3 marcado por la inesperada pandemia de COVID-19. La crisis sanitaria...\" \/>\n<meta property=\"og:url\" content=\"https:\/\/filosofiacienciacabala.com\/index.php\/2024\/02\/14\/2020-covid-19-y-el-resurgir-de-las-profecias-apocalipticas\/\" \/>\n<meta property=\"article:published_time\" content=\"2024-02-14T21:19:50+00:00\" \/>\n<meta property=\"article:modified_time\" content=\"2024-02-14T21:19:54+00:00\" \/>\n<meta property=\"og:image\" content=\"https:\/\/filosofiacienciacabala.com\/wp-content\/uploads\/2024\/02\/2020-COVID-19-y-el-resurgir-de-las-profecias-apocalipticas.jpg\" \/>\n\t<meta property=\"og:image:width\" content=\"768\" \/>\n\t<meta property=\"og:image:height\" content=\"318\" \/>\n\t<meta property=\"og:image:type\" content=\"image\/jpeg\" \/>\n<meta name=\"author\" content=\"edhisoft\" \/>\n<meta name=\"twitter:card\" content=\"summary_large_image\" \/>\n<meta name=\"twitter:label1\" content=\"Escrito por\" \/>\n\t<meta name=\"twitter:data1\" content=\"edhisoft\" \/>\n\t<meta name=\"twitter:label2\" content=\"Tiempo de lectura\" \/>\n\t<meta name=\"twitter:data2\" content=\"2 minutos\" \/>\n<script type=\"application\/ld+json\" class=\"yoast-schema-graph\">{\"@context\":\"https:\/\/schema.org\",\"@graph\":[{\"@type\":\"WebPage\",\"@id\":\"https:\/\/filosofiacienciacabala.com\/index.php\/2024\/02\/14\/2020-covid-19-y-el-resurgir-de-las-profecias-apocalipticas\/\",\"url\":\"https:\/\/filosofiacienciacabala.com\/index.php\/2024\/02\/14\/2020-covid-19-y-el-resurgir-de-las-profecias-apocalipticas\/\",\"name\":\"2020: COVID-19 y el resurgir de las profec\u00edas apocal\u00edpticas -\",\"isPartOf\":{\"@id\":\"https:\/\/filosofiacienciacabala.com\/#website\"},\"datePublished\":\"2024-02-14T21:19:50+00:00\",\"dateModified\":\"2024-02-14T21:19:54+00:00\",\"author\":{\"@id\":\"https:\/\/filosofiacienciacabala.com\/#\/schema\/person\/aa6e7fe0c15474fb8c239be8d535daa0\"},\"breadcrumb\":{\"@id\":\"https:\/\/filosofiacienciacabala.com\/index.php\/2024\/02\/14\/2020-covid-19-y-el-resurgir-de-las-profecias-apocalipticas\/#breadcrumb\"},\"inLanguage\":\"es\",\"potentialAction\":[{\"@type\":\"ReadAction\",\"target\":[\"https:\/\/filosofiacienciacabala.com\/index.php\/2024\/02\/14\/2020-covid-19-y-el-resurgir-de-las-profecias-apocalipticas\/\"]}]},{\"@type\":\"BreadcrumbList\",\"@id\":\"https:\/\/filosofiacienciacabala.com\/index.php\/2024\/02\/14\/2020-covid-19-y-el-resurgir-de-las-profecias-apocalipticas\/#breadcrumb\",\"itemListElement\":[{\"@type\":\"ListItem\",\"position\":1,\"name\":\"Portada\",\"item\":\"https:\/\/filosofiacienciacabala.com\/\"},{\"@type\":\"ListItem\",\"position\":2,\"name\":\"2020: COVID-19 y el resurgir de las profec\u00edas apocal\u00edpticas\"}]},{\"@type\":\"WebSite\",\"@id\":\"https:\/\/filosofiacienciacabala.com\/#website\",\"url\":\"https:\/\/filosofiacienciacabala.com\/\",\"name\":\"\",\"description\":\"\",\"potentialAction\":[{\"@type\":\"SearchAction\",\"target\":{\"@type\":\"EntryPoint\",\"urlTemplate\":\"https:\/\/filosofiacienciacabala.com\/?s={search_term_string}\"},\"query-input\":\"required name=search_term_string\"}],\"inLanguage\":\"es\"},{\"@type\":\"Person\",\"@id\":\"https:\/\/filosofiacienciacabala.com\/#\/schema\/person\/aa6e7fe0c15474fb8c239be8d535daa0\",\"name\":\"edhisoft\",\"image\":{\"@type\":\"ImageObject\",\"inLanguage\":\"es\",\"@id\":\"https:\/\/filosofiacienciacabala.com\/#\/schema\/person\/image\/\",\"url\":\"https:\/\/secure.gravatar.com\/avatar\/5864c5ece8229bc96c6e5b5fdf2594bb?s=96&d=mm&r=g\",\"contentUrl\":\"https:\/\/secure.gravatar.com\/avatar\/5864c5ece8229bc96c6e5b5fdf2594bb?s=96&d=mm&r=g\",\"caption\":\"edhisoft\"},\"sameAs\":[\"https:\/\/filosofiacienciacabala.com\"],\"url\":\"https:\/\/filosofiacienciacabala.com\/index.php\/author\/edhisoft\/\"}]}<\/script>\n<!-- \/ Yoast SEO Premium plugin. -->","yoast_head_json":{"title":"2020: COVID-19 y el resurgir de las profec\u00edas apocal\u00edpticas -","robots":{"index":"index","follow":"follow","max-snippet":"max-snippet:-1","max-image-preview":"max-image-preview:large","max-video-preview":"max-video-preview:-1"},"canonical":"https:\/\/filosofiacienciacabala.com\/index.php\/2024\/02\/14\/2020-covid-19-y-el-resurgir-de-las-profecias-apocalipticas\/","og_locale":"es_ES","og_type":"article","og_title":"2020: COVID-19 y el resurgir de las profec\u00edas apocal\u00edpticas","og_description":"Introducci\u00f3n: El a\u00f1o 2020 lleg\u00f3 marcado por la inesperada pandemia de COVID-19. La crisis sanitaria...","og_url":"https:\/\/filosofiacienciacabala.com\/index.php\/2024\/02\/14\/2020-covid-19-y-el-resurgir-de-las-profecias-apocalipticas\/","article_published_time":"2024-02-14T21:19:50+00:00","article_modified_time":"2024-02-14T21:19:54+00:00","og_image":[{"width":768,"height":318,"url":"https:\/\/filosofiacienciacabala.com\/wp-content\/uploads\/2024\/02\/2020-COVID-19-y-el-resurgir-de-las-profecias-apocalipticas.jpg","type":"image\/jpeg"}],"author":"edhisoft","twitter_card":"summary_large_image","twitter_misc":{"Escrito por":"edhisoft","Tiempo de lectura":"2 minutos"},"schema":{"@context":"https:\/\/schema.org","@graph":[{"@type":"WebPage","@id":"https:\/\/filosofiacienciacabala.com\/index.php\/2024\/02\/14\/2020-covid-19-y-el-resurgir-de-las-profecias-apocalipticas\/","url":"https:\/\/filosofiacienciacabala.com\/index.php\/2024\/02\/14\/2020-covid-19-y-el-resurgir-de-las-profecias-apocalipticas\/","name":"2020: COVID-19 y el resurgir de las profec\u00edas apocal\u00edpticas -","isPartOf":{"@id":"https:\/\/filosofiacienciacabala.com\/#website"},"datePublished":"2024-02-14T21:19:50+00:00","dateModified":"2024-02-14T21:19:54+00:00","author":{"@id":"https:\/\/filosofiacienciacabala.com\/#\/schema\/person\/aa6e7fe0c15474fb8c239be8d535daa0"},"breadcrumb":{"@id":"https:\/\/filosofiacienciacabala.com\/index.php\/2024\/02\/14\/2020-covid-19-y-el-resurgir-de-las-profecias-apocalipticas\/#breadcrumb"},"inLanguage":"es","potentialAction":[{"@type":"ReadAction","target":["https:\/\/filosofiacienciacabala.com\/index.php\/2024\/02\/14\/2020-covid-19-y-el-resurgir-de-las-profecias-apocalipticas\/"]}]},{"@type":"BreadcrumbList","@id":"https:\/\/filosofiacienciacabala.com\/index.php\/2024\/02\/14\/2020-covid-19-y-el-resurgir-de-las-profecias-apocalipticas\/#breadcrumb","itemListElement":[{"@type":"ListItem","position":1,"name":"Portada","item":"https:\/\/filosofiacienciacabala.com\/"},{"@type":"ListItem","position":2,"name":"2020: COVID-19 y el resurgir de las profec\u00edas apocal\u00edpticas"}]},{"@type":"WebSite","@id":"https:\/\/filosofiacienciacabala.com\/#website","url":"https:\/\/filosofiacienciacabala.com\/","name":"","description":"","potentialAction":[{"@type":"SearchAction","target":{"@type":"EntryPoint","urlTemplate":"https:\/\/filosofiacienciacabala.com\/?s={search_term_string}"},"query-input":"required name=search_term_string"}],"inLanguage":"es"},{"@type":"Person","@id":"https:\/\/filosofiacienciacabala.com\/#\/schema\/person\/aa6e7fe0c15474fb8c239be8d535daa0","name":"edhisoft","image":{"@type":"ImageObject","inLanguage":"es","@id":"https:\/\/filosofiacienciacabala.com\/#\/schema\/person\/image\/","url":"https:\/\/secure.gravatar.com\/avatar\/5864c5ece8229bc96c6e5b5fdf2594bb?s=96&d=mm&r=g","contentUrl":"https:\/\/secure.gravatar.com\/avatar\/5864c5ece8229bc96c6e5b5fdf2594bb?s=96&d=mm&r=g","caption":"edhisoft"},"sameAs":["https:\/\/filosofiacienciacabala.com"],"url":"https:\/\/filosofiacienciacabala.com\/index.php\/author\/edhisoft\/"}]}},"featured_image_urls":{"full":["https:\/\/filosofiacienciacabala.com\/wp-content\/uploads\/2024\/02\/2020-COVID-19-y-el-resurgir-de-las-profecias-apocalipticas.jpg",768,318,false],"thumbnail":["https:\/\/filosofiacienciacabala.com\/wp-content\/uploads\/2024\/02\/2020-COVID-19-y-el-resurgir-de-las-profecias-apocalipticas-150x150.jpg",150,150,true],"medium":["https:\/\/filosofiacienciacabala.com\/wp-content\/uploads\/2024\/02\/2020-COVID-19-y-el-resurgir-de-las-profecias-apocalipticas-300x124.jpg",300,124,true],"medium_large":["https:\/\/filosofiacienciacabala.com\/wp-content\/uploads\/2024\/02\/2020-COVID-19-y-el-resurgir-de-las-profecias-apocalipticas.jpg",640,265,false],"large":["https:\/\/filosofiacienciacabala.com\/wp-content\/uploads\/2024\/02\/2020-COVID-19-y-el-resurgir-de-las-profecias-apocalipticas.jpg",640,265,false],"1536x1536":["https:\/\/filosofiacienciacabala.com\/wp-content\/uploads\/2024\/02\/2020-COVID-19-y-el-resurgir-de-las-profecias-apocalipticas.jpg",768,318,false],"2048x2048":["https:\/\/filosofiacienciacabala.com\/wp-content\/uploads\/2024\/02\/2020-COVID-19-y-el-resurgir-de-las-profecias-apocalipticas.jpg",768,318,false],"covernews-slider-full":["https:\/\/filosofiacienciacabala.com\/wp-content\/uploads\/2024\/02\/2020-COVID-19-y-el-resurgir-de-las-profecias-apocalipticas.jpg",768,318,false],"covernews-slider-center":["https:\/\/filosofiacienciacabala.com\/wp-content\/uploads\/2024\/02\/2020-COVID-19-y-el-resurgir-de-las-profecias-apocalipticas.jpg",768,318,false],"covernews-featured":["https:\/\/filosofiacienciacabala.com\/wp-content\/uploads\/2024\/02\/2020-COVID-19-y-el-resurgir-de-las-profecias-apocalipticas.jpg",768,318,false],"covernews-medium":["https:\/\/filosofiacienciacabala.com\/wp-content\/uploads\/2024\/02\/2020-COVID-19-y-el-resurgir-de-las-profecias-apocalipticas-540x318.jpg",540,318,true],"covernews-medium-square":["https:\/\/filosofiacienciacabala.com\/wp-content\/uploads\/2024\/02\/2020-COVID-19-y-el-resurgir-de-las-profecias-apocalipticas-400x250.jpg",400,250,true],"mailpoet_newsletter_max":["https:\/\/filosofiacienciacabala.com\/wp-content\/uploads\/2024\/02\/2020-COVID-19-y-el-resurgir-de-las-profecias-apocalipticas.jpg",768,318,false]},"author_info":{"display_name":"edhisoft","author_link":"https:\/\/filosofiacienciacabala.com\/index.php\/author\/edhisoft\/"},"category_info":"<a href=\"https:\/\/filosofiacienciacabala.com\/index.php\/category\/filosofia\/\" rel=\"category tag\">Filosof\u00eda<\/a>","tag_info":"Filosof\u00eda","comment_count":"0","jetpack_featured_media_url":"https:\/\/filosofiacienciacabala.com\/wp-content\/uploads\/2024\/02\/2020-COVID-19-y-el-resurgir-de-las-profecias-apocalipticas.jpg","_links":{"self":[{"href":"https:\/\/filosofiacienciacabala.com\/index.php\/wp-json\/wp\/v2\/posts\/768"}],"collection":[{"href":"https:\/\/filosofiacienciacabala.com\/index.php\/wp-json\/wp\/v2\/posts"}],"about":[{"href":"https:\/\/filosofiacienciacabala.com\/index.php\/wp-json\/wp\/v2\/types\/post"}],"author":[{"embeddable":true,"href":"https:\/\/filosofiacienciacabala.com\/index.php\/wp-json\/wp\/v2\/users\/1"}],"replies":[{"embeddable":true,"href":"https:\/\/filosofiacienciacabala.com\/index.php\/wp-json\/wp\/v2\/comments?post=768"}],"version-history":[{"count":1,"href":"https:\/\/filosofiacienciacabala.com\/index.php\/wp-json\/wp\/v2\/posts\/768\/revisions"}],"predecessor-version":[{"id":771,"href":"https:\/\/filosofiacienciacabala.com\/index.php\/wp-json\/wp\/v2\/posts\/768\/revisions\/771"}],"wp:featuredmedia":[{"embeddable":true,"href":"https:\/\/filosofiacienciacabala.com\/index.php\/wp-json\/wp\/v2\/media\/770"}],"wp:attachment":[{"href":"https:\/\/filosofiacienciacabala.com\/index.php\/wp-json\/wp\/v2\/media?parent=768"}],"wp:term":[{"taxonomy":"category","embeddable":true,"href":"https:\/\/filosofiacienciacabala.com\/index.php\/wp-json\/wp\/v2\/categories?post=768"},{"taxonomy":"post_tag","embeddable":true,"href":"https:\/\/filosofiacienciacabala.com\/index.php\/wp-json\/wp\/v2\/tags?post=768"}],"curies":[{"name":"wp","href":"https:\/\/api.w.org\/{rel}","templated":true}]}}