{"id":764,"date":"2024-02-14T21:14:50","date_gmt":"2024-02-14T21:14:50","guid":{"rendered":"https:\/\/filosofiacienciacabala.com\/?p=764"},"modified":"2024-02-14T21:14:53","modified_gmt":"2024-02-14T21:14:53","slug":"predicciones-fin-del-mundo-2018","status":"publish","type":"post","link":"https:\/\/filosofiacienciacabala.com\/index.php\/2024\/02\/14\/predicciones-fin-del-mundo-2018\/","title":{"rendered":"\u00a12018: El a\u00f1o en que Nibiru no choc\u00f3 con la Tierra!"},"content":{"rendered":"\n<p><strong>Introducci\u00f3n:<\/strong><\/p>\n\n\n\n<p>El a\u00f1o 2018 se acercaba, y con \u00e9l, una nueva profec\u00eda apocal\u00edptica: la colisi\u00f3n del planeta Nibiru con la Tierra. El numer\u00f3logo cristiano David Meade aseguraba que este evento ocurrir\u00eda en septiembre de 2018, generando un nuevo ciclo de miedo y fascinaci\u00f3n en el mundo.<\/p>\n\n\n\n<p><strong>La profec\u00eda de David Meade:<\/strong><\/p>\n\n\n\n<p>Bas\u00e1ndose en interpretaciones pseudocient\u00edficas y numerolog\u00eda b\u00edblica, Meade anunciaba que Nibiru, un supuesto planeta gigante oculto en el Sistema Solar, colisionar\u00eda con la Tierra, provocando el fin del mundo. Sus predicciones se basaban en la alineaci\u00f3n de planetas y eventos astrol\u00f3gicos espec\u00edficos.<\/p>\n\n\n\n<p>Tambi\u00e9n te puede interesar: <a href=\"https:\/\/filosofiacienciacabala.com\/index.php\/2024\/02\/14\/predicciones-fin-del-mundo-2014\/\">\u00a12014: El a\u00f1o en que Harold Camping se equivoc\u00f3 de nuevo!<\/a><\/p>\n\n\n\n<p><strong>El impacto social:<\/strong><\/p>\n\n\n\n<p>La profec\u00eda de Nibiru gener\u00f3 un impacto social significativo, especialmente en las redes sociales. Los hashtags relacionados con el tema se volvieron virales, y mucha gente se prepar\u00f3 para el apocalipsis comprando provisiones, construyendo refugios e incluso planeando viajes a lugares remotos.<\/p>\n\n\n\n<p><strong>Septiembre de 2018 lleg\u00f3, y Nibiru no choc\u00f3 con la Tierra:<\/strong><\/p>\n\n\n\n<p>Contrario a la profec\u00eda, septiembre de 2018 transcurri\u00f3 sin ning\u00fan evento apocal\u00edptico. La no colisi\u00f3n de Nibiru con la Tierra desacredit\u00f3 a\u00fan m\u00e1s las teor\u00edas conspirativas sobre este supuesto planeta y la credibilidad de David Meade.<\/p>\n\n\n\n<p><strong>Consecuencias y an\u00e1lisis:<\/strong><\/p>\n\n\n\n<p>El fallido apocalipsis de Nibiru en 2018 dej\u00f3 importantes lecciones. Demostr\u00f3 la necesidad de un pensamiento cr\u00edtico ante las profec\u00edas apocal\u00edpticas y la importancia de no dejarse llevar por el miedo y la superstici\u00f3n. Tambi\u00e9n evidenci\u00f3 la capacidad de la humanidad para afrontar sus miedos y seguir adelante.<\/p>\n\n\n\n<p>Tambi\u00e9n te puede interesar: <a href=\"https:\/\/filosofiacienciacabala.com\/index.php\/2024\/02\/14\/predicciones-fin-del-mundo-2012\/\">\u00a12012: El a\u00f1o del fin del mundo Maya que no lleg\u00f3!<\/a><\/p>\n","protected":false},"excerpt":{"rendered":"<p>Introducci\u00f3n: El a\u00f1o 2018 se acercaba, y con \u00e9l, una nueva profec\u00eda apocal\u00edptica: la colisi\u00f3n&#8230;<\/p>\n","protected":false},"author":1,"featured_media":766,"comment_status":"open","ping_status":"open","sticky":false,"template":"","format":"standard","meta":{"jetpack_publicize_message":"","jetpack_is_tweetstorm":false,"jetpack_publicize_feature_enabled":true,"jetpack_social_post_already_shared":true,"jetpack_social_options":{"image_generator_settings":{"template":"highway","enabled":false}}},"categories":[3],"tags":[],"jetpack_publicize_connections":[],"yoast_head":"<!-- This site is optimized with the Yoast SEO Premium plugin v20.5 (Yoast SEO v20.5) - https:\/\/yoast.com\/wordpress\/plugins\/seo\/ -->\n<title>2018: El a\u00f1o en que Nibiru no choc\u00f3 con la Tierra y el mito del Planeta<\/title>\n<meta name=\"description\" content=\"Descubre la historia de la profec\u00eda del choque de Nibiru con la Tierra en 2018 y su impacto en la sociedad.\" \/>\n<meta name=\"robots\" content=\"index, follow, max-snippet:-1, max-image-preview:large, max-video-preview:-1\" \/>\n<link rel=\"canonical\" href=\"https:\/\/filosofiacienciacabala.com\/index.php\/2024\/02\/14\/predicciones-fin-del-mundo-2018\/\" \/>\n<meta property=\"og:locale\" content=\"es_ES\" \/>\n<meta property=\"og:type\" content=\"article\" \/>\n<meta property=\"og:title\" content=\"\u00a12018: El a\u00f1o en que Nibiru no choc\u00f3 con la Tierra!\" \/>\n<meta property=\"og:description\" content=\"Descubre la historia de la profec\u00eda del choque de Nibiru con la Tierra en 2018 y su impacto en la sociedad.\" \/>\n<meta property=\"og:url\" content=\"https:\/\/filosofiacienciacabala.com\/index.php\/2024\/02\/14\/predicciones-fin-del-mundo-2018\/\" \/>\n<meta property=\"article:published_time\" content=\"2024-02-14T21:14:50+00:00\" \/>\n<meta property=\"article:modified_time\" content=\"2024-02-14T21:14:53+00:00\" \/>\n<meta property=\"og:image\" content=\"https:\/\/filosofiacienciacabala.com\/wp-content\/uploads\/2024\/02\/2018-El-ano-en-que-Nibiru-no-choco-con-la-Tierra.jpg\" \/>\n\t<meta property=\"og:image:width\" content=\"768\" \/>\n\t<meta property=\"og:image:height\" content=\"318\" \/>\n\t<meta property=\"og:image:type\" content=\"image\/jpeg\" \/>\n<meta name=\"author\" content=\"edhisoft\" \/>\n<meta name=\"twitter:card\" content=\"summary_large_image\" \/>\n<meta name=\"twitter:label1\" content=\"Escrito por\" \/>\n\t<meta name=\"twitter:data1\" content=\"edhisoft\" \/>\n\t<meta name=\"twitter:label2\" content=\"Tiempo de lectura\" \/>\n\t<meta name=\"twitter:data2\" content=\"2 minutos\" \/>\n<script type=\"application\/ld+json\" class=\"yoast-schema-graph\">{\"@context\":\"https:\/\/schema.org\",\"@graph\":[{\"@type\":\"WebPage\",\"@id\":\"https:\/\/filosofiacienciacabala.com\/index.php\/2024\/02\/14\/predicciones-fin-del-mundo-2018\/\",\"url\":\"https:\/\/filosofiacienciacabala.com\/index.php\/2024\/02\/14\/predicciones-fin-del-mundo-2018\/\",\"name\":\"2018: El a\u00f1o en que Nibiru no choc\u00f3 con la Tierra y el mito del Planeta\",\"isPartOf\":{\"@id\":\"https:\/\/filosofiacienciacabala.com\/#website\"},\"datePublished\":\"2024-02-14T21:14:50+00:00\",\"dateModified\":\"2024-02-14T21:14:53+00:00\",\"author\":{\"@id\":\"https:\/\/filosofiacienciacabala.com\/#\/schema\/person\/aa6e7fe0c15474fb8c239be8d535daa0\"},\"description\":\"Descubre la historia de la profec\u00eda del choque de Nibiru con la Tierra en 2018 y su impacto en la sociedad.\",\"breadcrumb\":{\"@id\":\"https:\/\/filosofiacienciacabala.com\/index.php\/2024\/02\/14\/predicciones-fin-del-mundo-2018\/#breadcrumb\"},\"inLanguage\":\"es\",\"potentialAction\":[{\"@type\":\"ReadAction\",\"target\":[\"https:\/\/filosofiacienciacabala.com\/index.php\/2024\/02\/14\/predicciones-fin-del-mundo-2018\/\"]}]},{\"@type\":\"BreadcrumbList\",\"@id\":\"https:\/\/filosofiacienciacabala.com\/index.php\/2024\/02\/14\/predicciones-fin-del-mundo-2018\/#breadcrumb\",\"itemListElement\":[{\"@type\":\"ListItem\",\"position\":1,\"name\":\"Portada\",\"item\":\"https:\/\/filosofiacienciacabala.com\/\"},{\"@type\":\"ListItem\",\"position\":2,\"name\":\"\u00a12018: El a\u00f1o en que Nibiru no choc\u00f3 con la Tierra!\"}]},{\"@type\":\"WebSite\",\"@id\":\"https:\/\/filosofiacienciacabala.com\/#website\",\"url\":\"https:\/\/filosofiacienciacabala.com\/\",\"name\":\"\",\"description\":\"\",\"potentialAction\":[{\"@type\":\"SearchAction\",\"target\":{\"@type\":\"EntryPoint\",\"urlTemplate\":\"https:\/\/filosofiacienciacabala.com\/?s={search_term_string}\"},\"query-input\":\"required name=search_term_string\"}],\"inLanguage\":\"es\"},{\"@type\":\"Person\",\"@id\":\"https:\/\/filosofiacienciacabala.com\/#\/schema\/person\/aa6e7fe0c15474fb8c239be8d535daa0\",\"name\":\"edhisoft\",\"image\":{\"@type\":\"ImageObject\",\"inLanguage\":\"es\",\"@id\":\"https:\/\/filosofiacienciacabala.com\/#\/schema\/person\/image\/\",\"url\":\"https:\/\/secure.gravatar.com\/avatar\/5864c5ece8229bc96c6e5b5fdf2594bb?s=96&d=mm&r=g\",\"contentUrl\":\"https:\/\/secure.gravatar.com\/avatar\/5864c5ece8229bc96c6e5b5fdf2594bb?s=96&d=mm&r=g\",\"caption\":\"edhisoft\"},\"sameAs\":[\"https:\/\/filosofiacienciacabala.com\"],\"url\":\"https:\/\/filosofiacienciacabala.com\/index.php\/author\/edhisoft\/\"}]}<\/script>\n<!-- \/ Yoast SEO Premium plugin. -->","yoast_head_json":{"title":"2018: El a\u00f1o en que Nibiru no choc\u00f3 con la Tierra y el mito del Planeta","description":"Descubre la historia de la profec\u00eda del choque de Nibiru con la Tierra en 2018 y su impacto en la sociedad.","robots":{"index":"index","follow":"follow","max-snippet":"max-snippet:-1","max-image-preview":"max-image-preview:large","max-video-preview":"max-video-preview:-1"},"canonical":"https:\/\/filosofiacienciacabala.com\/index.php\/2024\/02\/14\/predicciones-fin-del-mundo-2018\/","og_locale":"es_ES","og_type":"article","og_title":"\u00a12018: El a\u00f1o en que Nibiru no choc\u00f3 con la Tierra!","og_description":"Descubre la historia de la profec\u00eda del choque de Nibiru con la Tierra en 2018 y su impacto en la sociedad.","og_url":"https:\/\/filosofiacienciacabala.com\/index.php\/2024\/02\/14\/predicciones-fin-del-mundo-2018\/","article_published_time":"2024-02-14T21:14:50+00:00","article_modified_time":"2024-02-14T21:14:53+00:00","og_image":[{"width":768,"height":318,"url":"https:\/\/filosofiacienciacabala.com\/wp-content\/uploads\/2024\/02\/2018-El-ano-en-que-Nibiru-no-choco-con-la-Tierra.jpg","type":"image\/jpeg"}],"author":"edhisoft","twitter_card":"summary_large_image","twitter_misc":{"Escrito por":"edhisoft","Tiempo de lectura":"2 minutos"},"schema":{"@context":"https:\/\/schema.org","@graph":[{"@type":"WebPage","@id":"https:\/\/filosofiacienciacabala.com\/index.php\/2024\/02\/14\/predicciones-fin-del-mundo-2018\/","url":"https:\/\/filosofiacienciacabala.com\/index.php\/2024\/02\/14\/predicciones-fin-del-mundo-2018\/","name":"2018: El a\u00f1o en que Nibiru no choc\u00f3 con la Tierra y el mito del Planeta","isPartOf":{"@id":"https:\/\/filosofiacienciacabala.com\/#website"},"datePublished":"2024-02-14T21:14:50+00:00","dateModified":"2024-02-14T21:14:53+00:00","author":{"@id":"https:\/\/filosofiacienciacabala.com\/#\/schema\/person\/aa6e7fe0c15474fb8c239be8d535daa0"},"description":"Descubre la historia de la profec\u00eda del choque de Nibiru con la Tierra en 2018 y su impacto en la sociedad.","breadcrumb":{"@id":"https:\/\/filosofiacienciacabala.com\/index.php\/2024\/02\/14\/predicciones-fin-del-mundo-2018\/#breadcrumb"},"inLanguage":"es","potentialAction":[{"@type":"ReadAction","target":["https:\/\/filosofiacienciacabala.com\/index.php\/2024\/02\/14\/predicciones-fin-del-mundo-2018\/"]}]},{"@type":"BreadcrumbList","@id":"https:\/\/filosofiacienciacabala.com\/index.php\/2024\/02\/14\/predicciones-fin-del-mundo-2018\/#breadcrumb","itemListElement":[{"@type":"ListItem","position":1,"name":"Portada","item":"https:\/\/filosofiacienciacabala.com\/"},{"@type":"ListItem","position":2,"name":"\u00a12018: El a\u00f1o en que Nibiru no choc\u00f3 con la Tierra!"}]},{"@type":"WebSite","@id":"https:\/\/filosofiacienciacabala.com\/#website","url":"https:\/\/filosofiacienciacabala.com\/","name":"","description":"","potentialAction":[{"@type":"SearchAction","target":{"@type":"EntryPoint","urlTemplate":"https:\/\/filosofiacienciacabala.com\/?s={search_term_string}"},"query-input":"required name=search_term_string"}],"inLanguage":"es"},{"@type":"Person","@id":"https:\/\/filosofiacienciacabala.com\/#\/schema\/person\/aa6e7fe0c15474fb8c239be8d535daa0","name":"edhisoft","image":{"@type":"ImageObject","inLanguage":"es","@id":"https:\/\/filosofiacienciacabala.com\/#\/schema\/person\/image\/","url":"https:\/\/secure.gravatar.com\/avatar\/5864c5ece8229bc96c6e5b5fdf2594bb?s=96&d=mm&r=g","contentUrl":"https:\/\/secure.gravatar.com\/avatar\/5864c5ece8229bc96c6e5b5fdf2594bb?s=96&d=mm&r=g","caption":"edhisoft"},"sameAs":["https:\/\/filosofiacienciacabala.com"],"url":"https:\/\/filosofiacienciacabala.com\/index.php\/author\/edhisoft\/"}]}},"featured_image_urls":{"full":["https:\/\/filosofiacienciacabala.com\/wp-content\/uploads\/2024\/02\/2018-El-ano-en-que-Nibiru-no-choco-con-la-Tierra.jpg",768,318,false],"thumbnail":["https:\/\/filosofiacienciacabala.com\/wp-content\/uploads\/2024\/02\/2018-El-ano-en-que-Nibiru-no-choco-con-la-Tierra-150x150.jpg",150,150,true],"medium":["https:\/\/filosofiacienciacabala.com\/wp-content\/uploads\/2024\/02\/2018-El-ano-en-que-Nibiru-no-choco-con-la-Tierra-300x124.jpg",300,124,true],"medium_large":["https:\/\/filosofiacienciacabala.com\/wp-content\/uploads\/2024\/02\/2018-El-ano-en-que-Nibiru-no-choco-con-la-Tierra.jpg",640,265,false],"large":["https:\/\/filosofiacienciacabala.com\/wp-content\/uploads\/2024\/02\/2018-El-ano-en-que-Nibiru-no-choco-con-la-Tierra.jpg",640,265,false],"1536x1536":["https:\/\/filosofiacienciacabala.com\/wp-content\/uploads\/2024\/02\/2018-El-ano-en-que-Nibiru-no-choco-con-la-Tierra.jpg",768,318,false],"2048x2048":["https:\/\/filosofiacienciacabala.com\/wp-content\/uploads\/2024\/02\/2018-El-ano-en-que-Nibiru-no-choco-con-la-Tierra.jpg",768,318,false],"covernews-slider-full":["https:\/\/filosofiacienciacabala.com\/wp-content\/uploads\/2024\/02\/2018-El-ano-en-que-Nibiru-no-choco-con-la-Tierra.jpg",768,318,false],"covernews-slider-center":["https:\/\/filosofiacienciacabala.com\/wp-content\/uploads\/2024\/02\/2018-El-ano-en-que-Nibiru-no-choco-con-la-Tierra.jpg",768,318,false],"covernews-featured":["https:\/\/filosofiacienciacabala.com\/wp-content\/uploads\/2024\/02\/2018-El-ano-en-que-Nibiru-no-choco-con-la-Tierra.jpg",768,318,false],"covernews-medium":["https:\/\/filosofiacienciacabala.com\/wp-content\/uploads\/2024\/02\/2018-El-ano-en-que-Nibiru-no-choco-con-la-Tierra-540x318.jpg",540,318,true],"covernews-medium-square":["https:\/\/filosofiacienciacabala.com\/wp-content\/uploads\/2024\/02\/2018-El-ano-en-que-Nibiru-no-choco-con-la-Tierra-400x250.jpg",400,250,true],"mailpoet_newsletter_max":["https:\/\/filosofiacienciacabala.com\/wp-content\/uploads\/2024\/02\/2018-El-ano-en-que-Nibiru-no-choco-con-la-Tierra.jpg",768,318,false]},"author_info":{"display_name":"edhisoft","author_link":"https:\/\/filosofiacienciacabala.com\/index.php\/author\/edhisoft\/"},"category_info":"<a href=\"https:\/\/filosofiacienciacabala.com\/index.php\/category\/filosofia\/\" rel=\"category tag\">Filosof\u00eda<\/a>","tag_info":"Filosof\u00eda","comment_count":"0","jetpack_featured_media_url":"https:\/\/filosofiacienciacabala.com\/wp-content\/uploads\/2024\/02\/2018-El-ano-en-que-Nibiru-no-choco-con-la-Tierra.jpg","_links":{"self":[{"href":"https:\/\/filosofiacienciacabala.com\/index.php\/wp-json\/wp\/v2\/posts\/764"}],"collection":[{"href":"https:\/\/filosofiacienciacabala.com\/index.php\/wp-json\/wp\/v2\/posts"}],"about":[{"href":"https:\/\/filosofiacienciacabala.com\/index.php\/wp-json\/wp\/v2\/types\/post"}],"author":[{"embeddable":true,"href":"https:\/\/filosofiacienciacabala.com\/index.php\/wp-json\/wp\/v2\/users\/1"}],"replies":[{"embeddable":true,"href":"https:\/\/filosofiacienciacabala.com\/index.php\/wp-json\/wp\/v2\/comments?post=764"}],"version-history":[{"count":1,"href":"https:\/\/filosofiacienciacabala.com\/index.php\/wp-json\/wp\/v2\/posts\/764\/revisions"}],"predecessor-version":[{"id":767,"href":"https:\/\/filosofiacienciacabala.com\/index.php\/wp-json\/wp\/v2\/posts\/764\/revisions\/767"}],"wp:featuredmedia":[{"embeddable":true,"href":"https:\/\/filosofiacienciacabala.com\/index.php\/wp-json\/wp\/v2\/media\/766"}],"wp:attachment":[{"href":"https:\/\/filosofiacienciacabala.com\/index.php\/wp-json\/wp\/v2\/media?parent=764"}],"wp:term":[{"taxonomy":"category","embeddable":true,"href":"https:\/\/filosofiacienciacabala.com\/index.php\/wp-json\/wp\/v2\/categories?post=764"},{"taxonomy":"post_tag","embeddable":true,"href":"https:\/\/filosofiacienciacabala.com\/index.php\/wp-json\/wp\/v2\/tags?post=764"}],"curies":[{"name":"wp","href":"https:\/\/api.w.org\/{rel}","templated":true}]}}