{"id":756,"date":"2024-02-14T20:53:12","date_gmt":"2024-02-14T20:53:12","guid":{"rendered":"https:\/\/filosofiacienciacabala.com\/?p=756"},"modified":"2024-02-14T20:53:15","modified_gmt":"2024-02-14T20:53:15","slug":"predicciones-fin-del-mundo-2012","status":"publish","type":"post","link":"https:\/\/filosofiacienciacabala.com\/index.php\/2024\/02\/14\/predicciones-fin-del-mundo-2012\/","title":{"rendered":"\u00a12012: El a\u00f1o del fin del mundo Maya que no lleg\u00f3!"},"content":{"rendered":"\n<p><strong>Introducci\u00f3n:<\/strong><\/p>\n\n\n\n<p>El a\u00f1o 2012 se acercaba, y con \u00e9l, una ola de fascinaci\u00f3n y temor recorri\u00f3 el mundo. La interpretaci\u00f3n del calendario Maya, que finalizaba el 21 de diciembre de 2012, gener\u00f3 la creencia de que el mundo se aproximaba a un apocalipsis o un cambio de era radical.<\/p>\n\n\n\n<p><strong>La profec\u00eda del calendario Maya:<\/strong><\/p>\n\n\n\n<p>El fin del ciclo del calendario Maya en 2012 desat\u00f3 una ola de especulaciones sobre el futuro de la humanidad. Algunos interpretaron este final como el inicio de una nueva era, mientras que otros profetizaban un cataclismo global con terremotos, inundaciones y el fin de la civilizaci\u00f3n.<\/p>\n\n\n\n<p>Tambi\u00e9n te puede interesar: <a href=\"https:\/\/filosofiacienciacabala.com\/index.php\/2024\/02\/14\/predicciones-fin-del-mundo-2000\/\">\u00a12000: El a\u00f1o del bug del milenio que no lleg\u00f3!<\/a><\/p>\n\n\n\n<p><strong>El impacto social:<\/strong><\/p>\n\n\n\n<p>El miedo al fin del mundo Maya gener\u00f3 un impacto social significativo. Se organizaron eventos y rituales para prepararse para el apocalipsis. Algunos incluso vendieron sus propiedades y se mudaron a lugares remotos, buscando refugio.<\/p>\n\n\n\n<p><strong>El 21 de diciembre de 2012 lleg\u00f3, y el mundo no se acab\u00f3:<\/strong><\/p>\n\n\n\n<p>Contrario a las profec\u00edas apocal\u00edpticas, el 21 de diciembre de 2012 amaneci\u00f3 como un d\u00eda normal. El calendario Maya simplemente marc\u00f3 el final de un ciclo y el inicio de uno nuevo. El terror apocal\u00edptico se disip\u00f3, dejando en su lugar una mezcla de alivio y reflexi\u00f3n.<\/p>\n\n\n\n<p><strong>Consecuencias y an\u00e1lisis:<\/strong><\/p>\n\n\n\n<p>El fallido apocalipsis Maya del 2012 dej\u00f3 importantes lecciones. Demostr\u00f3 la necesidad de un pensamiento cr\u00edtico ante las profec\u00edas apocal\u00edpticas y la importancia de no dejarse llevar por el miedo y la superstici\u00f3n. Tambi\u00e9n evidenci\u00f3 la capacidad de la humanidad para afrontar sus miedos y seguir adelante.<\/p>\n\n\n\n<p>Tambi\u00e9n te puede interesar: <a href=\"https:\/\/filosofiacienciacabala.com\/index.php\/2024\/02\/14\/predicciones-fin-del-mundo-1982\/\">\u00a11982: El a\u00f1o en que la guerra nuclear no lleg\u00f3!<\/a><\/p>\n","protected":false},"excerpt":{"rendered":"<p>Introducci\u00f3n: El a\u00f1o 2012 se acercaba, y con \u00e9l, una ola de fascinaci\u00f3n y temor&#8230;<\/p>\n","protected":false},"author":1,"featured_media":758,"comment_status":"open","ping_status":"open","sticky":false,"template":"","format":"standard","meta":{"jetpack_publicize_message":"","jetpack_is_tweetstorm":false,"jetpack_publicize_feature_enabled":true,"jetpack_social_post_already_shared":true,"jetpack_social_options":{"image_generator_settings":{"template":"highway","enabled":false}}},"categories":[3],"tags":[],"jetpack_publicize_connections":[],"yoast_head":"<!-- This site is optimized with the Yoast SEO Premium plugin v20.5 (Yoast SEO v20.5) - https:\/\/yoast.com\/wordpress\/plugins\/seo\/ -->\n<title>2012: El fin del mundo Maya que no lleg\u00f3 y el cambio de era<\/title>\n<meta name=\"description\" content=\"Descubre la historia del fin del mundo Maya, la profec\u00eda del calendario de Chichen Itza y su impacto en la sociedad.\" \/>\n<meta name=\"robots\" content=\"index, follow, max-snippet:-1, max-image-preview:large, max-video-preview:-1\" \/>\n<link rel=\"canonical\" href=\"https:\/\/filosofiacienciacabala.com\/index.php\/2024\/02\/14\/predicciones-fin-del-mundo-2012\/\" \/>\n<meta property=\"og:locale\" content=\"es_ES\" \/>\n<meta property=\"og:type\" content=\"article\" \/>\n<meta property=\"og:title\" content=\"\u00a12012: El a\u00f1o del fin del mundo Maya que no lleg\u00f3!\" \/>\n<meta property=\"og:description\" content=\"Descubre la historia del fin del mundo Maya, la profec\u00eda del calendario de Chichen Itza y su impacto en la sociedad.\" \/>\n<meta property=\"og:url\" content=\"https:\/\/filosofiacienciacabala.com\/index.php\/2024\/02\/14\/predicciones-fin-del-mundo-2012\/\" \/>\n<meta property=\"article:published_time\" content=\"2024-02-14T20:53:12+00:00\" \/>\n<meta property=\"article:modified_time\" content=\"2024-02-14T20:53:15+00:00\" \/>\n<meta property=\"og:image\" content=\"https:\/\/filosofiacienciacabala.com\/wp-content\/uploads\/2024\/02\/2012-El-ano-del-fin-del-mundo-Maya-que-no-llego.jpg\" \/>\n\t<meta property=\"og:image:width\" content=\"768\" \/>\n\t<meta property=\"og:image:height\" content=\"318\" \/>\n\t<meta property=\"og:image:type\" content=\"image\/jpeg\" \/>\n<meta name=\"author\" content=\"edhisoft\" \/>\n<meta name=\"twitter:card\" content=\"summary_large_image\" \/>\n<meta name=\"twitter:label1\" content=\"Escrito por\" \/>\n\t<meta name=\"twitter:data1\" content=\"edhisoft\" \/>\n\t<meta name=\"twitter:label2\" content=\"Tiempo de lectura\" \/>\n\t<meta name=\"twitter:data2\" content=\"2 minutos\" \/>\n<script type=\"application\/ld+json\" class=\"yoast-schema-graph\">{\"@context\":\"https:\/\/schema.org\",\"@graph\":[{\"@type\":\"WebPage\",\"@id\":\"https:\/\/filosofiacienciacabala.com\/index.php\/2024\/02\/14\/predicciones-fin-del-mundo-2012\/\",\"url\":\"https:\/\/filosofiacienciacabala.com\/index.php\/2024\/02\/14\/predicciones-fin-del-mundo-2012\/\",\"name\":\"2012: El fin del mundo Maya que no lleg\u00f3 y el cambio de era\",\"isPartOf\":{\"@id\":\"https:\/\/filosofiacienciacabala.com\/#website\"},\"datePublished\":\"2024-02-14T20:53:12+00:00\",\"dateModified\":\"2024-02-14T20:53:15+00:00\",\"author\":{\"@id\":\"https:\/\/filosofiacienciacabala.com\/#\/schema\/person\/aa6e7fe0c15474fb8c239be8d535daa0\"},\"description\":\"Descubre la historia del fin del mundo Maya, la profec\u00eda del calendario de Chichen Itza y su impacto en la sociedad.\",\"breadcrumb\":{\"@id\":\"https:\/\/filosofiacienciacabala.com\/index.php\/2024\/02\/14\/predicciones-fin-del-mundo-2012\/#breadcrumb\"},\"inLanguage\":\"es\",\"potentialAction\":[{\"@type\":\"ReadAction\",\"target\":[\"https:\/\/filosofiacienciacabala.com\/index.php\/2024\/02\/14\/predicciones-fin-del-mundo-2012\/\"]}]},{\"@type\":\"BreadcrumbList\",\"@id\":\"https:\/\/filosofiacienciacabala.com\/index.php\/2024\/02\/14\/predicciones-fin-del-mundo-2012\/#breadcrumb\",\"itemListElement\":[{\"@type\":\"ListItem\",\"position\":1,\"name\":\"Portada\",\"item\":\"https:\/\/filosofiacienciacabala.com\/\"},{\"@type\":\"ListItem\",\"position\":2,\"name\":\"\u00a12012: El a\u00f1o del fin del mundo Maya que no lleg\u00f3!\"}]},{\"@type\":\"WebSite\",\"@id\":\"https:\/\/filosofiacienciacabala.com\/#website\",\"url\":\"https:\/\/filosofiacienciacabala.com\/\",\"name\":\"\",\"description\":\"\",\"potentialAction\":[{\"@type\":\"SearchAction\",\"target\":{\"@type\":\"EntryPoint\",\"urlTemplate\":\"https:\/\/filosofiacienciacabala.com\/?s={search_term_string}\"},\"query-input\":\"required name=search_term_string\"}],\"inLanguage\":\"es\"},{\"@type\":\"Person\",\"@id\":\"https:\/\/filosofiacienciacabala.com\/#\/schema\/person\/aa6e7fe0c15474fb8c239be8d535daa0\",\"name\":\"edhisoft\",\"image\":{\"@type\":\"ImageObject\",\"inLanguage\":\"es\",\"@id\":\"https:\/\/filosofiacienciacabala.com\/#\/schema\/person\/image\/\",\"url\":\"https:\/\/secure.gravatar.com\/avatar\/5864c5ece8229bc96c6e5b5fdf2594bb?s=96&d=mm&r=g\",\"contentUrl\":\"https:\/\/secure.gravatar.com\/avatar\/5864c5ece8229bc96c6e5b5fdf2594bb?s=96&d=mm&r=g\",\"caption\":\"edhisoft\"},\"sameAs\":[\"https:\/\/filosofiacienciacabala.com\"],\"url\":\"https:\/\/filosofiacienciacabala.com\/index.php\/author\/edhisoft\/\"}]}<\/script>\n<!-- \/ Yoast SEO Premium plugin. -->","yoast_head_json":{"title":"2012: El fin del mundo Maya que no lleg\u00f3 y el cambio de era","description":"Descubre la historia del fin del mundo Maya, la profec\u00eda del calendario de Chichen Itza y su impacto en la sociedad.","robots":{"index":"index","follow":"follow","max-snippet":"max-snippet:-1","max-image-preview":"max-image-preview:large","max-video-preview":"max-video-preview:-1"},"canonical":"https:\/\/filosofiacienciacabala.com\/index.php\/2024\/02\/14\/predicciones-fin-del-mundo-2012\/","og_locale":"es_ES","og_type":"article","og_title":"\u00a12012: El a\u00f1o del fin del mundo Maya que no lleg\u00f3!","og_description":"Descubre la historia del fin del mundo Maya, la profec\u00eda del calendario de Chichen Itza y su impacto en la sociedad.","og_url":"https:\/\/filosofiacienciacabala.com\/index.php\/2024\/02\/14\/predicciones-fin-del-mundo-2012\/","article_published_time":"2024-02-14T20:53:12+00:00","article_modified_time":"2024-02-14T20:53:15+00:00","og_image":[{"width":768,"height":318,"url":"https:\/\/filosofiacienciacabala.com\/wp-content\/uploads\/2024\/02\/2012-El-ano-del-fin-del-mundo-Maya-que-no-llego.jpg","type":"image\/jpeg"}],"author":"edhisoft","twitter_card":"summary_large_image","twitter_misc":{"Escrito por":"edhisoft","Tiempo de lectura":"2 minutos"},"schema":{"@context":"https:\/\/schema.org","@graph":[{"@type":"WebPage","@id":"https:\/\/filosofiacienciacabala.com\/index.php\/2024\/02\/14\/predicciones-fin-del-mundo-2012\/","url":"https:\/\/filosofiacienciacabala.com\/index.php\/2024\/02\/14\/predicciones-fin-del-mundo-2012\/","name":"2012: El fin del mundo Maya que no lleg\u00f3 y el cambio de era","isPartOf":{"@id":"https:\/\/filosofiacienciacabala.com\/#website"},"datePublished":"2024-02-14T20:53:12+00:00","dateModified":"2024-02-14T20:53:15+00:00","author":{"@id":"https:\/\/filosofiacienciacabala.com\/#\/schema\/person\/aa6e7fe0c15474fb8c239be8d535daa0"},"description":"Descubre la historia del fin del mundo Maya, la profec\u00eda del calendario de Chichen Itza y su impacto en la sociedad.","breadcrumb":{"@id":"https:\/\/filosofiacienciacabala.com\/index.php\/2024\/02\/14\/predicciones-fin-del-mundo-2012\/#breadcrumb"},"inLanguage":"es","potentialAction":[{"@type":"ReadAction","target":["https:\/\/filosofiacienciacabala.com\/index.php\/2024\/02\/14\/predicciones-fin-del-mundo-2012\/"]}]},{"@type":"BreadcrumbList","@id":"https:\/\/filosofiacienciacabala.com\/index.php\/2024\/02\/14\/predicciones-fin-del-mundo-2012\/#breadcrumb","itemListElement":[{"@type":"ListItem","position":1,"name":"Portada","item":"https:\/\/filosofiacienciacabala.com\/"},{"@type":"ListItem","position":2,"name":"\u00a12012: El a\u00f1o del fin del mundo Maya que no lleg\u00f3!"}]},{"@type":"WebSite","@id":"https:\/\/filosofiacienciacabala.com\/#website","url":"https:\/\/filosofiacienciacabala.com\/","name":"","description":"","potentialAction":[{"@type":"SearchAction","target":{"@type":"EntryPoint","urlTemplate":"https:\/\/filosofiacienciacabala.com\/?s={search_term_string}"},"query-input":"required name=search_term_string"}],"inLanguage":"es"},{"@type":"Person","@id":"https:\/\/filosofiacienciacabala.com\/#\/schema\/person\/aa6e7fe0c15474fb8c239be8d535daa0","name":"edhisoft","image":{"@type":"ImageObject","inLanguage":"es","@id":"https:\/\/filosofiacienciacabala.com\/#\/schema\/person\/image\/","url":"https:\/\/secure.gravatar.com\/avatar\/5864c5ece8229bc96c6e5b5fdf2594bb?s=96&d=mm&r=g","contentUrl":"https:\/\/secure.gravatar.com\/avatar\/5864c5ece8229bc96c6e5b5fdf2594bb?s=96&d=mm&r=g","caption":"edhisoft"},"sameAs":["https:\/\/filosofiacienciacabala.com"],"url":"https:\/\/filosofiacienciacabala.com\/index.php\/author\/edhisoft\/"}]}},"featured_image_urls":{"full":["https:\/\/filosofiacienciacabala.com\/wp-content\/uploads\/2024\/02\/2012-El-ano-del-fin-del-mundo-Maya-que-no-llego.jpg",768,318,false],"thumbnail":["https:\/\/filosofiacienciacabala.com\/wp-content\/uploads\/2024\/02\/2012-El-ano-del-fin-del-mundo-Maya-que-no-llego-150x150.jpg",150,150,true],"medium":["https:\/\/filosofiacienciacabala.com\/wp-content\/uploads\/2024\/02\/2012-El-ano-del-fin-del-mundo-Maya-que-no-llego-300x124.jpg",300,124,true],"medium_large":["https:\/\/filosofiacienciacabala.com\/wp-content\/uploads\/2024\/02\/2012-El-ano-del-fin-del-mundo-Maya-que-no-llego.jpg",640,265,false],"large":["https:\/\/filosofiacienciacabala.com\/wp-content\/uploads\/2024\/02\/2012-El-ano-del-fin-del-mundo-Maya-que-no-llego.jpg",640,265,false],"1536x1536":["https:\/\/filosofiacienciacabala.com\/wp-content\/uploads\/2024\/02\/2012-El-ano-del-fin-del-mundo-Maya-que-no-llego.jpg",768,318,false],"2048x2048":["https:\/\/filosofiacienciacabala.com\/wp-content\/uploads\/2024\/02\/2012-El-ano-del-fin-del-mundo-Maya-que-no-llego.jpg",768,318,false],"covernews-slider-full":["https:\/\/filosofiacienciacabala.com\/wp-content\/uploads\/2024\/02\/2012-El-ano-del-fin-del-mundo-Maya-que-no-llego.jpg",768,318,false],"covernews-slider-center":["https:\/\/filosofiacienciacabala.com\/wp-content\/uploads\/2024\/02\/2012-El-ano-del-fin-del-mundo-Maya-que-no-llego.jpg",768,318,false],"covernews-featured":["https:\/\/filosofiacienciacabala.com\/wp-content\/uploads\/2024\/02\/2012-El-ano-del-fin-del-mundo-Maya-que-no-llego.jpg",768,318,false],"covernews-medium":["https:\/\/filosofiacienciacabala.com\/wp-content\/uploads\/2024\/02\/2012-El-ano-del-fin-del-mundo-Maya-que-no-llego-540x318.jpg",540,318,true],"covernews-medium-square":["https:\/\/filosofiacienciacabala.com\/wp-content\/uploads\/2024\/02\/2012-El-ano-del-fin-del-mundo-Maya-que-no-llego-400x250.jpg",400,250,true],"mailpoet_newsletter_max":["https:\/\/filosofiacienciacabala.com\/wp-content\/uploads\/2024\/02\/2012-El-ano-del-fin-del-mundo-Maya-que-no-llego.jpg",768,318,false]},"author_info":{"display_name":"edhisoft","author_link":"https:\/\/filosofiacienciacabala.com\/index.php\/author\/edhisoft\/"},"category_info":"<a href=\"https:\/\/filosofiacienciacabala.com\/index.php\/category\/filosofia\/\" rel=\"category tag\">Filosof\u00eda<\/a>","tag_info":"Filosof\u00eda","comment_count":"0","jetpack_featured_media_url":"https:\/\/filosofiacienciacabala.com\/wp-content\/uploads\/2024\/02\/2012-El-ano-del-fin-del-mundo-Maya-que-no-llego.jpg","_links":{"self":[{"href":"https:\/\/filosofiacienciacabala.com\/index.php\/wp-json\/wp\/v2\/posts\/756"}],"collection":[{"href":"https:\/\/filosofiacienciacabala.com\/index.php\/wp-json\/wp\/v2\/posts"}],"about":[{"href":"https:\/\/filosofiacienciacabala.com\/index.php\/wp-json\/wp\/v2\/types\/post"}],"author":[{"embeddable":true,"href":"https:\/\/filosofiacienciacabala.com\/index.php\/wp-json\/wp\/v2\/users\/1"}],"replies":[{"embeddable":true,"href":"https:\/\/filosofiacienciacabala.com\/index.php\/wp-json\/wp\/v2\/comments?post=756"}],"version-history":[{"count":1,"href":"https:\/\/filosofiacienciacabala.com\/index.php\/wp-json\/wp\/v2\/posts\/756\/revisions"}],"predecessor-version":[{"id":759,"href":"https:\/\/filosofiacienciacabala.com\/index.php\/wp-json\/wp\/v2\/posts\/756\/revisions\/759"}],"wp:featuredmedia":[{"embeddable":true,"href":"https:\/\/filosofiacienciacabala.com\/index.php\/wp-json\/wp\/v2\/media\/758"}],"wp:attachment":[{"href":"https:\/\/filosofiacienciacabala.com\/index.php\/wp-json\/wp\/v2\/media?parent=756"}],"wp:term":[{"taxonomy":"category","embeddable":true,"href":"https:\/\/filosofiacienciacabala.com\/index.php\/wp-json\/wp\/v2\/categories?post=756"},{"taxonomy":"post_tag","embeddable":true,"href":"https:\/\/filosofiacienciacabala.com\/index.php\/wp-json\/wp\/v2\/tags?post=756"}],"curies":[{"name":"wp","href":"https:\/\/api.w.org\/{rel}","templated":true}]}}