{"id":736,"date":"2024-02-14T19:34:16","date_gmt":"2024-02-14T19:34:16","guid":{"rendered":"https:\/\/filosofiacienciacabala.com\/?p=736"},"modified":"2024-02-14T19:34:28","modified_gmt":"2024-02-14T19:34:28","slug":"predicciones-fin-del-mundo-1666","status":"publish","type":"post","link":"https:\/\/filosofiacienciacabala.com\/index.php\/2024\/02\/14\/predicciones-fin-del-mundo-1666\/","title":{"rendered":"\u00a11666: El a\u00f1o del diablo que no lleg\u00f3!"},"content":{"rendered":"\n<p><strong>Introducci\u00f3n:<\/strong><\/p>\n\n\n\n<p>El a\u00f1o 1666 d.C. se acercaba, y con \u00e9l, un nuevo escalofr\u00edo recorri\u00f3 la Europa medieval. El n\u00famero 666, asociado con el diablo en el Apocalipsis de San Juan, se convert\u00eda en el centro de profec\u00edas apocal\u00edpticas que anunciaban el fin del mundo.<\/p>\n\n\n\n<p><strong>El n\u00famero 666 y las profec\u00edas:<\/strong><\/p>\n\n\n\n<p>El Apocalipsis de San Juan menciona un \u00abn\u00famero de la bestia\u00bb asociado con el Anticristo: 666. Algunos interpretaron este n\u00famero como una se\u00f1al del fin del mundo, profetizando que el a\u00f1o 1666 (la suma de 666) marcar\u00eda el regreso del diablo y la destrucci\u00f3n de la Tierra.<\/p>\n\n\n\n<p><strong>El impacto social:<\/strong><\/p>\n\n\n\n<p>El miedo al a\u00f1o 1666 se apoder\u00f3 de la sociedad. Muchos creyentes se encerraron en sus casas, esperando el fin. Algunos incluso se flagelaban y realizaban actos extremos de penitencia para evitar la condenaci\u00f3n.<\/p>\n\n\n\n<p><strong>El 1666 lleg\u00f3, y el diablo no lleg\u00f3:<\/strong><\/p>\n\n\n\n<p>Contrario a las profec\u00edas, el a\u00f1o 1666 transcurri\u00f3 sin eventos apocal\u00edpticos. El terror se disip\u00f3 gradualmente, dando paso a una ola de burlas hacia las creencias supersticiosas.<\/p>\n\n\n\n<p><strong>Consecuencias y an\u00e1lisis:<\/strong><\/p>\n\n\n\n<p>El fallido apocalipsis del a\u00f1o 1666 dej\u00f3 importantes lecciones. Demostr\u00f3 la necesidad de un pensamiento cr\u00edtico ante las profec\u00edas apocal\u00edpticas y la importancia de no dejarse llevar por el miedo y la superstici\u00f3n.<\/p>\n\n\n\n<p>Te puede interesar: <a href=\"https:\/\/filosofiacienciacabala.com\/index.php\/2024\/02\/14\/predicciones-fin-del-mundo-1000\/\">El a\u00f1o 1000: El apocalipsis que no lleg\u00f3 y las profec\u00edas que fallaron<\/a><\/p>\n","protected":false},"excerpt":{"rendered":"<p>Introducci\u00f3n: El a\u00f1o 1666 d.C. se acercaba, y con \u00e9l, un nuevo escalofr\u00edo recorri\u00f3 la&#8230;<\/p>\n","protected":false},"author":1,"featured_media":738,"comment_status":"open","ping_status":"open","sticky":false,"template":"","format":"standard","meta":{"jetpack_publicize_message":"","jetpack_is_tweetstorm":false,"jetpack_publicize_feature_enabled":true,"jetpack_social_post_already_shared":true,"jetpack_social_options":{"image_generator_settings":{"template":"highway","enabled":false}}},"categories":[3],"tags":[],"jetpack_publicize_connections":[],"yoast_head":"<!-- This site is optimized with the Yoast SEO Premium plugin v20.5 (Yoast SEO v20.5) - https:\/\/yoast.com\/wordpress\/plugins\/seo\/ -->\n<title>1666: El a\u00f1o del diablo que no lleg\u00f3 y el n\u00famero 666<\/title>\n<meta name=\"description\" content=\"Descubre la historia del a\u00f1o 666 y su asociaci\u00f3n con el diablo, las profec\u00edas del fin del mundo para 1666 y su impacto en la sociedad.\" \/>\n<meta name=\"robots\" content=\"index, follow, max-snippet:-1, max-image-preview:large, max-video-preview:-1\" \/>\n<link rel=\"canonical\" href=\"https:\/\/filosofiacienciacabala.com\/index.php\/2024\/02\/14\/predicciones-fin-del-mundo-1666\/\" \/>\n<meta property=\"og:locale\" content=\"es_ES\" \/>\n<meta property=\"og:type\" content=\"article\" \/>\n<meta property=\"og:title\" content=\"\u00a11666: El a\u00f1o del diablo que no lleg\u00f3!\" \/>\n<meta property=\"og:description\" content=\"Descubre la historia del a\u00f1o 666 y su asociaci\u00f3n con el diablo, las profec\u00edas del fin del mundo para 1666 y su impacto en la sociedad.\" \/>\n<meta property=\"og:url\" content=\"https:\/\/filosofiacienciacabala.com\/index.php\/2024\/02\/14\/predicciones-fin-del-mundo-1666\/\" \/>\n<meta property=\"article:published_time\" content=\"2024-02-14T19:34:16+00:00\" \/>\n<meta property=\"article:modified_time\" content=\"2024-02-14T19:34:28+00:00\" \/>\n<meta property=\"og:image\" content=\"https:\/\/filosofiacienciacabala.com\/wp-content\/uploads\/2024\/02\/1666-El-ano-del-diablo-que-no-llego.jpg\" \/>\n\t<meta property=\"og:image:width\" content=\"768\" \/>\n\t<meta property=\"og:image:height\" content=\"318\" \/>\n\t<meta property=\"og:image:type\" content=\"image\/jpeg\" \/>\n<meta name=\"author\" content=\"edhisoft\" \/>\n<meta name=\"twitter:card\" content=\"summary_large_image\" \/>\n<meta name=\"twitter:label1\" content=\"Escrito por\" \/>\n\t<meta name=\"twitter:data1\" content=\"edhisoft\" \/>\n\t<meta name=\"twitter:label2\" content=\"Tiempo de lectura\" \/>\n\t<meta name=\"twitter:data2\" content=\"2 minutos\" \/>\n<script type=\"application\/ld+json\" class=\"yoast-schema-graph\">{\"@context\":\"https:\/\/schema.org\",\"@graph\":[{\"@type\":\"WebPage\",\"@id\":\"https:\/\/filosofiacienciacabala.com\/index.php\/2024\/02\/14\/predicciones-fin-del-mundo-1666\/\",\"url\":\"https:\/\/filosofiacienciacabala.com\/index.php\/2024\/02\/14\/predicciones-fin-del-mundo-1666\/\",\"name\":\"1666: El a\u00f1o del diablo que no lleg\u00f3 y el n\u00famero 666\",\"isPartOf\":{\"@id\":\"https:\/\/filosofiacienciacabala.com\/#website\"},\"datePublished\":\"2024-02-14T19:34:16+00:00\",\"dateModified\":\"2024-02-14T19:34:28+00:00\",\"author\":{\"@id\":\"https:\/\/filosofiacienciacabala.com\/#\/schema\/person\/aa6e7fe0c15474fb8c239be8d535daa0\"},\"description\":\"Descubre la historia del a\u00f1o 666 y su asociaci\u00f3n con el diablo, las profec\u00edas del fin del mundo para 1666 y su impacto en la sociedad.\",\"breadcrumb\":{\"@id\":\"https:\/\/filosofiacienciacabala.com\/index.php\/2024\/02\/14\/predicciones-fin-del-mundo-1666\/#breadcrumb\"},\"inLanguage\":\"es\",\"potentialAction\":[{\"@type\":\"ReadAction\",\"target\":[\"https:\/\/filosofiacienciacabala.com\/index.php\/2024\/02\/14\/predicciones-fin-del-mundo-1666\/\"]}]},{\"@type\":\"BreadcrumbList\",\"@id\":\"https:\/\/filosofiacienciacabala.com\/index.php\/2024\/02\/14\/predicciones-fin-del-mundo-1666\/#breadcrumb\",\"itemListElement\":[{\"@type\":\"ListItem\",\"position\":1,\"name\":\"Portada\",\"item\":\"https:\/\/filosofiacienciacabala.com\/\"},{\"@type\":\"ListItem\",\"position\":2,\"name\":\"\u00a11666: El a\u00f1o del diablo que no lleg\u00f3!\"}]},{\"@type\":\"WebSite\",\"@id\":\"https:\/\/filosofiacienciacabala.com\/#website\",\"url\":\"https:\/\/filosofiacienciacabala.com\/\",\"name\":\"\",\"description\":\"\",\"potentialAction\":[{\"@type\":\"SearchAction\",\"target\":{\"@type\":\"EntryPoint\",\"urlTemplate\":\"https:\/\/filosofiacienciacabala.com\/?s={search_term_string}\"},\"query-input\":\"required name=search_term_string\"}],\"inLanguage\":\"es\"},{\"@type\":\"Person\",\"@id\":\"https:\/\/filosofiacienciacabala.com\/#\/schema\/person\/aa6e7fe0c15474fb8c239be8d535daa0\",\"name\":\"edhisoft\",\"image\":{\"@type\":\"ImageObject\",\"inLanguage\":\"es\",\"@id\":\"https:\/\/filosofiacienciacabala.com\/#\/schema\/person\/image\/\",\"url\":\"https:\/\/secure.gravatar.com\/avatar\/5864c5ece8229bc96c6e5b5fdf2594bb?s=96&d=mm&r=g\",\"contentUrl\":\"https:\/\/secure.gravatar.com\/avatar\/5864c5ece8229bc96c6e5b5fdf2594bb?s=96&d=mm&r=g\",\"caption\":\"edhisoft\"},\"sameAs\":[\"https:\/\/filosofiacienciacabala.com\"],\"url\":\"https:\/\/filosofiacienciacabala.com\/index.php\/author\/edhisoft\/\"}]}<\/script>\n<!-- \/ Yoast SEO Premium plugin. -->","yoast_head_json":{"title":"1666: El a\u00f1o del diablo que no lleg\u00f3 y el n\u00famero 666","description":"Descubre la historia del a\u00f1o 666 y su asociaci\u00f3n con el diablo, las profec\u00edas del fin del mundo para 1666 y su impacto en la sociedad.","robots":{"index":"index","follow":"follow","max-snippet":"max-snippet:-1","max-image-preview":"max-image-preview:large","max-video-preview":"max-video-preview:-1"},"canonical":"https:\/\/filosofiacienciacabala.com\/index.php\/2024\/02\/14\/predicciones-fin-del-mundo-1666\/","og_locale":"es_ES","og_type":"article","og_title":"\u00a11666: El a\u00f1o del diablo que no lleg\u00f3!","og_description":"Descubre la historia del a\u00f1o 666 y su asociaci\u00f3n con el diablo, las profec\u00edas del fin del mundo para 1666 y su impacto en la sociedad.","og_url":"https:\/\/filosofiacienciacabala.com\/index.php\/2024\/02\/14\/predicciones-fin-del-mundo-1666\/","article_published_time":"2024-02-14T19:34:16+00:00","article_modified_time":"2024-02-14T19:34:28+00:00","og_image":[{"width":768,"height":318,"url":"https:\/\/filosofiacienciacabala.com\/wp-content\/uploads\/2024\/02\/1666-El-ano-del-diablo-que-no-llego.jpg","type":"image\/jpeg"}],"author":"edhisoft","twitter_card":"summary_large_image","twitter_misc":{"Escrito por":"edhisoft","Tiempo de lectura":"2 minutos"},"schema":{"@context":"https:\/\/schema.org","@graph":[{"@type":"WebPage","@id":"https:\/\/filosofiacienciacabala.com\/index.php\/2024\/02\/14\/predicciones-fin-del-mundo-1666\/","url":"https:\/\/filosofiacienciacabala.com\/index.php\/2024\/02\/14\/predicciones-fin-del-mundo-1666\/","name":"1666: El a\u00f1o del diablo que no lleg\u00f3 y el n\u00famero 666","isPartOf":{"@id":"https:\/\/filosofiacienciacabala.com\/#website"},"datePublished":"2024-02-14T19:34:16+00:00","dateModified":"2024-02-14T19:34:28+00:00","author":{"@id":"https:\/\/filosofiacienciacabala.com\/#\/schema\/person\/aa6e7fe0c15474fb8c239be8d535daa0"},"description":"Descubre la historia del a\u00f1o 666 y su asociaci\u00f3n con el diablo, las profec\u00edas del fin del mundo para 1666 y su impacto en la sociedad.","breadcrumb":{"@id":"https:\/\/filosofiacienciacabala.com\/index.php\/2024\/02\/14\/predicciones-fin-del-mundo-1666\/#breadcrumb"},"inLanguage":"es","potentialAction":[{"@type":"ReadAction","target":["https:\/\/filosofiacienciacabala.com\/index.php\/2024\/02\/14\/predicciones-fin-del-mundo-1666\/"]}]},{"@type":"BreadcrumbList","@id":"https:\/\/filosofiacienciacabala.com\/index.php\/2024\/02\/14\/predicciones-fin-del-mundo-1666\/#breadcrumb","itemListElement":[{"@type":"ListItem","position":1,"name":"Portada","item":"https:\/\/filosofiacienciacabala.com\/"},{"@type":"ListItem","position":2,"name":"\u00a11666: El a\u00f1o del diablo que no lleg\u00f3!"}]},{"@type":"WebSite","@id":"https:\/\/filosofiacienciacabala.com\/#website","url":"https:\/\/filosofiacienciacabala.com\/","name":"","description":"","potentialAction":[{"@type":"SearchAction","target":{"@type":"EntryPoint","urlTemplate":"https:\/\/filosofiacienciacabala.com\/?s={search_term_string}"},"query-input":"required name=search_term_string"}],"inLanguage":"es"},{"@type":"Person","@id":"https:\/\/filosofiacienciacabala.com\/#\/schema\/person\/aa6e7fe0c15474fb8c239be8d535daa0","name":"edhisoft","image":{"@type":"ImageObject","inLanguage":"es","@id":"https:\/\/filosofiacienciacabala.com\/#\/schema\/person\/image\/","url":"https:\/\/secure.gravatar.com\/avatar\/5864c5ece8229bc96c6e5b5fdf2594bb?s=96&d=mm&r=g","contentUrl":"https:\/\/secure.gravatar.com\/avatar\/5864c5ece8229bc96c6e5b5fdf2594bb?s=96&d=mm&r=g","caption":"edhisoft"},"sameAs":["https:\/\/filosofiacienciacabala.com"],"url":"https:\/\/filosofiacienciacabala.com\/index.php\/author\/edhisoft\/"}]}},"featured_image_urls":{"full":["https:\/\/filosofiacienciacabala.com\/wp-content\/uploads\/2024\/02\/1666-El-ano-del-diablo-que-no-llego.jpg",768,318,false],"thumbnail":["https:\/\/filosofiacienciacabala.com\/wp-content\/uploads\/2024\/02\/1666-El-ano-del-diablo-que-no-llego-150x150.jpg",150,150,true],"medium":["https:\/\/filosofiacienciacabala.com\/wp-content\/uploads\/2024\/02\/1666-El-ano-del-diablo-que-no-llego-300x124.jpg",300,124,true],"medium_large":["https:\/\/filosofiacienciacabala.com\/wp-content\/uploads\/2024\/02\/1666-El-ano-del-diablo-que-no-llego.jpg",640,265,false],"large":["https:\/\/filosofiacienciacabala.com\/wp-content\/uploads\/2024\/02\/1666-El-ano-del-diablo-que-no-llego.jpg",640,265,false],"1536x1536":["https:\/\/filosofiacienciacabala.com\/wp-content\/uploads\/2024\/02\/1666-El-ano-del-diablo-que-no-llego.jpg",768,318,false],"2048x2048":["https:\/\/filosofiacienciacabala.com\/wp-content\/uploads\/2024\/02\/1666-El-ano-del-diablo-que-no-llego.jpg",768,318,false],"covernews-slider-full":["https:\/\/filosofiacienciacabala.com\/wp-content\/uploads\/2024\/02\/1666-El-ano-del-diablo-que-no-llego.jpg",768,318,false],"covernews-slider-center":["https:\/\/filosofiacienciacabala.com\/wp-content\/uploads\/2024\/02\/1666-El-ano-del-diablo-que-no-llego.jpg",768,318,false],"covernews-featured":["https:\/\/filosofiacienciacabala.com\/wp-content\/uploads\/2024\/02\/1666-El-ano-del-diablo-que-no-llego.jpg",768,318,false],"covernews-medium":["https:\/\/filosofiacienciacabala.com\/wp-content\/uploads\/2024\/02\/1666-El-ano-del-diablo-que-no-llego-540x318.jpg",540,318,true],"covernews-medium-square":["https:\/\/filosofiacienciacabala.com\/wp-content\/uploads\/2024\/02\/1666-El-ano-del-diablo-que-no-llego-400x250.jpg",400,250,true],"mailpoet_newsletter_max":["https:\/\/filosofiacienciacabala.com\/wp-content\/uploads\/2024\/02\/1666-El-ano-del-diablo-que-no-llego.jpg",768,318,false]},"author_info":{"display_name":"edhisoft","author_link":"https:\/\/filosofiacienciacabala.com\/index.php\/author\/edhisoft\/"},"category_info":"<a href=\"https:\/\/filosofiacienciacabala.com\/index.php\/category\/filosofia\/\" rel=\"category tag\">Filosof\u00eda<\/a>","tag_info":"Filosof\u00eda","comment_count":"0","jetpack_featured_media_url":"https:\/\/filosofiacienciacabala.com\/wp-content\/uploads\/2024\/02\/1666-El-ano-del-diablo-que-no-llego.jpg","_links":{"self":[{"href":"https:\/\/filosofiacienciacabala.com\/index.php\/wp-json\/wp\/v2\/posts\/736"}],"collection":[{"href":"https:\/\/filosofiacienciacabala.com\/index.php\/wp-json\/wp\/v2\/posts"}],"about":[{"href":"https:\/\/filosofiacienciacabala.com\/index.php\/wp-json\/wp\/v2\/types\/post"}],"author":[{"embeddable":true,"href":"https:\/\/filosofiacienciacabala.com\/index.php\/wp-json\/wp\/v2\/users\/1"}],"replies":[{"embeddable":true,"href":"https:\/\/filosofiacienciacabala.com\/index.php\/wp-json\/wp\/v2\/comments?post=736"}],"version-history":[{"count":1,"href":"https:\/\/filosofiacienciacabala.com\/index.php\/wp-json\/wp\/v2\/posts\/736\/revisions"}],"predecessor-version":[{"id":739,"href":"https:\/\/filosofiacienciacabala.com\/index.php\/wp-json\/wp\/v2\/posts\/736\/revisions\/739"}],"wp:featuredmedia":[{"embeddable":true,"href":"https:\/\/filosofiacienciacabala.com\/index.php\/wp-json\/wp\/v2\/media\/738"}],"wp:attachment":[{"href":"https:\/\/filosofiacienciacabala.com\/index.php\/wp-json\/wp\/v2\/media?parent=736"}],"wp:term":[{"taxonomy":"category","embeddable":true,"href":"https:\/\/filosofiacienciacabala.com\/index.php\/wp-json\/wp\/v2\/categories?post=736"},{"taxonomy":"post_tag","embeddable":true,"href":"https:\/\/filosofiacienciacabala.com\/index.php\/wp-json\/wp\/v2\/tags?post=736"}],"curies":[{"name":"wp","href":"https:\/\/api.w.org\/{rel}","templated":true}]}}