{"id":652,"date":"2023-10-04T14:54:09","date_gmt":"2023-10-04T14:54:09","guid":{"rendered":"https:\/\/filosofiacienciacabala.com\/?p=652"},"modified":"2023-10-04T16:55:48","modified_gmt":"2023-10-04T16:55:48","slug":"frases-ayn-rand","status":"publish","type":"post","link":"https:\/\/filosofiacienciacabala.com\/index.php\/2023\/10\/04\/frases-ayn-rand\/","title":{"rendered":"Las Frases M\u00e1s Poderosas de Ayn Rand: Inspiraci\u00f3n para la Vida y el \u00c9xito"},"content":{"rendered":"\n<p>Ayn Rand, la renombrada fil\u00f3sofa y escritora, es conocida por su perspicaz visi\u00f3n del individuo, la libertad y la b\u00fasqueda de la excelencia. Sus obras han dejado una huella imborrable en la literatura y la filosof\u00eda. En este post, te invitamos a explorar algunas de las frases m\u00e1s poderosas de Ayn Rand que te inspirar\u00e1n en tu camino hacia el \u00e9xito y una vida llena de determinaci\u00f3n.<\/p>\n\n\n\n<p>Tambi\u00e9n te puede interesar: <a href=\"https:\/\/filosofiacienciacabala.com\/index.php\/2023\/10\/03\/frases-autoestima-elevarte-alto\/\">50 Frases de Autoestima para Elevar tu Confianza<\/a><\/p>\n\n\n\n<head>\n    <style>\n        body {\n            font-family: Arial, sans-serif;\n            background-color: #f4f4f4;\n            margin: 0;\n            padding: 0;\n        }\n\n        .container {\n            max-width: 100%;\n            margin: 0 auto;\n            padding: 20px;\n            background-color: #fff;\n            box-shadow: 0px 0px 10px rgba(0, 0, 0, 0.1);\n        }\n\n        .quote {\n            background-color: #2C2B2B;\n            color: #fff;\n            border-radius: 10px;\n            padding: 20px;\n            margin: 20px 0;\n            box-shadow: 0px 3px 6px rgba(0, 0, 0, 0.1);\n            text-align: left;\n            display: flex;\n        }\n\n        .quote p {\n            font-size: 20px;\n            color: #fff;\n            line-height: 1.5;\n            margin: 0;\n            padding: 0;\n            flex-grow: 1;\n        }\n\n        .author {\n            font-size: 16px;\n            color: #aaa;\n            text-align: right;\n            margin-top: 5px;\n            font-style: italic;\n        }\n\n        .quote-number {\n            font-size: 24px;\n            color: #FF0000;\n            font-weight: bold;\n            display: inline-block;\n            width: 2.8em;\n            text-align: center;\n            margin-right: 10px;\n            padding-right: 5px;\n            border-right: 2px solid #FF0000;\n            line-height: 1.5;\n        }\n    <\/style>\n<\/head>\n<body>\n    <div class=\"container\">\n\n<div class=\"quote\"><span class=\"quote-number\">1.<\/span><p><span class=\"quotation-mark\">\u00ab<\/span>La pregunta no es qui\u00e9n me va a dejar; es qui\u00e9n me va a detener.<span class=\"quotation-mark\">\u00ab<\/span> &#8211; <span class=\"author\">Ayn Rand<\/span><\/p><\/div>\n<div class=\"quote\"><span class=\"quote-number\">2.<\/span><p><span class=\"quotation-mark\">\u00ab<\/span>El hombre es el ser m\u00e1s noble, ego\u00edsta e irracional de la tierra.<span class=\"quotation-mark\">\u00ab<\/span> &#8211; <span class=\"author\">Ayn Rand<\/span><\/p><\/div>\n<div class=\"quote\"><span class=\"quote-number\">3.<\/span><p><span class=\"quotation-mark\">\u00ab<\/span>La raz\u00f3n es el \u00fanico medio para obtener conocimiento y es la \u00fanica gu\u00eda para la acci\u00f3n.<span class=\"quotation-mark\">\u00ab<\/span> &#8211; <span class=\"author\">Ayn Rand<\/span><\/p><\/div>\n<div class=\"quote\"><span class=\"quote-number\">4.<\/span><p><span class=\"quotation-mark\">\u00ab<\/span>La creatividad es la rebeli\u00f3n en contra de la rutina.<span class=\"quotation-mark\">\u00ab<\/span> &#8211; <span class=\"author\">Ayn Rand<\/span><\/p><\/div>\n<div class=\"quote\"><span class=\"quote-number\">5.<\/span><p><span class=\"quotation-mark\">\u00ab<\/span>La raz\u00f3n es la \u00fanica facultad del hombre que lo capacita para comprender el mundo que lo rodea.<span class=\"quotation-mark\">\u00ab<\/span> &#8211; <span class=\"author\">Ayn Rand<\/span><\/p><\/div>\n<div class=\"quote\"><span class=\"quote-number\">6.<\/span><p><span class=\"quotation-mark\">\u00ab<\/span>No puedo amar a un hombre a quien tengo que sostener como un esclavo, ni controlarlo como un patr\u00f3n.<span class=\"quotation-mark\">\u00ab<\/span> &#8211; <span class=\"author\">Ayn Rand<\/span><\/p><\/div>\n<div class=\"quote\"><span class=\"quote-number\">7.<\/span><p><span class=\"quotation-mark\">\u00ab<\/span>La moralidad no es la doctrina de c\u00f3mo vivir una vida sacrificando el propio inter\u00e9s al de otros, sino de c\u00f3mo lograr el mayor bien para uno mismo.<span class=\"quotation-mark\">\u00ab<\/span> &#8211; <span class=\"author\">Ayn Rand<\/span><\/p><\/div>\n<div class=\"quote\"><span class=\"quote-number\">8.<\/span><p><span class=\"quotation-mark\">\u00ab<\/span>No desees la muerte de tus enemigos; lo que deseas es su derrota.<span class=\"quotation-mark\">\u00ab<\/span> &#8211; <span class=\"author\">Ayn Rand<\/span><\/p><\/div>\n<div class=\"quote\"><span class=\"quote-number\">9.<\/span><p><span class=\"quotation-mark\">\u00ab<\/span>El dinero es solo una herramienta. Te llevar\u00e1 donde quieras, pero no te sustituir\u00e1 como conductor.<span class=\"quotation-mark\">\u00ab<\/span> &#8211; <span class=\"author\">Ayn Rand<\/span><\/p><\/div>\n<div class=\"quote\"><span class=\"quote-number\">10.<\/span><p><span class=\"quotation-mark\">\u00ab<\/span>No vivas para los dem\u00e1s, ni los dem\u00e1s vivir\u00e1n para ti.<span class=\"quotation-mark\">\u00ab<\/span> &#8211; <span class=\"author\">Ayn Rand<\/span><\/p><\/div>\n<div class=\"quote\"><span class=\"quote-number\">11.<\/span><p><span class=\"quotation-mark\">\u00ab<\/span>La confianza en uno mismo es el primer paso hacia el \u00e9xito.<span class=\"quotation-mark\">\u00ab<\/span> &#8211; <span class=\"author\">Ayn Rand<\/span><\/p><\/div>\n<div class=\"quote\"><span class=\"quote-number\">12.<\/span><p><span class=\"quotation-mark\">\u00ab<\/span>La valent\u00eda es la capacidad de enfrentar el miedo, la seguridad de uno mismo es la capacidad de enfrentar el desconocido.<span class=\"quotation-mark\">\u00ab<\/span> &#8211; <span class=\"author\">Ayn Rand<\/span><\/p><\/div>\n<div class=\"quote\"><span class=\"quote-number\">13.<\/span><p><span class=\"quotation-mark\">\u00ab<\/span>El hombre es una entidad individual. Tiene derecho a existir por su propio beneficio y no por el beneficio de otros.<span class=\"quotation-mark\">\u00ab<\/span> &#8211; <span class=\"author\">Ayn Rand<\/span><\/p><\/div>\n<div class=\"quote\"><span class=\"quote-number\">14.<\/span><p><span class=\"quotation-mark\">\u00ab<\/span>Nadie puede ser bueno para otro si no es bueno para s\u00ed mismo.<span class=\"quotation-mark\">\u00ab<\/span> &#8211; <span class=\"author\">Ayn Rand<\/span><\/p><\/div>\n<div class=\"quote\"><span class=\"quote-number\">15.<\/span><p><span class=\"quotation-mark\">\u00ab<\/span>La virtud no es el perd\u00f3n de los vicios, sino la recompensa de las virtudes.<span class=\"quotation-mark\">\u00ab<\/span> &#8211; <span class=\"author\">Ayn Rand<\/span><\/p><\/div>\n\n\n\n\n    <\/div>\n<\/body>\n\n\n\n\n<p>Las frases de Ayn Rand son un recordatorio constante de la importancia de la individualidad, la raz\u00f3n y la b\u00fasqueda de la excelencia en la vida. Estas palabras poderosas pueden inspirarnos a perseguir nuestros sue\u00f1os, afrontar desaf\u00edos con determinaci\u00f3n y vivir una vida aut\u00e9ntica. Que las ense\u00f1anzas de Ayn Rand te gu\u00eden en tu viaje hacia el \u00e9xito y la realizaci\u00f3n personal.<\/p>\n\n\n\n<p>Tambi\u00e9n te puede interesar: <a href=\"https:\/\/filosofiacienciacabala.com\/index.php\/2023\/02\/09\/frases-de-pitagoras\/\">102 Frases de Pit\u00e1goras<\/a><\/p>\n\n\n\n<p>Este post es un tributo a la fil\u00f3sofa que desafi\u00f3 convenciones y defendi\u00f3 la importancia de la libertad individual. \u00a1Esperamos que encuentres inspiraci\u00f3n en estas frases y que compartas su sabidur\u00eda con otros!<\/p>\n","protected":false},"excerpt":{"rendered":"<p>Ayn Rand, la renombrada fil\u00f3sofa y escritora, es conocida por su perspicaz visi\u00f3n del individuo,&#8230;<\/p>\n","protected":false},"author":1,"featured_media":654,"comment_status":"open","ping_status":"open","sticky":false,"template":"","format":"standard","meta":{"jetpack_publicize_message":"","jetpack_is_tweetstorm":false,"jetpack_publicize_feature_enabled":true,"jetpack_social_post_already_shared":true,"jetpack_social_options":{"image_generator_settings":{"template":"highway","enabled":false}}},"categories":[175],"tags":[],"jetpack_publicize_connections":[],"yoast_head":"<!-- This site is optimized with the Yoast SEO Premium plugin v20.5 (Yoast SEO v20.5) - https:\/\/yoast.com\/wordpress\/plugins\/seo\/ -->\n<title>Frases de Ayn Rand: Inspiraci\u00f3n para la Vida y el \u00c9xito<\/title>\n<meta name=\"description\" content=\"Descubre las frases m\u00e1s poderosas de Ayn Rand que te inspirar\u00e1n a alcanzar el \u00e9xito y vivir la vida con determinaci\u00f3n.\" \/>\n<meta name=\"robots\" content=\"index, follow, max-snippet:-1, max-image-preview:large, max-video-preview:-1\" \/>\n<link rel=\"canonical\" href=\"https:\/\/filosofiacienciacabala.com\/index.php\/2023\/10\/04\/frases-ayn-rand\/\" \/>\n<meta property=\"og:locale\" content=\"es_ES\" \/>\n<meta property=\"og:type\" content=\"article\" \/>\n<meta property=\"og:title\" content=\"Las Frases M\u00e1s Poderosas de Ayn Rand: Inspiraci\u00f3n para la Vida y el \u00c9xito\" \/>\n<meta property=\"og:description\" content=\"Descubre las frases m\u00e1s poderosas de Ayn Rand que te inspirar\u00e1n a alcanzar el \u00e9xito y vivir la vida con determinaci\u00f3n.\" \/>\n<meta property=\"og:url\" content=\"https:\/\/filosofiacienciacabala.com\/index.php\/2023\/10\/04\/frases-ayn-rand\/\" \/>\n<meta property=\"article:published_time\" content=\"2023-10-04T14:54:09+00:00\" \/>\n<meta property=\"article:modified_time\" content=\"2023-10-04T16:55:48+00:00\" \/>\n<meta property=\"og:image\" content=\"https:\/\/filosofiacienciacabala.com\/wp-content\/uploads\/2023\/10\/Ayn-Rand-Filosofa-y-Escritora.png\" \/>\n\t<meta property=\"og:image:width\" content=\"768\" \/>\n\t<meta property=\"og:image:height\" content=\"318\" \/>\n\t<meta property=\"og:image:type\" content=\"image\/png\" \/>\n<meta name=\"author\" content=\"edhisoft\" \/>\n<meta name=\"twitter:card\" content=\"summary_large_image\" \/>\n<meta name=\"twitter:label1\" content=\"Escrito por\" \/>\n\t<meta name=\"twitter:data1\" content=\"edhisoft\" \/>\n\t<meta name=\"twitter:label2\" content=\"Tiempo de lectura\" \/>\n\t<meta name=\"twitter:data2\" content=\"3 minutos\" \/>\n<script type=\"application\/ld+json\" class=\"yoast-schema-graph\">{\"@context\":\"https:\/\/schema.org\",\"@graph\":[{\"@type\":\"WebPage\",\"@id\":\"https:\/\/filosofiacienciacabala.com\/index.php\/2023\/10\/04\/frases-ayn-rand\/\",\"url\":\"https:\/\/filosofiacienciacabala.com\/index.php\/2023\/10\/04\/frases-ayn-rand\/\",\"name\":\"Frases de Ayn Rand: Inspiraci\u00f3n para la Vida y el \u00c9xito\",\"isPartOf\":{\"@id\":\"https:\/\/filosofiacienciacabala.com\/#website\"},\"datePublished\":\"2023-10-04T14:54:09+00:00\",\"dateModified\":\"2023-10-04T16:55:48+00:00\",\"author\":{\"@id\":\"https:\/\/filosofiacienciacabala.com\/#\/schema\/person\/aa6e7fe0c15474fb8c239be8d535daa0\"},\"description\":\"Descubre las frases m\u00e1s poderosas de Ayn Rand que te inspirar\u00e1n a alcanzar el \u00e9xito y vivir la vida con determinaci\u00f3n.\",\"breadcrumb\":{\"@id\":\"https:\/\/filosofiacienciacabala.com\/index.php\/2023\/10\/04\/frases-ayn-rand\/#breadcrumb\"},\"inLanguage\":\"es\",\"potentialAction\":[{\"@type\":\"ReadAction\",\"target\":[\"https:\/\/filosofiacienciacabala.com\/index.php\/2023\/10\/04\/frases-ayn-rand\/\"]}]},{\"@type\":\"BreadcrumbList\",\"@id\":\"https:\/\/filosofiacienciacabala.com\/index.php\/2023\/10\/04\/frases-ayn-rand\/#breadcrumb\",\"itemListElement\":[{\"@type\":\"ListItem\",\"position\":1,\"name\":\"Portada\",\"item\":\"https:\/\/filosofiacienciacabala.com\/\"},{\"@type\":\"ListItem\",\"position\":2,\"name\":\"Las Frases M\u00e1s Poderosas de Ayn Rand: Inspiraci\u00f3n para la Vida y el \u00c9xito\"}]},{\"@type\":\"WebSite\",\"@id\":\"https:\/\/filosofiacienciacabala.com\/#website\",\"url\":\"https:\/\/filosofiacienciacabala.com\/\",\"name\":\"\",\"description\":\"\",\"potentialAction\":[{\"@type\":\"SearchAction\",\"target\":{\"@type\":\"EntryPoint\",\"urlTemplate\":\"https:\/\/filosofiacienciacabala.com\/?s={search_term_string}\"},\"query-input\":\"required name=search_term_string\"}],\"inLanguage\":\"es\"},{\"@type\":\"Person\",\"@id\":\"https:\/\/filosofiacienciacabala.com\/#\/schema\/person\/aa6e7fe0c15474fb8c239be8d535daa0\",\"name\":\"edhisoft\",\"image\":{\"@type\":\"ImageObject\",\"inLanguage\":\"es\",\"@id\":\"https:\/\/filosofiacienciacabala.com\/#\/schema\/person\/image\/\",\"url\":\"https:\/\/secure.gravatar.com\/avatar\/5864c5ece8229bc96c6e5b5fdf2594bb?s=96&d=mm&r=g\",\"contentUrl\":\"https:\/\/secure.gravatar.com\/avatar\/5864c5ece8229bc96c6e5b5fdf2594bb?s=96&d=mm&r=g\",\"caption\":\"edhisoft\"},\"sameAs\":[\"https:\/\/filosofiacienciacabala.com\"],\"url\":\"https:\/\/filosofiacienciacabala.com\/index.php\/author\/edhisoft\/\"}]}<\/script>\n<!-- \/ Yoast SEO Premium plugin. -->","yoast_head_json":{"title":"Frases de Ayn Rand: Inspiraci\u00f3n para la Vida y el \u00c9xito","description":"Descubre las frases m\u00e1s poderosas de Ayn Rand que te inspirar\u00e1n a alcanzar el \u00e9xito y vivir la vida con determinaci\u00f3n.","robots":{"index":"index","follow":"follow","max-snippet":"max-snippet:-1","max-image-preview":"max-image-preview:large","max-video-preview":"max-video-preview:-1"},"canonical":"https:\/\/filosofiacienciacabala.com\/index.php\/2023\/10\/04\/frases-ayn-rand\/","og_locale":"es_ES","og_type":"article","og_title":"Las Frases M\u00e1s Poderosas de Ayn Rand: Inspiraci\u00f3n para la Vida y el \u00c9xito","og_description":"Descubre las frases m\u00e1s poderosas de Ayn Rand que te inspirar\u00e1n a alcanzar el \u00e9xito y vivir la vida con determinaci\u00f3n.","og_url":"https:\/\/filosofiacienciacabala.com\/index.php\/2023\/10\/04\/frases-ayn-rand\/","article_published_time":"2023-10-04T14:54:09+00:00","article_modified_time":"2023-10-04T16:55:48+00:00","og_image":[{"width":768,"height":318,"url":"https:\/\/filosofiacienciacabala.com\/wp-content\/uploads\/2023\/10\/Ayn-Rand-Filosofa-y-Escritora.png","type":"image\/png"}],"author":"edhisoft","twitter_card":"summary_large_image","twitter_misc":{"Escrito por":"edhisoft","Tiempo de lectura":"3 minutos"},"schema":{"@context":"https:\/\/schema.org","@graph":[{"@type":"WebPage","@id":"https:\/\/filosofiacienciacabala.com\/index.php\/2023\/10\/04\/frases-ayn-rand\/","url":"https:\/\/filosofiacienciacabala.com\/index.php\/2023\/10\/04\/frases-ayn-rand\/","name":"Frases de Ayn Rand: Inspiraci\u00f3n para la Vida y el \u00c9xito","isPartOf":{"@id":"https:\/\/filosofiacienciacabala.com\/#website"},"datePublished":"2023-10-04T14:54:09+00:00","dateModified":"2023-10-04T16:55:48+00:00","author":{"@id":"https:\/\/filosofiacienciacabala.com\/#\/schema\/person\/aa6e7fe0c15474fb8c239be8d535daa0"},"description":"Descubre las frases m\u00e1s poderosas de Ayn Rand que te inspirar\u00e1n a alcanzar el \u00e9xito y vivir la vida con determinaci\u00f3n.","breadcrumb":{"@id":"https:\/\/filosofiacienciacabala.com\/index.php\/2023\/10\/04\/frases-ayn-rand\/#breadcrumb"},"inLanguage":"es","potentialAction":[{"@type":"ReadAction","target":["https:\/\/filosofiacienciacabala.com\/index.php\/2023\/10\/04\/frases-ayn-rand\/"]}]},{"@type":"BreadcrumbList","@id":"https:\/\/filosofiacienciacabala.com\/index.php\/2023\/10\/04\/frases-ayn-rand\/#breadcrumb","itemListElement":[{"@type":"ListItem","position":1,"name":"Portada","item":"https:\/\/filosofiacienciacabala.com\/"},{"@type":"ListItem","position":2,"name":"Las Frases M\u00e1s Poderosas de Ayn Rand: Inspiraci\u00f3n para la Vida y el \u00c9xito"}]},{"@type":"WebSite","@id":"https:\/\/filosofiacienciacabala.com\/#website","url":"https:\/\/filosofiacienciacabala.com\/","name":"","description":"","potentialAction":[{"@type":"SearchAction","target":{"@type":"EntryPoint","urlTemplate":"https:\/\/filosofiacienciacabala.com\/?s={search_term_string}"},"query-input":"required name=search_term_string"}],"inLanguage":"es"},{"@type":"Person","@id":"https:\/\/filosofiacienciacabala.com\/#\/schema\/person\/aa6e7fe0c15474fb8c239be8d535daa0","name":"edhisoft","image":{"@type":"ImageObject","inLanguage":"es","@id":"https:\/\/filosofiacienciacabala.com\/#\/schema\/person\/image\/","url":"https:\/\/secure.gravatar.com\/avatar\/5864c5ece8229bc96c6e5b5fdf2594bb?s=96&d=mm&r=g","contentUrl":"https:\/\/secure.gravatar.com\/avatar\/5864c5ece8229bc96c6e5b5fdf2594bb?s=96&d=mm&r=g","caption":"edhisoft"},"sameAs":["https:\/\/filosofiacienciacabala.com"],"url":"https:\/\/filosofiacienciacabala.com\/index.php\/author\/edhisoft\/"}]}},"featured_image_urls":{"full":["https:\/\/filosofiacienciacabala.com\/wp-content\/uploads\/2023\/10\/Ayn-Rand-Filosofa-y-Escritora.png",768,318,false],"thumbnail":["https:\/\/filosofiacienciacabala.com\/wp-content\/uploads\/2023\/10\/Ayn-Rand-Filosofa-y-Escritora-150x150.png",150,150,true],"medium":["https:\/\/filosofiacienciacabala.com\/wp-content\/uploads\/2023\/10\/Ayn-Rand-Filosofa-y-Escritora-300x124.png",300,124,true],"medium_large":["https:\/\/filosofiacienciacabala.com\/wp-content\/uploads\/2023\/10\/Ayn-Rand-Filosofa-y-Escritora.png",640,265,false],"large":["https:\/\/filosofiacienciacabala.com\/wp-content\/uploads\/2023\/10\/Ayn-Rand-Filosofa-y-Escritora.png",640,265,false],"1536x1536":["https:\/\/filosofiacienciacabala.com\/wp-content\/uploads\/2023\/10\/Ayn-Rand-Filosofa-y-Escritora.png",768,318,false],"2048x2048":["https:\/\/filosofiacienciacabala.com\/wp-content\/uploads\/2023\/10\/Ayn-Rand-Filosofa-y-Escritora.png",768,318,false],"covernews-slider-full":["https:\/\/filosofiacienciacabala.com\/wp-content\/uploads\/2023\/10\/Ayn-Rand-Filosofa-y-Escritora.png",768,318,false],"covernews-slider-center":["https:\/\/filosofiacienciacabala.com\/wp-content\/uploads\/2023\/10\/Ayn-Rand-Filosofa-y-Escritora.png",768,318,false],"covernews-featured":["https:\/\/filosofiacienciacabala.com\/wp-content\/uploads\/2023\/10\/Ayn-Rand-Filosofa-y-Escritora.png",768,318,false],"covernews-medium":["https:\/\/filosofiacienciacabala.com\/wp-content\/uploads\/2023\/10\/Ayn-Rand-Filosofa-y-Escritora-540x318.png",540,318,true],"covernews-medium-square":["https:\/\/filosofiacienciacabala.com\/wp-content\/uploads\/2023\/10\/Ayn-Rand-Filosofa-y-Escritora-400x250.png",400,250,true],"mailpoet_newsletter_max":["https:\/\/filosofiacienciacabala.com\/wp-content\/uploads\/2023\/10\/Ayn-Rand-Filosofa-y-Escritora.png",768,318,false]},"author_info":{"display_name":"edhisoft","author_link":"https:\/\/filosofiacienciacabala.com\/index.php\/author\/edhisoft\/"},"category_info":"<a href=\"https:\/\/filosofiacienciacabala.com\/index.php\/category\/frases-celebres-filosofos-cientificos-reflexiones-vida\/\" rel=\"category tag\">Frases<\/a>","tag_info":"Frases","comment_count":"0","jetpack_featured_media_url":"https:\/\/filosofiacienciacabala.com\/wp-content\/uploads\/2023\/10\/Ayn-Rand-Filosofa-y-Escritora.png","_links":{"self":[{"href":"https:\/\/filosofiacienciacabala.com\/index.php\/wp-json\/wp\/v2\/posts\/652"}],"collection":[{"href":"https:\/\/filosofiacienciacabala.com\/index.php\/wp-json\/wp\/v2\/posts"}],"about":[{"href":"https:\/\/filosofiacienciacabala.com\/index.php\/wp-json\/wp\/v2\/types\/post"}],"author":[{"embeddable":true,"href":"https:\/\/filosofiacienciacabala.com\/index.php\/wp-json\/wp\/v2\/users\/1"}],"replies":[{"embeddable":true,"href":"https:\/\/filosofiacienciacabala.com\/index.php\/wp-json\/wp\/v2\/comments?post=652"}],"version-history":[{"count":6,"href":"https:\/\/filosofiacienciacabala.com\/index.php\/wp-json\/wp\/v2\/posts\/652\/revisions"}],"predecessor-version":[{"id":665,"href":"https:\/\/filosofiacienciacabala.com\/index.php\/wp-json\/wp\/v2\/posts\/652\/revisions\/665"}],"wp:featuredmedia":[{"embeddable":true,"href":"https:\/\/filosofiacienciacabala.com\/index.php\/wp-json\/wp\/v2\/media\/654"}],"wp:attachment":[{"href":"https:\/\/filosofiacienciacabala.com\/index.php\/wp-json\/wp\/v2\/media?parent=652"}],"wp:term":[{"taxonomy":"category","embeddable":true,"href":"https:\/\/filosofiacienciacabala.com\/index.php\/wp-json\/wp\/v2\/categories?post=652"},{"taxonomy":"post_tag","embeddable":true,"href":"https:\/\/filosofiacienciacabala.com\/index.php\/wp-json\/wp\/v2\/tags?post=652"}],"curies":[{"name":"wp","href":"https:\/\/api.w.org\/{rel}","templated":true}]}}