{"id":617,"date":"2023-06-18T21:41:26","date_gmt":"2023-06-18T21:41:26","guid":{"rendered":"https:\/\/filosofiacienciacabala.com\/?p=617"},"modified":"2023-06-14T22:24:02","modified_gmt":"2023-06-14T22:24:02","slug":"proposito_de_vida","status":"publish","type":"post","link":"https:\/\/filosofiacienciacabala.com\/index.php\/2023\/06\/18\/proposito_de_vida\/","title":{"rendered":"El prop\u00f3sito de la vida: qu\u00e9 es y c\u00f3mo encontrarlo"},"content":{"rendered":"\n<p class=\"has-medium-font-size\">El prop\u00f3sito de la vida es una pregunta que ha sido ponderada por fil\u00f3sofos y te\u00f3logos durante siglos. No hay una respuesta que satisfaga a todos, pero hay algunos temas comunes que surgen cuando exploramos las diferentes teor\u00edas y filosof\u00edas del significado de la vida.<\/p>\n\n\n\n<p class=\"has-medium-font-size\">Un tema com\u00fan es que el prop\u00f3sito de la vida es encontrar la felicidad. Esto no significa que simplemente debamos sentarnos y relajarnos, sino que debemos esforzarnos por vivir una vida llena de alegr\u00eda y satisfacci\u00f3n. Esto se puede lograr persiguiendo nuestras pasiones, pasando tiempo con los seres queridos y ayudando a los dem\u00e1s.<\/p>\n\n\n\n<p><a href=\"https:\/\/filosofiacienciacabala.com\/index.php\/2023\/04\/06\/la-importancia-de-la-musica-en-la-filosofia-de-nietzsche-una-reflexion-sobre-la-vida-el-arte-y-la-creatividad\/\">La Importancia de la M\u00fasica en la Filosof\u00eda de Nietzsche: Una Reflexi\u00f3n sobre la Vida, el Arte y la Creatividad<\/a><\/p>\n\n\n\n<p class=\"has-medium-font-size\">Otro tema com\u00fan es que el prop\u00f3sito de la vida es hacer una diferencia en el mundo. Esto no significa que tengamos que ser mundialmente famosos o cambiar el curso de la historia, sino que debemos esforzarnos por dejar el mundo en un lugar mejor de como lo encontramos. Esto se puede hacer ofreciendo nuestro tiempo como voluntarios, donando a obras de caridad o simplemente siendo amables y compasivos con los dem\u00e1s.<\/p>\n\n\n\n<p class=\"has-medium-font-size\">En \u00faltima instancia, el prop\u00f3sito de la vida depende de cada individuo para decidir. No hay una respuesta correcta o incorrecta, y lo m\u00e1s importante es que encuentres algo que le d\u00e9 sentido a tu vida. Si est\u00e1s luchando por encontrar tu prop\u00f3sito, aqu\u00ed hay algunos consejos:<\/p>\n\n\n\n<p><a href=\"https:\/\/filosofiacienciacabala.com\/index.php\/2023\/06\/10\/deseo-humano\/\">El deseo humano: una b\u00fasqueda sin fin<\/a><\/p>\n\n\n\n<ul>\n<li class=\"has-medium-font-size\"><strong>T\u00f3mate un tiempo para reflexionar sobre tus valores y metas.&nbsp;<\/strong>\u00bfQue es importante para ti?&nbsp;\u00bfQu\u00e9 quieres lograr en la vida?<\/li>\n\n\n\n<li class=\"has-medium-font-size\"><strong>Considere sus fortalezas y debilidades.&nbsp;<\/strong>En qu\u00e9 eres bueno?&nbsp;\u00bfQu\u00e9 es lo que le gusta hacer?<\/li>\n\n\n\n<li class=\"has-medium-font-size\"><strong>Piensa en el impacto que quieres tener en el mundo.&nbsp;<\/strong>\u00bfQu\u00e9 tipo de diferencia quieres hacer?<\/li>\n\n\n\n<li class=\"has-medium-font-size\"><strong>Habla con las personas que admiras.&nbsp;<\/strong>\u00bfCu\u00e1l creen que es el prop\u00f3sito de la vida?<\/li>\n\n\n\n<li class=\"has-medium-font-size\"><strong>No tengas miedo de experimentar.&nbsp;<\/strong>Pruebe diferentes cosas y vea lo que se siente bien para usted.<\/li>\n<\/ul>\n\n\n\n<p class=\"has-medium-font-size\">El prop\u00f3sito de la vida es un viaje, no un destino. Es algo que descubrimos y redefinimos a lo largo de nuestras vidas. As\u00ed que no tengas miedo de explorar y encontrar lo que le da sentido a tu vida.<\/p>\n\n\n\n<p class=\"has-medium-font-size\">Aqu\u00ed hay algunos pensamientos adicionales sobre el prop\u00f3sito de la vida:<\/p>\n\n\n\n<ul>\n<li class=\"has-medium-font-size\">El prop\u00f3sito de la vida no es ser feliz todo el tiempo.&nbsp;La felicidad es una emoci\u00f3n fugaz y no es realista esperar ser feliz todo el tiempo.&nbsp;En cambio, el prop\u00f3sito de la vida es encontrar significado y realizaci\u00f3n.<\/li>\n\n\n\n<li class=\"has-medium-font-size\">El prop\u00f3sito de la vida no es ser perfecto.&nbsp;Todos somos humanos y todos cometemos errores.&nbsp;Lo importante es aprender de nuestros errores y seguir avanzando.<\/li>\n\n\n\n<li class=\"has-medium-font-size\">El prop\u00f3sito de la vida no es compararnos con los dem\u00e1s.&nbsp;Todos somos individuos \u00fanicos, y todos tenemos nuestro propio prop\u00f3sito \u00fanico en la vida.&nbsp;Compararnos con los dem\u00e1s solo conducir\u00e1 a la decepci\u00f3n y la frustraci\u00f3n.<\/li>\n<\/ul>\n\n\n\n<p class=\"has-medium-font-size\">El prop\u00f3sito de la vida es un misterio, pero eso no significa que no podamos encontrar sentido y realizaci\u00f3n en nuestras vidas. Al explorar nuestras pasiones, ayudar a los dem\u00e1s y marcar una diferencia en el mundo, podemos descubrir nuestro propio prop\u00f3sito \u00fanico en la vida.<\/p>\n","protected":false},"excerpt":{"rendered":"<p>Este ensayo explora las diferentes teor\u00edas y filosof\u00edas del significado de la vida y proporciona una gu\u00eda para encontrar su propio prop\u00f3sito.<\/p>\n","protected":false},"author":1,"featured_media":619,"comment_status":"open","ping_status":"open","sticky":false,"template":"","format":"standard","meta":{"jetpack_publicize_message":"","jetpack_is_tweetstorm":false,"jetpack_publicize_feature_enabled":true,"jetpack_social_post_already_shared":true,"jetpack_social_options":{"image_generator_settings":{"template":"highway","enabled":false}}},"categories":[3],"tags":[],"jetpack_publicize_connections":[],"yoast_head":"<!-- This site is optimized with the Yoast SEO Premium plugin v20.5 (Yoast SEO v20.5) - https:\/\/yoast.com\/wordpress\/plugins\/seo\/ -->\n<title>El prop\u00f3sito de la vida: qu\u00e9 es y c\u00f3mo encontrarlo -<\/title>\n<meta name=\"description\" content=\"\u00bfCu\u00e1l es el prop\u00f3sito de la vida? Este ensayo explora las diferentes teor\u00edas y filosof\u00edas del significado de la vida y brinda una gu\u00eda para..\" \/>\n<meta name=\"robots\" content=\"index, follow, max-snippet:-1, max-image-preview:large, max-video-preview:-1\" \/>\n<link rel=\"canonical\" href=\"https:\/\/filosofiacienciacabala.com\/index.php\/2023\/06\/18\/proposito_de_vida\/\" \/>\n<meta property=\"og:locale\" content=\"es_ES\" \/>\n<meta property=\"og:type\" content=\"article\" \/>\n<meta property=\"og:title\" content=\"El prop\u00f3sito de la vida: qu\u00e9 es y c\u00f3mo encontrarlo\" \/>\n<meta property=\"og:description\" content=\"\u00bfCu\u00e1l es el prop\u00f3sito de la vida? Este ensayo explora las diferentes teor\u00edas y filosof\u00edas del significado de la vida y brinda una gu\u00eda para..\" \/>\n<meta property=\"og:url\" content=\"https:\/\/filosofiacienciacabala.com\/index.php\/2023\/06\/18\/proposito_de_vida\/\" \/>\n<meta property=\"article:published_time\" content=\"2023-06-18T21:41:26+00:00\" \/>\n<meta property=\"article:modified_time\" content=\"2023-06-14T22:24:02+00:00\" \/>\n<meta property=\"og:image\" content=\"https:\/\/filosofiacienciacabala.com\/wp-content\/uploads\/2023\/06\/El-proposito-de-la-vida.jpg\" \/>\n\t<meta property=\"og:image:width\" content=\"768\" \/>\n\t<meta property=\"og:image:height\" content=\"510\" \/>\n\t<meta property=\"og:image:type\" content=\"image\/jpeg\" \/>\n<meta name=\"author\" content=\"edhisoft\" \/>\n<meta name=\"twitter:card\" content=\"summary_large_image\" \/>\n<meta name=\"twitter:label1\" content=\"Escrito por\" \/>\n\t<meta name=\"twitter:data1\" content=\"edhisoft\" \/>\n\t<meta name=\"twitter:label2\" content=\"Tiempo de lectura\" \/>\n\t<meta name=\"twitter:data2\" content=\"3 minutos\" \/>\n<script type=\"application\/ld+json\" class=\"yoast-schema-graph\">{\"@context\":\"https:\/\/schema.org\",\"@graph\":[{\"@type\":\"WebPage\",\"@id\":\"https:\/\/filosofiacienciacabala.com\/index.php\/2023\/06\/18\/proposito_de_vida\/\",\"url\":\"https:\/\/filosofiacienciacabala.com\/index.php\/2023\/06\/18\/proposito_de_vida\/\",\"name\":\"El prop\u00f3sito de la vida: qu\u00e9 es y c\u00f3mo encontrarlo -\",\"isPartOf\":{\"@id\":\"https:\/\/filosofiacienciacabala.com\/#website\"},\"datePublished\":\"2023-06-18T21:41:26+00:00\",\"dateModified\":\"2023-06-14T22:24:02+00:00\",\"author\":{\"@id\":\"https:\/\/filosofiacienciacabala.com\/#\/schema\/person\/aa6e7fe0c15474fb8c239be8d535daa0\"},\"description\":\"\u00bfCu\u00e1l es el prop\u00f3sito de la vida? Este ensayo explora las diferentes teor\u00edas y filosof\u00edas del significado de la vida y brinda una gu\u00eda para..\",\"breadcrumb\":{\"@id\":\"https:\/\/filosofiacienciacabala.com\/index.php\/2023\/06\/18\/proposito_de_vida\/#breadcrumb\"},\"inLanguage\":\"es\",\"potentialAction\":[{\"@type\":\"ReadAction\",\"target\":[\"https:\/\/filosofiacienciacabala.com\/index.php\/2023\/06\/18\/proposito_de_vida\/\"]}]},{\"@type\":\"BreadcrumbList\",\"@id\":\"https:\/\/filosofiacienciacabala.com\/index.php\/2023\/06\/18\/proposito_de_vida\/#breadcrumb\",\"itemListElement\":[{\"@type\":\"ListItem\",\"position\":1,\"name\":\"Portada\",\"item\":\"https:\/\/filosofiacienciacabala.com\/\"},{\"@type\":\"ListItem\",\"position\":2,\"name\":\"El prop\u00f3sito de la vida: qu\u00e9 es y c\u00f3mo encontrarlo\"}]},{\"@type\":\"WebSite\",\"@id\":\"https:\/\/filosofiacienciacabala.com\/#website\",\"url\":\"https:\/\/filosofiacienciacabala.com\/\",\"name\":\"\",\"description\":\"\",\"potentialAction\":[{\"@type\":\"SearchAction\",\"target\":{\"@type\":\"EntryPoint\",\"urlTemplate\":\"https:\/\/filosofiacienciacabala.com\/?s={search_term_string}\"},\"query-input\":\"required name=search_term_string\"}],\"inLanguage\":\"es\"},{\"@type\":\"Person\",\"@id\":\"https:\/\/filosofiacienciacabala.com\/#\/schema\/person\/aa6e7fe0c15474fb8c239be8d535daa0\",\"name\":\"edhisoft\",\"image\":{\"@type\":\"ImageObject\",\"inLanguage\":\"es\",\"@id\":\"https:\/\/filosofiacienciacabala.com\/#\/schema\/person\/image\/\",\"url\":\"https:\/\/secure.gravatar.com\/avatar\/5864c5ece8229bc96c6e5b5fdf2594bb?s=96&d=mm&r=g\",\"contentUrl\":\"https:\/\/secure.gravatar.com\/avatar\/5864c5ece8229bc96c6e5b5fdf2594bb?s=96&d=mm&r=g\",\"caption\":\"edhisoft\"},\"sameAs\":[\"https:\/\/filosofiacienciacabala.com\"],\"url\":\"https:\/\/filosofiacienciacabala.com\/index.php\/author\/edhisoft\/\"}]}<\/script>\n<!-- \/ Yoast SEO Premium plugin. -->","yoast_head_json":{"title":"El prop\u00f3sito de la vida: qu\u00e9 es y c\u00f3mo encontrarlo -","description":"\u00bfCu\u00e1l es el prop\u00f3sito de la vida? Este ensayo explora las diferentes teor\u00edas y filosof\u00edas del significado de la vida y brinda una gu\u00eda para..","robots":{"index":"index","follow":"follow","max-snippet":"max-snippet:-1","max-image-preview":"max-image-preview:large","max-video-preview":"max-video-preview:-1"},"canonical":"https:\/\/filosofiacienciacabala.com\/index.php\/2023\/06\/18\/proposito_de_vida\/","og_locale":"es_ES","og_type":"article","og_title":"El prop\u00f3sito de la vida: qu\u00e9 es y c\u00f3mo encontrarlo","og_description":"\u00bfCu\u00e1l es el prop\u00f3sito de la vida? Este ensayo explora las diferentes teor\u00edas y filosof\u00edas del significado de la vida y brinda una gu\u00eda para..","og_url":"https:\/\/filosofiacienciacabala.com\/index.php\/2023\/06\/18\/proposito_de_vida\/","article_published_time":"2023-06-18T21:41:26+00:00","article_modified_time":"2023-06-14T22:24:02+00:00","og_image":[{"width":768,"height":510,"url":"https:\/\/filosofiacienciacabala.com\/wp-content\/uploads\/2023\/06\/El-proposito-de-la-vida.jpg","type":"image\/jpeg"}],"author":"edhisoft","twitter_card":"summary_large_image","twitter_misc":{"Escrito por":"edhisoft","Tiempo de lectura":"3 minutos"},"schema":{"@context":"https:\/\/schema.org","@graph":[{"@type":"WebPage","@id":"https:\/\/filosofiacienciacabala.com\/index.php\/2023\/06\/18\/proposito_de_vida\/","url":"https:\/\/filosofiacienciacabala.com\/index.php\/2023\/06\/18\/proposito_de_vida\/","name":"El prop\u00f3sito de la vida: qu\u00e9 es y c\u00f3mo encontrarlo -","isPartOf":{"@id":"https:\/\/filosofiacienciacabala.com\/#website"},"datePublished":"2023-06-18T21:41:26+00:00","dateModified":"2023-06-14T22:24:02+00:00","author":{"@id":"https:\/\/filosofiacienciacabala.com\/#\/schema\/person\/aa6e7fe0c15474fb8c239be8d535daa0"},"description":"\u00bfCu\u00e1l es el prop\u00f3sito de la vida? Este ensayo explora las diferentes teor\u00edas y filosof\u00edas del significado de la vida y brinda una gu\u00eda para..","breadcrumb":{"@id":"https:\/\/filosofiacienciacabala.com\/index.php\/2023\/06\/18\/proposito_de_vida\/#breadcrumb"},"inLanguage":"es","potentialAction":[{"@type":"ReadAction","target":["https:\/\/filosofiacienciacabala.com\/index.php\/2023\/06\/18\/proposito_de_vida\/"]}]},{"@type":"BreadcrumbList","@id":"https:\/\/filosofiacienciacabala.com\/index.php\/2023\/06\/18\/proposito_de_vida\/#breadcrumb","itemListElement":[{"@type":"ListItem","position":1,"name":"Portada","item":"https:\/\/filosofiacienciacabala.com\/"},{"@type":"ListItem","position":2,"name":"El prop\u00f3sito de la vida: qu\u00e9 es y c\u00f3mo encontrarlo"}]},{"@type":"WebSite","@id":"https:\/\/filosofiacienciacabala.com\/#website","url":"https:\/\/filosofiacienciacabala.com\/","name":"","description":"","potentialAction":[{"@type":"SearchAction","target":{"@type":"EntryPoint","urlTemplate":"https:\/\/filosofiacienciacabala.com\/?s={search_term_string}"},"query-input":"required name=search_term_string"}],"inLanguage":"es"},{"@type":"Person","@id":"https:\/\/filosofiacienciacabala.com\/#\/schema\/person\/aa6e7fe0c15474fb8c239be8d535daa0","name":"edhisoft","image":{"@type":"ImageObject","inLanguage":"es","@id":"https:\/\/filosofiacienciacabala.com\/#\/schema\/person\/image\/","url":"https:\/\/secure.gravatar.com\/avatar\/5864c5ece8229bc96c6e5b5fdf2594bb?s=96&d=mm&r=g","contentUrl":"https:\/\/secure.gravatar.com\/avatar\/5864c5ece8229bc96c6e5b5fdf2594bb?s=96&d=mm&r=g","caption":"edhisoft"},"sameAs":["https:\/\/filosofiacienciacabala.com"],"url":"https:\/\/filosofiacienciacabala.com\/index.php\/author\/edhisoft\/"}]}},"featured_image_urls":{"full":["https:\/\/filosofiacienciacabala.com\/wp-content\/uploads\/2023\/06\/El-proposito-de-la-vida.jpg",768,510,false],"thumbnail":["https:\/\/filosofiacienciacabala.com\/wp-content\/uploads\/2023\/06\/El-proposito-de-la-vida-150x150.jpg",150,150,true],"medium":["https:\/\/filosofiacienciacabala.com\/wp-content\/uploads\/2023\/06\/El-proposito-de-la-vida-300x199.jpg",300,199,true],"medium_large":["https:\/\/filosofiacienciacabala.com\/wp-content\/uploads\/2023\/06\/El-proposito-de-la-vida.jpg",640,425,false],"large":["https:\/\/filosofiacienciacabala.com\/wp-content\/uploads\/2023\/06\/El-proposito-de-la-vida.jpg",640,425,false],"1536x1536":["https:\/\/filosofiacienciacabala.com\/wp-content\/uploads\/2023\/06\/El-proposito-de-la-vida.jpg",768,510,false],"2048x2048":["https:\/\/filosofiacienciacabala.com\/wp-content\/uploads\/2023\/06\/El-proposito-de-la-vida.jpg",768,510,false],"covernews-slider-full":["https:\/\/filosofiacienciacabala.com\/wp-content\/uploads\/2023\/06\/El-proposito-de-la-vida.jpg",768,510,false],"covernews-slider-center":["https:\/\/filosofiacienciacabala.com\/wp-content\/uploads\/2023\/06\/El-proposito-de-la-vida-768x500.jpg",768,500,true],"covernews-featured":["https:\/\/filosofiacienciacabala.com\/wp-content\/uploads\/2023\/06\/El-proposito-de-la-vida.jpg",768,510,false],"covernews-medium":["https:\/\/filosofiacienciacabala.com\/wp-content\/uploads\/2023\/06\/El-proposito-de-la-vida-540x340.jpg",540,340,true],"covernews-medium-square":["https:\/\/filosofiacienciacabala.com\/wp-content\/uploads\/2023\/06\/El-proposito-de-la-vida-400x250.jpg",400,250,true],"mailpoet_newsletter_max":["https:\/\/filosofiacienciacabala.com\/wp-content\/uploads\/2023\/06\/El-proposito-de-la-vida.jpg",768,510,false]},"author_info":{"display_name":"edhisoft","author_link":"https:\/\/filosofiacienciacabala.com\/index.php\/author\/edhisoft\/"},"category_info":"<a href=\"https:\/\/filosofiacienciacabala.com\/index.php\/category\/filosofia\/\" rel=\"category tag\">Filosof\u00eda<\/a>","tag_info":"Filosof\u00eda","comment_count":"0","jetpack_featured_media_url":"https:\/\/filosofiacienciacabala.com\/wp-content\/uploads\/2023\/06\/El-proposito-de-la-vida.jpg","_links":{"self":[{"href":"https:\/\/filosofiacienciacabala.com\/index.php\/wp-json\/wp\/v2\/posts\/617"}],"collection":[{"href":"https:\/\/filosofiacienciacabala.com\/index.php\/wp-json\/wp\/v2\/posts"}],"about":[{"href":"https:\/\/filosofiacienciacabala.com\/index.php\/wp-json\/wp\/v2\/types\/post"}],"author":[{"embeddable":true,"href":"https:\/\/filosofiacienciacabala.com\/index.php\/wp-json\/wp\/v2\/users\/1"}],"replies":[{"embeddable":true,"href":"https:\/\/filosofiacienciacabala.com\/index.php\/wp-json\/wp\/v2\/comments?post=617"}],"version-history":[{"count":1,"href":"https:\/\/filosofiacienciacabala.com\/index.php\/wp-json\/wp\/v2\/posts\/617\/revisions"}],"predecessor-version":[{"id":620,"href":"https:\/\/filosofiacienciacabala.com\/index.php\/wp-json\/wp\/v2\/posts\/617\/revisions\/620"}],"wp:featuredmedia":[{"embeddable":true,"href":"https:\/\/filosofiacienciacabala.com\/index.php\/wp-json\/wp\/v2\/media\/619"}],"wp:attachment":[{"href":"https:\/\/filosofiacienciacabala.com\/index.php\/wp-json\/wp\/v2\/media?parent=617"}],"wp:term":[{"taxonomy":"category","embeddable":true,"href":"https:\/\/filosofiacienciacabala.com\/index.php\/wp-json\/wp\/v2\/categories?post=617"},{"taxonomy":"post_tag","embeddable":true,"href":"https:\/\/filosofiacienciacabala.com\/index.php\/wp-json\/wp\/v2\/tags?post=617"}],"curies":[{"name":"wp","href":"https:\/\/api.w.org\/{rel}","templated":true}]}}