{"id":520,"date":"2023-05-09T21:46:26","date_gmt":"2023-05-09T21:46:26","guid":{"rendered":"https:\/\/filosofiacienciacabala.com\/?p=520"},"modified":"2023-05-09T21:46:28","modified_gmt":"2023-05-09T21:46:28","slug":"entrevista-imaginaria-rene-descartes-preguntas-respuestas-filosofia","status":"publish","type":"post","link":"https:\/\/filosofiacienciacabala.com\/index.php\/2023\/05\/09\/entrevista-imaginaria-rene-descartes-preguntas-respuestas-filosofia\/","title":{"rendered":"Entrevista imaginaria con Ren\u00e9 Descartes: preguntas y respuestas sobre su filosof\u00eda"},"content":{"rendered":"\n<p>Ren\u00e9 Descartes es uno de los fil\u00f3sofos m\u00e1s influyentes en la historia de la filosof\u00eda occidental. Su filosof\u00eda, que enfatiza la importancia de la raz\u00f3n y la b\u00fasqueda de la verdad, sigue siendo relevante en la actualidad. Si estuviera vivo, ser\u00eda fascinante tener la oportunidad de sentarse con \u00e9l y hacerle algunas preguntas sobre su vida y obra. En esta entrevista imaginaria, exploraremos su filosof\u00eda y le haremos algunas preguntas sobre sus ideas y su legado.<\/p>\n\n\n\n<p>Pregunta 1: Hablemos sobre su m\u00e9todo de duda. \u00bfC\u00f3mo lleg\u00f3 a desarrollar este m\u00e9todo y qu\u00e9 cre\u00eda que se pod\u00eda lograr a trav\u00e9s de \u00e9l?<\/p>\n\n\n\n<p>Descartes es conocido por su m\u00e9todo de duda, que involucra la suspensi\u00f3n de todas las creencias hasta que se puedan establecer como verdaderas a trav\u00e9s de la raz\u00f3n. Cuando se le pregunta acerca de su m\u00e9todo de duda, Descartes explicar\u00eda que quer\u00eda encontrar una base s\u00f3lida sobre la cual construir su sistema filos\u00f3fico. Cre\u00eda que muchas de las creencias que las personas tienen se basan en la tradici\u00f3n o la autoridad, y no en la raz\u00f3n. Quer\u00eda descubrir qu\u00e9 conocimiento pod\u00eda establecerse como verdadero a trav\u00e9s del uso de la raz\u00f3n, y para hacerlo, decidi\u00f3 poner todas sus creencias en duda. Al final, lo que qued\u00f3 era una \u00fanica verdad indudable: \u00abpienso, luego existo\u00bb.<\/p>\n\n\n\n<p>Pregunta 2: Una de sus ideas m\u00e1s famosas es la dualidad mente-cuerpo. \u00bfPuede hablar sobre c\u00f3mo lleg\u00f3 a esta idea y c\u00f3mo la desarroll\u00f3 en su filosof\u00eda?<\/p>\n\n\n\n<p>Descartes cre\u00eda que el mundo se compone de dos tipos de sustancias: mentales y f\u00edsicas. Las sustancias mentales, como el pensamiento y la conciencia, son inmateriales y no tienen extensi\u00f3n en el espacio. Las sustancias f\u00edsicas, como los objetos y los cuerpos, tienen extensi\u00f3n en el espacio pero no tienen conciencia ni pensamiento. La idea de la dualidad mente-cuerpo se origin\u00f3 en la idea de que la mente y el cuerpo son dos sustancias diferentes pero interact\u00faan entre s\u00ed. Descartes cre\u00eda que la mente y el cuerpo interact\u00faan a trav\u00e9s de la gl\u00e1ndula pineal en el cerebro.<\/p>\n\n\n\n<p>Pregunta 3: Hablando de la educaci\u00f3n, usted dijo que \u00abla educaci\u00f3n es el m\u00e9todo m\u00e1s efectivo para mejorar la humanidad\u00bb. \u00bfPodr\u00eda explicar c\u00f3mo cree que la educaci\u00f3n puede lograr esto?<\/p>\n\n\n\n<p>Descartes cre\u00eda que la educaci\u00f3n era fundamental para la mejora de la humanidad. Cre\u00eda que a trav\u00e9s de la educaci\u00f3n, las personas pod\u00edan aprender a razonar correctamente.<\/p>\n\n\n\n<p> <a href=\"https:\/\/filosofiacienciacabala.com\/index.php\/2023\/05\/09\/entrevista-socrates-filosofia\/\">Una entrevista con S\u00f3crates: explorando su filosof\u00eda<\/a><\/p>\n\n\n\n<p>Por otro lado, tambi\u00e9n podr\u00edas preguntarle a Descartes sobre su teor\u00eda del conocimiento, la cual sostiene que el conocimiento verdadero solo puede ser alcanzado mediante la raz\u00f3n y la introspecci\u00f3n. Podr\u00edas preguntarle c\u00f3mo lleg\u00f3 a desarrollar esta teor\u00eda y c\u00f3mo la aplic\u00f3 en su propia vida y trabajo filos\u00f3fico.<\/p>\n\n\n\n<p>Otra \u00e1rea interesante para explorar con Descartes ser\u00eda su relaci\u00f3n con la religi\u00f3n. A pesar de ser considerado un fil\u00f3sofo racionalista, Descartes no rechaz\u00f3 completamente la religi\u00f3n y cre\u00eda en la existencia de Dios. Podr\u00edas preguntarle c\u00f3mo reconcili\u00f3 su filosof\u00eda racionalista con sus creencias religiosas y c\u00f3mo cree que la religi\u00f3n y la filosof\u00eda pueden coexistir.<\/p>\n\n\n\n<p>Adem\u00e1s, Descartes tambi\u00e9n hizo importantes contribuciones a las matem\u00e1ticas y la geometr\u00eda, incluyendo el desarrollo del sistema de coordenadas cartesianas que lleva su nombre. Podr\u00edas preguntarle sobre c\u00f3mo lleg\u00f3 a desarrollar estas ideas y c\u00f3mo influy\u00f3 su trabajo en la matem\u00e1tica y otras \u00e1reas de la ciencia.<\/p>\n\n\n\n<p>En resumen, si tuviera la oportunidad de entrevistar a Ren\u00e9 Descartes, tendr\u00eda muchas preguntas para hacerle sobre su vida, su trabajo filos\u00f3fico y su legado. Desde su teor\u00eda del conocimiento y su relaci\u00f3n con la religi\u00f3n hasta sus contribuciones a las matem\u00e1ticas y la ciencia, Descartes fue una figura fascinante que sigue siendo relevante hoy en d\u00eda.<\/p>\n","protected":false},"excerpt":{"rendered":"<p>Ren\u00e9 Descartes es uno de los fil\u00f3sofos m\u00e1s influyentes en la historia de la filosof\u00eda&#8230;<\/p>\n","protected":false},"author":1,"featured_media":522,"comment_status":"open","ping_status":"open","sticky":false,"template":"","format":"standard","meta":{"jetpack_publicize_message":"","jetpack_is_tweetstorm":false,"jetpack_publicize_feature_enabled":true,"jetpack_social_post_already_shared":true,"jetpack_social_options":{"image_generator_settings":{"template":"highway","enabled":false}}},"categories":[3],"tags":[],"jetpack_publicize_connections":[],"yoast_head":"<!-- This site is optimized with the Yoast SEO Premium plugin v20.5 (Yoast SEO v20.5) - https:\/\/yoast.com\/wordpress\/plugins\/seo\/ -->\n<title>Entrevista imaginaria con Ren\u00e9 Descartes: preguntas y respuestas<\/title>\n<meta name=\"description\" content=\"En esta entrevista imaginaria con Ren\u00e9 Descartes, exploramos su filosof\u00eda y le hacemos preguntas sobre su m\u00e9todo de duda, la relaci\u00f3n entre...\" \/>\n<meta name=\"robots\" content=\"index, follow, max-snippet:-1, max-image-preview:large, max-video-preview:-1\" \/>\n<link rel=\"canonical\" href=\"https:\/\/filosofiacienciacabala.com\/index.php\/2023\/05\/09\/entrevista-imaginaria-rene-descartes-preguntas-respuestas-filosofia\/\" \/>\n<meta property=\"og:locale\" content=\"es_ES\" \/>\n<meta property=\"og:type\" content=\"article\" \/>\n<meta property=\"og:title\" content=\"Entrevista imaginaria con Ren\u00e9 Descartes: preguntas y respuestas sobre su filosof\u00eda\" \/>\n<meta property=\"og:description\" content=\"En esta entrevista imaginaria con Ren\u00e9 Descartes, exploramos su filosof\u00eda y le hacemos preguntas sobre su m\u00e9todo de duda, la relaci\u00f3n entre...\" \/>\n<meta property=\"og:url\" content=\"https:\/\/filosofiacienciacabala.com\/index.php\/2023\/05\/09\/entrevista-imaginaria-rene-descartes-preguntas-respuestas-filosofia\/\" \/>\n<meta property=\"article:published_time\" content=\"2023-05-09T21:46:26+00:00\" \/>\n<meta property=\"article:modified_time\" content=\"2023-05-09T21:46:28+00:00\" \/>\n<meta property=\"og:image\" content=\"https:\/\/filosofiacienciacabala.com\/wp-content\/uploads\/2023\/05\/Entrevista-rene-descartes.jpg\" \/>\n\t<meta property=\"og:image:width\" content=\"768\" \/>\n\t<meta property=\"og:image:height\" content=\"510\" \/>\n\t<meta property=\"og:image:type\" content=\"image\/jpeg\" \/>\n<meta name=\"author\" content=\"edhisoft\" \/>\n<meta name=\"twitter:card\" content=\"summary_large_image\" \/>\n<meta name=\"twitter:label1\" content=\"Escrito por\" \/>\n\t<meta name=\"twitter:data1\" content=\"edhisoft\" \/>\n\t<meta name=\"twitter:label2\" content=\"Tiempo de lectura\" \/>\n\t<meta name=\"twitter:data2\" content=\"3 minutos\" \/>\n<script type=\"application\/ld+json\" class=\"yoast-schema-graph\">{\"@context\":\"https:\/\/schema.org\",\"@graph\":[{\"@type\":\"WebPage\",\"@id\":\"https:\/\/filosofiacienciacabala.com\/index.php\/2023\/05\/09\/entrevista-imaginaria-rene-descartes-preguntas-respuestas-filosofia\/\",\"url\":\"https:\/\/filosofiacienciacabala.com\/index.php\/2023\/05\/09\/entrevista-imaginaria-rene-descartes-preguntas-respuestas-filosofia\/\",\"name\":\"Entrevista imaginaria con Ren\u00e9 Descartes: preguntas y respuestas\",\"isPartOf\":{\"@id\":\"https:\/\/filosofiacienciacabala.com\/#website\"},\"datePublished\":\"2023-05-09T21:46:26+00:00\",\"dateModified\":\"2023-05-09T21:46:28+00:00\",\"author\":{\"@id\":\"https:\/\/filosofiacienciacabala.com\/#\/schema\/person\/aa6e7fe0c15474fb8c239be8d535daa0\"},\"description\":\"En esta entrevista imaginaria con Ren\u00e9 Descartes, exploramos su filosof\u00eda y le hacemos preguntas sobre su m\u00e9todo de duda, la relaci\u00f3n entre...\",\"breadcrumb\":{\"@id\":\"https:\/\/filosofiacienciacabala.com\/index.php\/2023\/05\/09\/entrevista-imaginaria-rene-descartes-preguntas-respuestas-filosofia\/#breadcrumb\"},\"inLanguage\":\"es\",\"potentialAction\":[{\"@type\":\"ReadAction\",\"target\":[\"https:\/\/filosofiacienciacabala.com\/index.php\/2023\/05\/09\/entrevista-imaginaria-rene-descartes-preguntas-respuestas-filosofia\/\"]}]},{\"@type\":\"BreadcrumbList\",\"@id\":\"https:\/\/filosofiacienciacabala.com\/index.php\/2023\/05\/09\/entrevista-imaginaria-rene-descartes-preguntas-respuestas-filosofia\/#breadcrumb\",\"itemListElement\":[{\"@type\":\"ListItem\",\"position\":1,\"name\":\"Portada\",\"item\":\"https:\/\/filosofiacienciacabala.com\/\"},{\"@type\":\"ListItem\",\"position\":2,\"name\":\"Entrevista imaginaria con Ren\u00e9 Descartes: preguntas y respuestas sobre su filosof\u00eda\"}]},{\"@type\":\"WebSite\",\"@id\":\"https:\/\/filosofiacienciacabala.com\/#website\",\"url\":\"https:\/\/filosofiacienciacabala.com\/\",\"name\":\"\",\"description\":\"\",\"potentialAction\":[{\"@type\":\"SearchAction\",\"target\":{\"@type\":\"EntryPoint\",\"urlTemplate\":\"https:\/\/filosofiacienciacabala.com\/?s={search_term_string}\"},\"query-input\":\"required name=search_term_string\"}],\"inLanguage\":\"es\"},{\"@type\":\"Person\",\"@id\":\"https:\/\/filosofiacienciacabala.com\/#\/schema\/person\/aa6e7fe0c15474fb8c239be8d535daa0\",\"name\":\"edhisoft\",\"image\":{\"@type\":\"ImageObject\",\"inLanguage\":\"es\",\"@id\":\"https:\/\/filosofiacienciacabala.com\/#\/schema\/person\/image\/\",\"url\":\"https:\/\/secure.gravatar.com\/avatar\/5864c5ece8229bc96c6e5b5fdf2594bb?s=96&d=mm&r=g\",\"contentUrl\":\"https:\/\/secure.gravatar.com\/avatar\/5864c5ece8229bc96c6e5b5fdf2594bb?s=96&d=mm&r=g\",\"caption\":\"edhisoft\"},\"sameAs\":[\"https:\/\/filosofiacienciacabala.com\"],\"url\":\"https:\/\/filosofiacienciacabala.com\/index.php\/author\/edhisoft\/\"}]}<\/script>\n<!-- \/ Yoast SEO Premium plugin. -->","yoast_head_json":{"title":"Entrevista imaginaria con Ren\u00e9 Descartes: preguntas y respuestas","description":"En esta entrevista imaginaria con Ren\u00e9 Descartes, exploramos su filosof\u00eda y le hacemos preguntas sobre su m\u00e9todo de duda, la relaci\u00f3n entre...","robots":{"index":"index","follow":"follow","max-snippet":"max-snippet:-1","max-image-preview":"max-image-preview:large","max-video-preview":"max-video-preview:-1"},"canonical":"https:\/\/filosofiacienciacabala.com\/index.php\/2023\/05\/09\/entrevista-imaginaria-rene-descartes-preguntas-respuestas-filosofia\/","og_locale":"es_ES","og_type":"article","og_title":"Entrevista imaginaria con Ren\u00e9 Descartes: preguntas y respuestas sobre su filosof\u00eda","og_description":"En esta entrevista imaginaria con Ren\u00e9 Descartes, exploramos su filosof\u00eda y le hacemos preguntas sobre su m\u00e9todo de duda, la relaci\u00f3n entre...","og_url":"https:\/\/filosofiacienciacabala.com\/index.php\/2023\/05\/09\/entrevista-imaginaria-rene-descartes-preguntas-respuestas-filosofia\/","article_published_time":"2023-05-09T21:46:26+00:00","article_modified_time":"2023-05-09T21:46:28+00:00","og_image":[{"width":768,"height":510,"url":"https:\/\/filosofiacienciacabala.com\/wp-content\/uploads\/2023\/05\/Entrevista-rene-descartes.jpg","type":"image\/jpeg"}],"author":"edhisoft","twitter_card":"summary_large_image","twitter_misc":{"Escrito por":"edhisoft","Tiempo de lectura":"3 minutos"},"schema":{"@context":"https:\/\/schema.org","@graph":[{"@type":"WebPage","@id":"https:\/\/filosofiacienciacabala.com\/index.php\/2023\/05\/09\/entrevista-imaginaria-rene-descartes-preguntas-respuestas-filosofia\/","url":"https:\/\/filosofiacienciacabala.com\/index.php\/2023\/05\/09\/entrevista-imaginaria-rene-descartes-preguntas-respuestas-filosofia\/","name":"Entrevista imaginaria con Ren\u00e9 Descartes: preguntas y respuestas","isPartOf":{"@id":"https:\/\/filosofiacienciacabala.com\/#website"},"datePublished":"2023-05-09T21:46:26+00:00","dateModified":"2023-05-09T21:46:28+00:00","author":{"@id":"https:\/\/filosofiacienciacabala.com\/#\/schema\/person\/aa6e7fe0c15474fb8c239be8d535daa0"},"description":"En esta entrevista imaginaria con Ren\u00e9 Descartes, exploramos su filosof\u00eda y le hacemos preguntas sobre su m\u00e9todo de duda, la relaci\u00f3n entre...","breadcrumb":{"@id":"https:\/\/filosofiacienciacabala.com\/index.php\/2023\/05\/09\/entrevista-imaginaria-rene-descartes-preguntas-respuestas-filosofia\/#breadcrumb"},"inLanguage":"es","potentialAction":[{"@type":"ReadAction","target":["https:\/\/filosofiacienciacabala.com\/index.php\/2023\/05\/09\/entrevista-imaginaria-rene-descartes-preguntas-respuestas-filosofia\/"]}]},{"@type":"BreadcrumbList","@id":"https:\/\/filosofiacienciacabala.com\/index.php\/2023\/05\/09\/entrevista-imaginaria-rene-descartes-preguntas-respuestas-filosofia\/#breadcrumb","itemListElement":[{"@type":"ListItem","position":1,"name":"Portada","item":"https:\/\/filosofiacienciacabala.com\/"},{"@type":"ListItem","position":2,"name":"Entrevista imaginaria con Ren\u00e9 Descartes: preguntas y respuestas sobre su filosof\u00eda"}]},{"@type":"WebSite","@id":"https:\/\/filosofiacienciacabala.com\/#website","url":"https:\/\/filosofiacienciacabala.com\/","name":"","description":"","potentialAction":[{"@type":"SearchAction","target":{"@type":"EntryPoint","urlTemplate":"https:\/\/filosofiacienciacabala.com\/?s={search_term_string}"},"query-input":"required name=search_term_string"}],"inLanguage":"es"},{"@type":"Person","@id":"https:\/\/filosofiacienciacabala.com\/#\/schema\/person\/aa6e7fe0c15474fb8c239be8d535daa0","name":"edhisoft","image":{"@type":"ImageObject","inLanguage":"es","@id":"https:\/\/filosofiacienciacabala.com\/#\/schema\/person\/image\/","url":"https:\/\/secure.gravatar.com\/avatar\/5864c5ece8229bc96c6e5b5fdf2594bb?s=96&d=mm&r=g","contentUrl":"https:\/\/secure.gravatar.com\/avatar\/5864c5ece8229bc96c6e5b5fdf2594bb?s=96&d=mm&r=g","caption":"edhisoft"},"sameAs":["https:\/\/filosofiacienciacabala.com"],"url":"https:\/\/filosofiacienciacabala.com\/index.php\/author\/edhisoft\/"}]}},"featured_image_urls":{"full":["https:\/\/filosofiacienciacabala.com\/wp-content\/uploads\/2023\/05\/Entrevista-rene-descartes.jpg",768,510,false],"thumbnail":["https:\/\/filosofiacienciacabala.com\/wp-content\/uploads\/2023\/05\/Entrevista-rene-descartes-150x150.jpg",150,150,true],"medium":["https:\/\/filosofiacienciacabala.com\/wp-content\/uploads\/2023\/05\/Entrevista-rene-descartes-300x199.jpg",300,199,true],"medium_large":["https:\/\/filosofiacienciacabala.com\/wp-content\/uploads\/2023\/05\/Entrevista-rene-descartes.jpg",640,425,false],"large":["https:\/\/filosofiacienciacabala.com\/wp-content\/uploads\/2023\/05\/Entrevista-rene-descartes.jpg",640,425,false],"1536x1536":["https:\/\/filosofiacienciacabala.com\/wp-content\/uploads\/2023\/05\/Entrevista-rene-descartes.jpg",768,510,false],"2048x2048":["https:\/\/filosofiacienciacabala.com\/wp-content\/uploads\/2023\/05\/Entrevista-rene-descartes.jpg",768,510,false],"covernews-slider-full":["https:\/\/filosofiacienciacabala.com\/wp-content\/uploads\/2023\/05\/Entrevista-rene-descartes.jpg",768,510,false],"covernews-slider-center":["https:\/\/filosofiacienciacabala.com\/wp-content\/uploads\/2023\/05\/Entrevista-rene-descartes-768x500.jpg",768,500,true],"covernews-featured":["https:\/\/filosofiacienciacabala.com\/wp-content\/uploads\/2023\/05\/Entrevista-rene-descartes.jpg",768,510,false],"covernews-medium":["https:\/\/filosofiacienciacabala.com\/wp-content\/uploads\/2023\/05\/Entrevista-rene-descartes-540x340.jpg",540,340,true],"covernews-medium-square":["https:\/\/filosofiacienciacabala.com\/wp-content\/uploads\/2023\/05\/Entrevista-rene-descartes-400x250.jpg",400,250,true],"mailpoet_newsletter_max":["https:\/\/filosofiacienciacabala.com\/wp-content\/uploads\/2023\/05\/Entrevista-rene-descartes.jpg",768,510,false]},"author_info":{"display_name":"edhisoft","author_link":"https:\/\/filosofiacienciacabala.com\/index.php\/author\/edhisoft\/"},"category_info":"<a href=\"https:\/\/filosofiacienciacabala.com\/index.php\/category\/filosofia\/\" rel=\"category tag\">Filosof\u00eda<\/a>","tag_info":"Filosof\u00eda","comment_count":"0","jetpack_featured_media_url":"https:\/\/filosofiacienciacabala.com\/wp-content\/uploads\/2023\/05\/Entrevista-rene-descartes.jpg","_links":{"self":[{"href":"https:\/\/filosofiacienciacabala.com\/index.php\/wp-json\/wp\/v2\/posts\/520"}],"collection":[{"href":"https:\/\/filosofiacienciacabala.com\/index.php\/wp-json\/wp\/v2\/posts"}],"about":[{"href":"https:\/\/filosofiacienciacabala.com\/index.php\/wp-json\/wp\/v2\/types\/post"}],"author":[{"embeddable":true,"href":"https:\/\/filosofiacienciacabala.com\/index.php\/wp-json\/wp\/v2\/users\/1"}],"replies":[{"embeddable":true,"href":"https:\/\/filosofiacienciacabala.com\/index.php\/wp-json\/wp\/v2\/comments?post=520"}],"version-history":[{"count":1,"href":"https:\/\/filosofiacienciacabala.com\/index.php\/wp-json\/wp\/v2\/posts\/520\/revisions"}],"predecessor-version":[{"id":523,"href":"https:\/\/filosofiacienciacabala.com\/index.php\/wp-json\/wp\/v2\/posts\/520\/revisions\/523"}],"wp:featuredmedia":[{"embeddable":true,"href":"https:\/\/filosofiacienciacabala.com\/index.php\/wp-json\/wp\/v2\/media\/522"}],"wp:attachment":[{"href":"https:\/\/filosofiacienciacabala.com\/index.php\/wp-json\/wp\/v2\/media?parent=520"}],"wp:term":[{"taxonomy":"category","embeddable":true,"href":"https:\/\/filosofiacienciacabala.com\/index.php\/wp-json\/wp\/v2\/categories?post=520"},{"taxonomy":"post_tag","embeddable":true,"href":"https:\/\/filosofiacienciacabala.com\/index.php\/wp-json\/wp\/v2\/tags?post=520"}],"curies":[{"name":"wp","href":"https:\/\/api.w.org\/{rel}","templated":true}]}}