{"id":516,"date":"2023-05-09T21:01:12","date_gmt":"2023-05-09T21:01:12","guid":{"rendered":"https:\/\/filosofiacienciacabala.com\/?p=516"},"modified":"2023-05-09T21:49:49","modified_gmt":"2023-05-09T21:49:49","slug":"entrevista-socrates-filosofia","status":"publish","type":"post","link":"https:\/\/filosofiacienciacabala.com\/index.php\/2023\/05\/09\/entrevista-socrates-filosofia\/","title":{"rendered":"Una entrevista con S\u00f3crates: explorando su filosof\u00eda"},"content":{"rendered":"\n<p>En la historia de la filosof\u00eda, pocos nombres son tan reconocidos como el de S\u00f3crates. Este famoso fil\u00f3sofo griego es conocido por su estilo de ense\u00f1anza socr\u00e1tico, su amor por la verdad y su habilidad para hacer preguntas dif\u00edciles. Aunque han pasado m\u00e1s de 2,400 a\u00f1os desde su muerte, su filosof\u00eda sigue siendo relevante y sigue siendo objeto de estudio y debate en todo el mundo. En esta entrevista ficticia, exploramos la filosof\u00eda de S\u00f3crates y lo que podr\u00eda decirnos hoy en d\u00eda.<\/p>\n\n\n\n<p>S\u00f3crates, es un honor tenerlo aqu\u00ed hoy para esta entrevista. \u00bfC\u00f3mo describir\u00eda su filosof\u00eda a alguien que no la conoce?<\/p>\n\n\n\n<p>Buenos d\u00edas, es un placer estar aqu\u00ed. Mi filosof\u00eda es simple, pero a la vez compleja. Creo que la verdad es el objetivo final de la vida, y que debemos buscarla a trav\u00e9s de la raz\u00f3n y el di\u00e1logo. Mi estilo de ense\u00f1anza, el m\u00e9todo socr\u00e1tico, se basa en hacer preguntas para llevar a los estudiantes a la verdad. Creo que es importante cuestionar todo y no aceptar nada sin un buen razonamiento. Tambi\u00e9n creo que es nuestra responsabilidad vivir una vida virtuosa y justa.<\/p>\n\n\n\n<p>Su enfoque en la verdad y en cuestionar todo parece muy relevante hoy en d\u00eda, especialmente en un mundo donde la informaci\u00f3n es abundante pero a veces confusa. \u00bfC\u00f3mo cree que podemos aplicar su filosof\u00eda en nuestra sociedad actual?<\/p>\n\n\n\n<p>Creo que mi filosof\u00eda sigue siendo relevante hoy en d\u00eda porque todav\u00eda vivimos en un mundo lleno de preguntas sin respuestas. Debemos ser cr\u00edticos de la informaci\u00f3n que se nos presenta y buscar la verdad. En lugar de aceptar todo lo que nos dicen sin cuestionar, debemos buscar la raz\u00f3n detr\u00e1s de las afirmaciones. Adem\u00e1s, debemos tratar a los dem\u00e1s con respeto y justicia. Mi filosof\u00eda de la virtud y la justicia sigue siendo relevante hoy en d\u00eda, y creo que si vivimos nuestras vidas de acuerdo con estos principios, podemos tener un impacto positivo en nuestra sociedad.<\/p>\n\n\n\n<p>Ha mencionado la importancia del di\u00e1logo y el m\u00e9todo socr\u00e1tico. \u00bfPodr\u00eda explicar c\u00f3mo funciona su m\u00e9todo y por qu\u00e9 es efectivo?<\/p>\n\n\n\n<p>El m\u00e9todo socr\u00e1tico se basa en hacer preguntas y llegar a la verdad a trav\u00e9s de un di\u00e1logo. En lugar de simplemente ense\u00f1ar a los estudiantes lo que deben saber, mi m\u00e9todo se enfoca en hacerles preguntas y hacer que piensen por s\u00ed mismos. La idea es que, a trav\u00e9s de la pregunta y la reflexi\u00f3n, los estudiantes llegar\u00e1n a la verdad por s\u00ed mismos.<\/p>\n\n\n\n<p>El m\u00e9todo socr\u00e1tico es efectivo porque fomenta el pensamiento cr\u00edtico y la reflex<\/p>\n\n\n\n<p>i\u00f3n. En lugar de simplemente memorizar informaci\u00f3n, los estudiantes aprenden a cuestionar lo que se les presenta y a buscar la verdad por s\u00ed mismos. Adem\u00e1s, el di\u00e1logo y la discusi\u00f3n pueden ayudar a los estudiantes a comprender mejor los puntos de vista de los dem\u00e1s y a desarrollar empat\u00eda. Esto puede ser especialmente \u00fatil en una sociedad cada vez m\u00e1s polarizada.<\/p>\n\n\n\n<p>Adem\u00e1s, el m\u00e9todo socr\u00e1tico tambi\u00e9n fomenta la humildad y la honestidad intelectual. Al reconocer que no tenemos todas las respuestas, estamos abiertos a aprender de los dem\u00e1s y a aceptar que podemos estar equivocados. Esto puede ser dif\u00edcil para algunas personas, pero es esencial si queremos vivir vidas virtuosas y justas.<\/p>\n\n\n\n<p>\u00bfC\u00f3mo cree que su filosof\u00eda se relaciona con la idea de la democracia y la ciudadan\u00eda?<\/p>\n\n\n\n<p>Creo que mi filosof\u00eda se relaciona estrechamente con la idea de la democracia y la ciudadan\u00eda. Creo que es nuestra responsabilidad como ciudadanos ser cr\u00edticos de la informaci\u00f3n que se nos presenta y buscar la verdad. En una democracia, es especialmente importante que los ciudadanos est\u00e9n bien informados y sean capaces de tomar decisiones informadas. <\/p>\n\n\n\n<p>Tambi\u00e9n te puede interesar: <a href=\"https:\/\/filosofiacienciacabala.com\/index.php\/2023\/05\/08\/tocando-el-conocimiento-eterno-las-preguntas-inquietantes-que-le-haria-a-platon-si-pudiera-hablar-con-el-en-persona\/\">Tocando el conocimiento eterno: Las preguntas inquietantes que le har\u00eda a Plat\u00f3n si pudiera hablar con \u00e9l en persona<\/a><\/p>\n\n\n\n<p>Adem\u00e1s, creo que la justicia es fundamental para una sociedad justa y equitativa. Como ciudadanos, debemos luchar por la justicia y tratar a los dem\u00e1s con respeto y equidad. Esto incluye a aquellos que no est\u00e1n de acuerdo con nosotros y aquellos que son diferentes a nosotros. Debemos buscar el bien com\u00fan y trabajar juntos para construir una sociedad mejor.<\/p>\n\n\n\n<p>Ha habido algunas cr\u00edticas a su filosof\u00eda, especialmente en lo que respecta a la religi\u00f3n y los dioses. \u00bfPodr\u00eda explicar su postura sobre este tema?<\/p>\n\n\n\n<p>Es cierto que mi filosof\u00eda a veces ha sido criticada por su falta de \u00e9nfasis en la religi\u00f3n y los dioses. Sin embargo, creo que la verdad es la verdad, independientemente de qui\u00e9n la diga. Mi filosof\u00eda se basa en la raz\u00f3n y el di\u00e1logo, y creo que es importante cuestionar todo, incluso nuestras creencias religiosas.<\/p>\n\n\n\n<p>Sin embargo, eso no significa que yo haya sido un ateo. Si bien no enfatic\u00e9 la religi\u00f3n en mi filosof\u00eda, no necesariamente la rechac\u00e9 por completo. Creo que es posible vivir una vida virtuosa y justa independientemente de la religi\u00f3n que uno siga, siempre y cuando se sigan los principios b\u00e1sicos de la raz\u00f3n y la justicia.<\/p>\n\n\n\n<p>\u00bfHay alg\u00fan mensaje final que le gustar\u00eda compartir con nuestros lectores?<\/p>\n\n\n\n<p>Simplemente les insto a que sigan buscando la verdad y a que cuestionen todo lo que se les presenta. La verdad puede ser dif\u00edcil de encontrar, pero es esencial si queremos vivir vidas virtuosas y justas. Adem\u00e1s, les pido que traten a los dem\u00e1s con respeto y equidad, incluso a aquellos con los que no est\u00e1n de acuerdo. Juntos, podemos construir una sociedad m\u00e1s justa y equitativa si nos esforzamos por la verdad y la justicia.<\/p>\n","protected":false},"excerpt":{"rendered":"<p>En la historia de la filosof\u00eda, pocos nombres son tan reconocidos como el de S\u00f3crates&#8230;.<\/p>\n","protected":false},"author":1,"featured_media":524,"comment_status":"open","ping_status":"open","sticky":false,"template":"","format":"standard","meta":{"jetpack_publicize_message":"","jetpack_is_tweetstorm":false,"jetpack_publicize_feature_enabled":true,"jetpack_social_post_already_shared":true,"jetpack_social_options":{"image_generator_settings":{"template":"highway","enabled":false}}},"categories":[3],"tags":[],"jetpack_publicize_connections":[],"yoast_head":"<!-- This site is optimized with the Yoast SEO Premium plugin v20.5 (Yoast SEO v20.5) - https:\/\/yoast.com\/wordpress\/plugins\/seo\/ -->\n<title>Una entrevista con S\u00f3crates: explorando su filosof\u00eda<\/title>\n<meta name=\"description\" content=\"En esta entrevista ficticia con el famoso fil\u00f3sofo griego S\u00f3crates, exploramos su filosof\u00eda y su impacto en la sociedad actual.\" \/>\n<meta name=\"robots\" content=\"index, follow, max-snippet:-1, max-image-preview:large, max-video-preview:-1\" \/>\n<link rel=\"canonical\" href=\"https:\/\/filosofiacienciacabala.com\/index.php\/2023\/05\/09\/entrevista-socrates-filosofia\/\" \/>\n<meta property=\"og:locale\" content=\"es_ES\" \/>\n<meta property=\"og:type\" content=\"article\" \/>\n<meta property=\"og:title\" content=\"Una entrevista con S\u00f3crates: explorando su filosof\u00eda\" \/>\n<meta property=\"og:description\" content=\"En esta entrevista ficticia con el famoso fil\u00f3sofo griego S\u00f3crates, exploramos su filosof\u00eda y su impacto en la sociedad actual.\" \/>\n<meta property=\"og:url\" content=\"https:\/\/filosofiacienciacabala.com\/index.php\/2023\/05\/09\/entrevista-socrates-filosofia\/\" \/>\n<meta property=\"article:published_time\" content=\"2023-05-09T21:01:12+00:00\" \/>\n<meta property=\"article:modified_time\" content=\"2023-05-09T21:49:49+00:00\" \/>\n<meta property=\"og:image\" content=\"https:\/\/filosofiacienciacabala.com\/wp-content\/uploads\/2023\/05\/entrevista-socrates.jpg\" \/>\n\t<meta property=\"og:image:width\" content=\"768\" \/>\n\t<meta property=\"og:image:height\" content=\"510\" \/>\n\t<meta property=\"og:image:type\" content=\"image\/jpeg\" \/>\n<meta name=\"author\" content=\"edhisoft\" \/>\n<meta name=\"twitter:card\" content=\"summary_large_image\" \/>\n<meta name=\"twitter:label1\" content=\"Escrito por\" \/>\n\t<meta name=\"twitter:data1\" content=\"edhisoft\" \/>\n\t<meta name=\"twitter:label2\" content=\"Tiempo de lectura\" \/>\n\t<meta name=\"twitter:data2\" content=\"5 minutos\" \/>\n<script type=\"application\/ld+json\" class=\"yoast-schema-graph\">{\"@context\":\"https:\/\/schema.org\",\"@graph\":[{\"@type\":\"WebPage\",\"@id\":\"https:\/\/filosofiacienciacabala.com\/index.php\/2023\/05\/09\/entrevista-socrates-filosofia\/\",\"url\":\"https:\/\/filosofiacienciacabala.com\/index.php\/2023\/05\/09\/entrevista-socrates-filosofia\/\",\"name\":\"Una entrevista con S\u00f3crates: explorando su filosof\u00eda\",\"isPartOf\":{\"@id\":\"https:\/\/filosofiacienciacabala.com\/#website\"},\"datePublished\":\"2023-05-09T21:01:12+00:00\",\"dateModified\":\"2023-05-09T21:49:49+00:00\",\"author\":{\"@id\":\"https:\/\/filosofiacienciacabala.com\/#\/schema\/person\/aa6e7fe0c15474fb8c239be8d535daa0\"},\"description\":\"En esta entrevista ficticia con el famoso fil\u00f3sofo griego S\u00f3crates, exploramos su filosof\u00eda y su impacto en la sociedad actual.\",\"breadcrumb\":{\"@id\":\"https:\/\/filosofiacienciacabala.com\/index.php\/2023\/05\/09\/entrevista-socrates-filosofia\/#breadcrumb\"},\"inLanguage\":\"es\",\"potentialAction\":[{\"@type\":\"ReadAction\",\"target\":[\"https:\/\/filosofiacienciacabala.com\/index.php\/2023\/05\/09\/entrevista-socrates-filosofia\/\"]}]},{\"@type\":\"BreadcrumbList\",\"@id\":\"https:\/\/filosofiacienciacabala.com\/index.php\/2023\/05\/09\/entrevista-socrates-filosofia\/#breadcrumb\",\"itemListElement\":[{\"@type\":\"ListItem\",\"position\":1,\"name\":\"Portada\",\"item\":\"https:\/\/filosofiacienciacabala.com\/\"},{\"@type\":\"ListItem\",\"position\":2,\"name\":\"Una entrevista con S\u00f3crates: explorando su filosof\u00eda\"}]},{\"@type\":\"WebSite\",\"@id\":\"https:\/\/filosofiacienciacabala.com\/#website\",\"url\":\"https:\/\/filosofiacienciacabala.com\/\",\"name\":\"\",\"description\":\"\",\"potentialAction\":[{\"@type\":\"SearchAction\",\"target\":{\"@type\":\"EntryPoint\",\"urlTemplate\":\"https:\/\/filosofiacienciacabala.com\/?s={search_term_string}\"},\"query-input\":\"required name=search_term_string\"}],\"inLanguage\":\"es\"},{\"@type\":\"Person\",\"@id\":\"https:\/\/filosofiacienciacabala.com\/#\/schema\/person\/aa6e7fe0c15474fb8c239be8d535daa0\",\"name\":\"edhisoft\",\"image\":{\"@type\":\"ImageObject\",\"inLanguage\":\"es\",\"@id\":\"https:\/\/filosofiacienciacabala.com\/#\/schema\/person\/image\/\",\"url\":\"https:\/\/secure.gravatar.com\/avatar\/5864c5ece8229bc96c6e5b5fdf2594bb?s=96&d=mm&r=g\",\"contentUrl\":\"https:\/\/secure.gravatar.com\/avatar\/5864c5ece8229bc96c6e5b5fdf2594bb?s=96&d=mm&r=g\",\"caption\":\"edhisoft\"},\"sameAs\":[\"https:\/\/filosofiacienciacabala.com\"],\"url\":\"https:\/\/filosofiacienciacabala.com\/index.php\/author\/edhisoft\/\"}]}<\/script>\n<!-- \/ Yoast SEO Premium plugin. -->","yoast_head_json":{"title":"Una entrevista con S\u00f3crates: explorando su filosof\u00eda","description":"En esta entrevista ficticia con el famoso fil\u00f3sofo griego S\u00f3crates, exploramos su filosof\u00eda y su impacto en la sociedad actual.","robots":{"index":"index","follow":"follow","max-snippet":"max-snippet:-1","max-image-preview":"max-image-preview:large","max-video-preview":"max-video-preview:-1"},"canonical":"https:\/\/filosofiacienciacabala.com\/index.php\/2023\/05\/09\/entrevista-socrates-filosofia\/","og_locale":"es_ES","og_type":"article","og_title":"Una entrevista con S\u00f3crates: explorando su filosof\u00eda","og_description":"En esta entrevista ficticia con el famoso fil\u00f3sofo griego S\u00f3crates, exploramos su filosof\u00eda y su impacto en la sociedad actual.","og_url":"https:\/\/filosofiacienciacabala.com\/index.php\/2023\/05\/09\/entrevista-socrates-filosofia\/","article_published_time":"2023-05-09T21:01:12+00:00","article_modified_time":"2023-05-09T21:49:49+00:00","og_image":[{"width":768,"height":510,"url":"https:\/\/filosofiacienciacabala.com\/wp-content\/uploads\/2023\/05\/entrevista-socrates.jpg","type":"image\/jpeg"}],"author":"edhisoft","twitter_card":"summary_large_image","twitter_misc":{"Escrito por":"edhisoft","Tiempo de lectura":"5 minutos"},"schema":{"@context":"https:\/\/schema.org","@graph":[{"@type":"WebPage","@id":"https:\/\/filosofiacienciacabala.com\/index.php\/2023\/05\/09\/entrevista-socrates-filosofia\/","url":"https:\/\/filosofiacienciacabala.com\/index.php\/2023\/05\/09\/entrevista-socrates-filosofia\/","name":"Una entrevista con S\u00f3crates: explorando su filosof\u00eda","isPartOf":{"@id":"https:\/\/filosofiacienciacabala.com\/#website"},"datePublished":"2023-05-09T21:01:12+00:00","dateModified":"2023-05-09T21:49:49+00:00","author":{"@id":"https:\/\/filosofiacienciacabala.com\/#\/schema\/person\/aa6e7fe0c15474fb8c239be8d535daa0"},"description":"En esta entrevista ficticia con el famoso fil\u00f3sofo griego S\u00f3crates, exploramos su filosof\u00eda y su impacto en la sociedad actual.","breadcrumb":{"@id":"https:\/\/filosofiacienciacabala.com\/index.php\/2023\/05\/09\/entrevista-socrates-filosofia\/#breadcrumb"},"inLanguage":"es","potentialAction":[{"@type":"ReadAction","target":["https:\/\/filosofiacienciacabala.com\/index.php\/2023\/05\/09\/entrevista-socrates-filosofia\/"]}]},{"@type":"BreadcrumbList","@id":"https:\/\/filosofiacienciacabala.com\/index.php\/2023\/05\/09\/entrevista-socrates-filosofia\/#breadcrumb","itemListElement":[{"@type":"ListItem","position":1,"name":"Portada","item":"https:\/\/filosofiacienciacabala.com\/"},{"@type":"ListItem","position":2,"name":"Una entrevista con S\u00f3crates: explorando su filosof\u00eda"}]},{"@type":"WebSite","@id":"https:\/\/filosofiacienciacabala.com\/#website","url":"https:\/\/filosofiacienciacabala.com\/","name":"","description":"","potentialAction":[{"@type":"SearchAction","target":{"@type":"EntryPoint","urlTemplate":"https:\/\/filosofiacienciacabala.com\/?s={search_term_string}"},"query-input":"required name=search_term_string"}],"inLanguage":"es"},{"@type":"Person","@id":"https:\/\/filosofiacienciacabala.com\/#\/schema\/person\/aa6e7fe0c15474fb8c239be8d535daa0","name":"edhisoft","image":{"@type":"ImageObject","inLanguage":"es","@id":"https:\/\/filosofiacienciacabala.com\/#\/schema\/person\/image\/","url":"https:\/\/secure.gravatar.com\/avatar\/5864c5ece8229bc96c6e5b5fdf2594bb?s=96&d=mm&r=g","contentUrl":"https:\/\/secure.gravatar.com\/avatar\/5864c5ece8229bc96c6e5b5fdf2594bb?s=96&d=mm&r=g","caption":"edhisoft"},"sameAs":["https:\/\/filosofiacienciacabala.com"],"url":"https:\/\/filosofiacienciacabala.com\/index.php\/author\/edhisoft\/"}]}},"featured_image_urls":{"full":["https:\/\/filosofiacienciacabala.com\/wp-content\/uploads\/2023\/05\/entrevista-socrates.jpg",768,510,false],"thumbnail":["https:\/\/filosofiacienciacabala.com\/wp-content\/uploads\/2023\/05\/entrevista-socrates-150x150.jpg",150,150,true],"medium":["https:\/\/filosofiacienciacabala.com\/wp-content\/uploads\/2023\/05\/entrevista-socrates-300x199.jpg",300,199,true],"medium_large":["https:\/\/filosofiacienciacabala.com\/wp-content\/uploads\/2023\/05\/entrevista-socrates.jpg",640,425,false],"large":["https:\/\/filosofiacienciacabala.com\/wp-content\/uploads\/2023\/05\/entrevista-socrates.jpg",640,425,false],"1536x1536":["https:\/\/filosofiacienciacabala.com\/wp-content\/uploads\/2023\/05\/entrevista-socrates.jpg",768,510,false],"2048x2048":["https:\/\/filosofiacienciacabala.com\/wp-content\/uploads\/2023\/05\/entrevista-socrates.jpg",768,510,false],"covernews-slider-full":["https:\/\/filosofiacienciacabala.com\/wp-content\/uploads\/2023\/05\/entrevista-socrates.jpg",768,510,false],"covernews-slider-center":["https:\/\/filosofiacienciacabala.com\/wp-content\/uploads\/2023\/05\/entrevista-socrates-768x500.jpg",768,500,true],"covernews-featured":["https:\/\/filosofiacienciacabala.com\/wp-content\/uploads\/2023\/05\/entrevista-socrates.jpg",768,510,false],"covernews-medium":["https:\/\/filosofiacienciacabala.com\/wp-content\/uploads\/2023\/05\/entrevista-socrates-540x340.jpg",540,340,true],"covernews-medium-square":["https:\/\/filosofiacienciacabala.com\/wp-content\/uploads\/2023\/05\/entrevista-socrates-400x250.jpg",400,250,true],"mailpoet_newsletter_max":["https:\/\/filosofiacienciacabala.com\/wp-content\/uploads\/2023\/05\/entrevista-socrates.jpg",768,510,false]},"author_info":{"display_name":"edhisoft","author_link":"https:\/\/filosofiacienciacabala.com\/index.php\/author\/edhisoft\/"},"category_info":"<a href=\"https:\/\/filosofiacienciacabala.com\/index.php\/category\/filosofia\/\" rel=\"category tag\">Filosof\u00eda<\/a>","tag_info":"Filosof\u00eda","comment_count":"0","jetpack_featured_media_url":"https:\/\/filosofiacienciacabala.com\/wp-content\/uploads\/2023\/05\/entrevista-socrates.jpg","_links":{"self":[{"href":"https:\/\/filosofiacienciacabala.com\/index.php\/wp-json\/wp\/v2\/posts\/516"}],"collection":[{"href":"https:\/\/filosofiacienciacabala.com\/index.php\/wp-json\/wp\/v2\/posts"}],"about":[{"href":"https:\/\/filosofiacienciacabala.com\/index.php\/wp-json\/wp\/v2\/types\/post"}],"author":[{"embeddable":true,"href":"https:\/\/filosofiacienciacabala.com\/index.php\/wp-json\/wp\/v2\/users\/1"}],"replies":[{"embeddable":true,"href":"https:\/\/filosofiacienciacabala.com\/index.php\/wp-json\/wp\/v2\/comments?post=516"}],"version-history":[{"count":1,"href":"https:\/\/filosofiacienciacabala.com\/index.php\/wp-json\/wp\/v2\/posts\/516\/revisions"}],"predecessor-version":[{"id":519,"href":"https:\/\/filosofiacienciacabala.com\/index.php\/wp-json\/wp\/v2\/posts\/516\/revisions\/519"}],"wp:featuredmedia":[{"embeddable":true,"href":"https:\/\/filosofiacienciacabala.com\/index.php\/wp-json\/wp\/v2\/media\/524"}],"wp:attachment":[{"href":"https:\/\/filosofiacienciacabala.com\/index.php\/wp-json\/wp\/v2\/media?parent=516"}],"wp:term":[{"taxonomy":"category","embeddable":true,"href":"https:\/\/filosofiacienciacabala.com\/index.php\/wp-json\/wp\/v2\/categories?post=516"},{"taxonomy":"post_tag","embeddable":true,"href":"https:\/\/filosofiacienciacabala.com\/index.php\/wp-json\/wp\/v2\/tags?post=516"}],"curies":[{"name":"wp","href":"https:\/\/api.w.org\/{rel}","templated":true}]}}