{"id":451,"date":"2023-04-06T22:50:35","date_gmt":"2023-04-06T22:50:35","guid":{"rendered":"https:\/\/filosofiacienciacabala.com\/index.php\/2023\/04\/06\/la-critica-de-nietzsche-al-imperativo-categorico-kantiano\/"},"modified":"2023-04-06T22:50:35","modified_gmt":"2023-04-06T22:50:35","slug":"la-critica-de-nietzsche-al-imperativo-categorico-kantiano","status":"publish","type":"post","link":"https:\/\/filosofiacienciacabala.com\/index.php\/2023\/04\/06\/la-critica-de-nietzsche-al-imperativo-categorico-kantiano\/","title":{"rendered":"La Cr\u00edtica de Nietzsche al Imperativo Categ\u00f3rico Kantiano"},"content":{"rendered":"<p>El fil\u00f3sofo alem\u00e1n Immanuel Kant (1724-1804) es uno de los m\u00e1s influyentes de la filosof\u00eda moderna, especialmente en lo que se refiere a su teor\u00eda \u00e9tica. Su imperativo categ\u00f3rico es una de sus principales contribuciones en este campo, que busca fundamentar la moralidad en la raz\u00f3n y la voluntad libre. Sin embargo, Nietzsche, uno de los cr\u00edticos m\u00e1s famosos de la filosof\u00eda kantiana, no compart\u00eda esta visi\u00f3n.<br \/>\n Nietzsche consideraba que el imperativo categ\u00f3rico era una f\u00f3rmula vac\u00eda e in\u00fatil, que no ofrec\u00eda una gu\u00eda \u00fatil para la acci\u00f3n moral. En su obra M\u00e1s all\u00e1 del bien y del mal, afirma que el imperativo categ\u00f3rico no es m\u00e1s que una f\u00f3rmula vac\u00eda y que la verdadera tarea consiste en encontrar una moralidad adecuada a nuestro tiempo, a nuestro pueblo y a nosotros mismos.<br \/>\n En lugar de basar la moralidad en la raz\u00f3n y la voluntad libre, Nietzsche sosten\u00eda que las acciones humanas son motivadas por fuerzas m\u00e1s profundas, como la voluntad de poder. Para \u00e9l, la moralidad no se puede establecer de forma universal y objetiva, sino que es algo que var\u00eda seg\u00fan las circunstancias y las necesidades de cada individuo.<br \/>\n Adem\u00e1s, Nietzsche criticaba la idea kantiana de que la moralidad debe ser incondicional. En su obra Genealog\u00eda de la moral, argumenta que la moralidad no es algo que se deba aplicar de forma universal e incondicional, sino que debe estar sujeta a las necesidades y los deseos de cada individuo. En este sentido, la moralidad es algo que se construye a medida que se avanza en la vida y que var\u00eda de una persona a otra.<br \/>\n En conclusi\u00f3n, Nietzsche consideraba que el imperativo categ\u00f3rico kantiano no era una base s\u00f3lida para la moralidad, ya que no ofrec\u00eda una gu\u00eda \u00fatil para la acci\u00f3n y no ten\u00eda en cuenta las fuerzas m\u00e1s profundas que motivan las acciones humanas. Para \u00e9l, la moralidad es algo que se construye a medida que se avanza en la vida y que debe estar sujeta a las necesidades y los deseos de cada individuo.<\/p>\n","protected":false},"excerpt":{"rendered":"<p>El fil\u00f3sofo alem\u00e1n Immanuel Kant (1724-1804) es uno de los m\u00e1s influyentes de la filosof\u00eda&#8230;<\/p>\n","protected":false},"author":1,"featured_media":404,"comment_status":"open","ping_status":"open","sticky":false,"template":"","format":"standard","meta":{"jetpack_publicize_message":"","jetpack_is_tweetstorm":false,"jetpack_publicize_feature_enabled":true,"jetpack_social_post_already_shared":false,"jetpack_social_options":{"image_generator_settings":{"template":"highway","enabled":false}}},"categories":[3,12],"tags":[55],"jetpack_publicize_connections":[],"yoast_head":"<!-- This site is optimized with the Yoast SEO Premium plugin v20.5 (Yoast SEO v20.5) - https:\/\/yoast.com\/wordpress\/plugins\/seo\/ -->\n<title>La Cr\u00edtica de Nietzsche al Imperativo Categ\u00f3rico Kantiano -<\/title>\n<meta name=\"robots\" content=\"index, follow, max-snippet:-1, max-image-preview:large, max-video-preview:-1\" \/>\n<link rel=\"canonical\" href=\"https:\/\/filosofiacienciacabala.com\/index.php\/2023\/04\/06\/la-critica-de-nietzsche-al-imperativo-categorico-kantiano\/\" \/>\n<meta property=\"og:locale\" content=\"es_ES\" \/>\n<meta property=\"og:type\" content=\"article\" \/>\n<meta property=\"og:title\" content=\"La Cr\u00edtica de Nietzsche al Imperativo Categ\u00f3rico Kantiano\" \/>\n<meta property=\"og:description\" content=\"El fil\u00f3sofo alem\u00e1n Immanuel Kant (1724-1804) es uno de los m\u00e1s influyentes de la filosof\u00eda...\" \/>\n<meta property=\"og:url\" content=\"https:\/\/filosofiacienciacabala.com\/index.php\/2023\/04\/06\/la-critica-de-nietzsche-al-imperativo-categorico-kantiano\/\" \/>\n<meta property=\"article:published_time\" content=\"2023-04-06T22:50:35+00:00\" \/>\n<meta property=\"og:image\" content=\"https:\/\/filosofiacienciacabala.com\/wp-content\/uploads\/2023\/04\/042.png\" \/>\n\t<meta property=\"og:image:width\" content=\"768\" \/>\n\t<meta property=\"og:image:height\" content=\"510\" \/>\n\t<meta property=\"og:image:type\" content=\"image\/png\" \/>\n<meta name=\"author\" content=\"edhisoft\" \/>\n<meta name=\"twitter:card\" content=\"summary_large_image\" \/>\n<meta name=\"twitter:label1\" content=\"Escrito por\" \/>\n\t<meta name=\"twitter:data1\" content=\"edhisoft\" \/>\n\t<meta name=\"twitter:label2\" content=\"Tiempo de lectura\" \/>\n\t<meta name=\"twitter:data2\" content=\"2 minutos\" \/>\n<script type=\"application\/ld+json\" class=\"yoast-schema-graph\">{\"@context\":\"https:\/\/schema.org\",\"@graph\":[{\"@type\":\"WebPage\",\"@id\":\"https:\/\/filosofiacienciacabala.com\/index.php\/2023\/04\/06\/la-critica-de-nietzsche-al-imperativo-categorico-kantiano\/\",\"url\":\"https:\/\/filosofiacienciacabala.com\/index.php\/2023\/04\/06\/la-critica-de-nietzsche-al-imperativo-categorico-kantiano\/\",\"name\":\"La Cr\u00edtica de Nietzsche al Imperativo Categ\u00f3rico Kantiano -\",\"isPartOf\":{\"@id\":\"https:\/\/filosofiacienciacabala.com\/#website\"},\"datePublished\":\"2023-04-06T22:50:35+00:00\",\"dateModified\":\"2023-04-06T22:50:35+00:00\",\"author\":{\"@id\":\"https:\/\/filosofiacienciacabala.com\/#\/schema\/person\/aa6e7fe0c15474fb8c239be8d535daa0\"},\"breadcrumb\":{\"@id\":\"https:\/\/filosofiacienciacabala.com\/index.php\/2023\/04\/06\/la-critica-de-nietzsche-al-imperativo-categorico-kantiano\/#breadcrumb\"},\"inLanguage\":\"es\",\"potentialAction\":[{\"@type\":\"ReadAction\",\"target\":[\"https:\/\/filosofiacienciacabala.com\/index.php\/2023\/04\/06\/la-critica-de-nietzsche-al-imperativo-categorico-kantiano\/\"]}]},{\"@type\":\"BreadcrumbList\",\"@id\":\"https:\/\/filosofiacienciacabala.com\/index.php\/2023\/04\/06\/la-critica-de-nietzsche-al-imperativo-categorico-kantiano\/#breadcrumb\",\"itemListElement\":[{\"@type\":\"ListItem\",\"position\":1,\"name\":\"Portada\",\"item\":\"https:\/\/filosofiacienciacabala.com\/\"},{\"@type\":\"ListItem\",\"position\":2,\"name\":\"La Cr\u00edtica de Nietzsche al Imperativo Categ\u00f3rico Kantiano\"}]},{\"@type\":\"WebSite\",\"@id\":\"https:\/\/filosofiacienciacabala.com\/#website\",\"url\":\"https:\/\/filosofiacienciacabala.com\/\",\"name\":\"\",\"description\":\"\",\"potentialAction\":[{\"@type\":\"SearchAction\",\"target\":{\"@type\":\"EntryPoint\",\"urlTemplate\":\"https:\/\/filosofiacienciacabala.com\/?s={search_term_string}\"},\"query-input\":\"required name=search_term_string\"}],\"inLanguage\":\"es\"},{\"@type\":\"Person\",\"@id\":\"https:\/\/filosofiacienciacabala.com\/#\/schema\/person\/aa6e7fe0c15474fb8c239be8d535daa0\",\"name\":\"edhisoft\",\"image\":{\"@type\":\"ImageObject\",\"inLanguage\":\"es\",\"@id\":\"https:\/\/filosofiacienciacabala.com\/#\/schema\/person\/image\/\",\"url\":\"https:\/\/secure.gravatar.com\/avatar\/5864c5ece8229bc96c6e5b5fdf2594bb?s=96&d=mm&r=g\",\"contentUrl\":\"https:\/\/secure.gravatar.com\/avatar\/5864c5ece8229bc96c6e5b5fdf2594bb?s=96&d=mm&r=g\",\"caption\":\"edhisoft\"},\"sameAs\":[\"https:\/\/filosofiacienciacabala.com\"],\"url\":\"https:\/\/filosofiacienciacabala.com\/index.php\/author\/edhisoft\/\"}]}<\/script>\n<!-- \/ Yoast SEO Premium plugin. -->","yoast_head_json":{"title":"La Cr\u00edtica de Nietzsche al Imperativo Categ\u00f3rico Kantiano -","robots":{"index":"index","follow":"follow","max-snippet":"max-snippet:-1","max-image-preview":"max-image-preview:large","max-video-preview":"max-video-preview:-1"},"canonical":"https:\/\/filosofiacienciacabala.com\/index.php\/2023\/04\/06\/la-critica-de-nietzsche-al-imperativo-categorico-kantiano\/","og_locale":"es_ES","og_type":"article","og_title":"La Cr\u00edtica de Nietzsche al Imperativo Categ\u00f3rico Kantiano","og_description":"El fil\u00f3sofo alem\u00e1n Immanuel Kant (1724-1804) es uno de los m\u00e1s influyentes de la filosof\u00eda...","og_url":"https:\/\/filosofiacienciacabala.com\/index.php\/2023\/04\/06\/la-critica-de-nietzsche-al-imperativo-categorico-kantiano\/","article_published_time":"2023-04-06T22:50:35+00:00","og_image":[{"width":768,"height":510,"url":"https:\/\/filosofiacienciacabala.com\/wp-content\/uploads\/2023\/04\/042.png","type":"image\/png"}],"author":"edhisoft","twitter_card":"summary_large_image","twitter_misc":{"Escrito por":"edhisoft","Tiempo de lectura":"2 minutos"},"schema":{"@context":"https:\/\/schema.org","@graph":[{"@type":"WebPage","@id":"https:\/\/filosofiacienciacabala.com\/index.php\/2023\/04\/06\/la-critica-de-nietzsche-al-imperativo-categorico-kantiano\/","url":"https:\/\/filosofiacienciacabala.com\/index.php\/2023\/04\/06\/la-critica-de-nietzsche-al-imperativo-categorico-kantiano\/","name":"La Cr\u00edtica de Nietzsche al Imperativo Categ\u00f3rico Kantiano -","isPartOf":{"@id":"https:\/\/filosofiacienciacabala.com\/#website"},"datePublished":"2023-04-06T22:50:35+00:00","dateModified":"2023-04-06T22:50:35+00:00","author":{"@id":"https:\/\/filosofiacienciacabala.com\/#\/schema\/person\/aa6e7fe0c15474fb8c239be8d535daa0"},"breadcrumb":{"@id":"https:\/\/filosofiacienciacabala.com\/index.php\/2023\/04\/06\/la-critica-de-nietzsche-al-imperativo-categorico-kantiano\/#breadcrumb"},"inLanguage":"es","potentialAction":[{"@type":"ReadAction","target":["https:\/\/filosofiacienciacabala.com\/index.php\/2023\/04\/06\/la-critica-de-nietzsche-al-imperativo-categorico-kantiano\/"]}]},{"@type":"BreadcrumbList","@id":"https:\/\/filosofiacienciacabala.com\/index.php\/2023\/04\/06\/la-critica-de-nietzsche-al-imperativo-categorico-kantiano\/#breadcrumb","itemListElement":[{"@type":"ListItem","position":1,"name":"Portada","item":"https:\/\/filosofiacienciacabala.com\/"},{"@type":"ListItem","position":2,"name":"La Cr\u00edtica de Nietzsche al Imperativo Categ\u00f3rico Kantiano"}]},{"@type":"WebSite","@id":"https:\/\/filosofiacienciacabala.com\/#website","url":"https:\/\/filosofiacienciacabala.com\/","name":"","description":"","potentialAction":[{"@type":"SearchAction","target":{"@type":"EntryPoint","urlTemplate":"https:\/\/filosofiacienciacabala.com\/?s={search_term_string}"},"query-input":"required name=search_term_string"}],"inLanguage":"es"},{"@type":"Person","@id":"https:\/\/filosofiacienciacabala.com\/#\/schema\/person\/aa6e7fe0c15474fb8c239be8d535daa0","name":"edhisoft","image":{"@type":"ImageObject","inLanguage":"es","@id":"https:\/\/filosofiacienciacabala.com\/#\/schema\/person\/image\/","url":"https:\/\/secure.gravatar.com\/avatar\/5864c5ece8229bc96c6e5b5fdf2594bb?s=96&d=mm&r=g","contentUrl":"https:\/\/secure.gravatar.com\/avatar\/5864c5ece8229bc96c6e5b5fdf2594bb?s=96&d=mm&r=g","caption":"edhisoft"},"sameAs":["https:\/\/filosofiacienciacabala.com"],"url":"https:\/\/filosofiacienciacabala.com\/index.php\/author\/edhisoft\/"}]}},"featured_image_urls":{"full":["https:\/\/filosofiacienciacabala.com\/wp-content\/uploads\/2023\/04\/042.png",768,510,false],"thumbnail":["https:\/\/filosofiacienciacabala.com\/wp-content\/uploads\/2023\/04\/042-150x150.png",150,150,true],"medium":["https:\/\/filosofiacienciacabala.com\/wp-content\/uploads\/2023\/04\/042-300x199.png",300,199,true],"medium_large":["https:\/\/filosofiacienciacabala.com\/wp-content\/uploads\/2023\/04\/042.png",640,425,false],"large":["https:\/\/filosofiacienciacabala.com\/wp-content\/uploads\/2023\/04\/042.png",640,425,false],"1536x1536":["https:\/\/filosofiacienciacabala.com\/wp-content\/uploads\/2023\/04\/042.png",768,510,false],"2048x2048":["https:\/\/filosofiacienciacabala.com\/wp-content\/uploads\/2023\/04\/042.png",768,510,false],"covernews-slider-full":["https:\/\/filosofiacienciacabala.com\/wp-content\/uploads\/2023\/04\/042.png",768,510,false],"covernews-slider-center":["https:\/\/filosofiacienciacabala.com\/wp-content\/uploads\/2023\/04\/042-768x500.png",768,500,true],"covernews-featured":["https:\/\/filosofiacienciacabala.com\/wp-content\/uploads\/2023\/04\/042.png",768,510,false],"covernews-medium":["https:\/\/filosofiacienciacabala.com\/wp-content\/uploads\/2023\/04\/042-540x340.png",540,340,true],"covernews-medium-square":["https:\/\/filosofiacienciacabala.com\/wp-content\/uploads\/2023\/04\/042-400x250.png",400,250,true],"mailpoet_newsletter_max":["https:\/\/filosofiacienciacabala.com\/wp-content\/uploads\/2023\/04\/042.png",768,510,false]},"author_info":{"display_name":"edhisoft","author_link":"https:\/\/filosofiacienciacabala.com\/index.php\/author\/edhisoft\/"},"category_info":"<a href=\"https:\/\/filosofiacienciacabala.com\/index.php\/category\/filosofia\/\" rel=\"category tag\">Filosof\u00eda<\/a> <a href=\"https:\/\/filosofiacienciacabala.com\/index.php\/category\/filosofia\/nietzsche\/\" rel=\"category tag\">Nietzsche<\/a>","tag_info":"Nietzsche","comment_count":"0","jetpack_featured_media_url":"https:\/\/filosofiacienciacabala.com\/wp-content\/uploads\/2023\/04\/042.png","_links":{"self":[{"href":"https:\/\/filosofiacienciacabala.com\/index.php\/wp-json\/wp\/v2\/posts\/451"}],"collection":[{"href":"https:\/\/filosofiacienciacabala.com\/index.php\/wp-json\/wp\/v2\/posts"}],"about":[{"href":"https:\/\/filosofiacienciacabala.com\/index.php\/wp-json\/wp\/v2\/types\/post"}],"author":[{"embeddable":true,"href":"https:\/\/filosofiacienciacabala.com\/index.php\/wp-json\/wp\/v2\/users\/1"}],"replies":[{"embeddable":true,"href":"https:\/\/filosofiacienciacabala.com\/index.php\/wp-json\/wp\/v2\/comments?post=451"}],"version-history":[{"count":0,"href":"https:\/\/filosofiacienciacabala.com\/index.php\/wp-json\/wp\/v2\/posts\/451\/revisions"}],"wp:featuredmedia":[{"embeddable":true,"href":"https:\/\/filosofiacienciacabala.com\/index.php\/wp-json\/wp\/v2\/media\/404"}],"wp:attachment":[{"href":"https:\/\/filosofiacienciacabala.com\/index.php\/wp-json\/wp\/v2\/media?parent=451"}],"wp:term":[{"taxonomy":"category","embeddable":true,"href":"https:\/\/filosofiacienciacabala.com\/index.php\/wp-json\/wp\/v2\/categories?post=451"},{"taxonomy":"post_tag","embeddable":true,"href":"https:\/\/filosofiacienciacabala.com\/index.php\/wp-json\/wp\/v2\/tags?post=451"}],"curies":[{"name":"wp","href":"https:\/\/api.w.org\/{rel}","templated":true}]}}