{"id":449,"date":"2023-04-06T22:50:33","date_gmt":"2023-04-06T22:50:33","guid":{"rendered":"https:\/\/filosofiacienciacabala.com\/index.php\/2023\/04\/06\/la-representacion-artistica-de-nietzsche-el-retrato-de-edvard-munch\/"},"modified":"2023-04-06T22:50:33","modified_gmt":"2023-04-06T22:50:33","slug":"la-representacion-artistica-de-nietzsche-el-retrato-de-edvard-munch","status":"publish","type":"post","link":"https:\/\/filosofiacienciacabala.com\/index.php\/2023\/04\/06\/la-representacion-artistica-de-nietzsche-el-retrato-de-edvard-munch\/","title":{"rendered":"La Representaci\u00f3n Art\u00edstica de Nietzsche: El Retrato de Edvard Munch"},"content":{"rendered":"<p>El fil\u00f3sofo alem\u00e1n Friedrich Nietzsche es uno de los personajes m\u00e1s influyentes e interesantes del mundo de la filosof\u00eda y la cultura en general. Su obra ha inspirado a muchos artistas, escritores y pensadores a lo largo del siglo XX y a\u00fan hoy sigue siendo objeto de estudio y reflexi\u00f3n.<br \/>\n Entre los artistas que se han sentido atra\u00eddos por la figura de Nietzsche se encuentra el pintor expresionista noruego Edvard Munch. Munch, uno de los m\u00e1s destacados representantes del movimiento expresionista, es conocido por su obra maestra El Grito, una de las im\u00e1genes m\u00e1s ic\u00f3nicas del arte moderno. Pero adem\u00e1s de este famoso cuadro, Munch tambi\u00e9n realiz\u00f3 un extraordinario retrato de Nietzsche, que se considera una de las mejores representaciones del fil\u00f3sofo.<br \/>\n El retrato fue pintado por Munch entre los a\u00f1os 1905 y 1906, durante la estancia del artista en Alemania. Munch se hab\u00eda interesado por Nietzsche desde su juventud, y hab\u00eda le\u00eddo gran parte de su obra. Adem\u00e1s, compart\u00eda con Nietzsche una visi\u00f3n del arte y la vida que se alejaba de los c\u00e1nones tradicionales y buscaba la expresi\u00f3n de los sentimientos y la experiencia individual.<br \/>\n En su retrato, Munch presenta a Nietzsche como un hombre fr\u00e1gil y solitario, que parece estar sumido en sus propios pensamientos. El fil\u00f3sofo aparece sentado en una silla, con los brazos cruzados sobre el pecho y la mirada perdida en el infinito. Munch utiliza una paleta de colores oscuros y apagados, que refleja la melancol\u00eda y la introspecci\u00f3n del personaje retratado.<br \/>\n Pero a pesar de la apariencia sombr\u00eda del cuadro, Munch consigue transmitir tambi\u00e9n la fuerza y la intensidad de la personalidad de Nietzsche. El fil\u00f3sofo aparece rodeado por un aura de misterio y de energ\u00eda, que se refleja en la composici\u00f3n del cuadro y en la forma en que est\u00e1 representado. Munch consigue as\u00ed captar la esencia de la figura de Nietzsche, y crear una imagen que ha llegado a ser considerada como una de las mejores representaciones del fil\u00f3sofo.<br \/>\n En definitiva, el retrato de Nietzsche realizado por Edvard Munch es una obra excepcional que refleja la influencia del fil\u00f3sofo en el mundo del arte. A trav\u00e9s de esta imagen, Munch consigue captar la esencia de la personalidad y la obra de Nietzsche, y crear una representaci\u00f3n que ha llegado a ser considerada como una de las mejores de la historia del retrato.<\/p>\n","protected":false},"excerpt":{"rendered":"<p>El fil\u00f3sofo alem\u00e1n Friedrich Nietzsche es uno de los personajes m\u00e1s influyentes e interesantes del&#8230;<\/p>\n","protected":false},"author":1,"featured_media":402,"comment_status":"open","ping_status":"open","sticky":false,"template":"","format":"standard","meta":{"jetpack_publicize_message":"","jetpack_is_tweetstorm":false,"jetpack_publicize_feature_enabled":true,"jetpack_social_post_already_shared":false,"jetpack_social_options":{"image_generator_settings":{"template":"highway","enabled":false}}},"categories":[3,12],"tags":[53],"jetpack_publicize_connections":[],"yoast_head":"<!-- This site is optimized with the Yoast SEO Premium plugin v20.5 (Yoast SEO v20.5) - https:\/\/yoast.com\/wordpress\/plugins\/seo\/ -->\n<title>La Representaci\u00f3n Art\u00edstica de Nietzsche: El Retrato de Edvard Munch -<\/title>\n<meta name=\"robots\" content=\"index, follow, max-snippet:-1, max-image-preview:large, max-video-preview:-1\" \/>\n<link rel=\"canonical\" href=\"https:\/\/filosofiacienciacabala.com\/index.php\/2023\/04\/06\/la-representacion-artistica-de-nietzsche-el-retrato-de-edvard-munch\/\" \/>\n<meta property=\"og:locale\" content=\"es_ES\" \/>\n<meta property=\"og:type\" content=\"article\" \/>\n<meta property=\"og:title\" content=\"La Representaci\u00f3n Art\u00edstica de Nietzsche: El Retrato de Edvard Munch\" \/>\n<meta property=\"og:description\" content=\"El fil\u00f3sofo alem\u00e1n Friedrich Nietzsche es uno de los personajes m\u00e1s influyentes e interesantes del...\" \/>\n<meta property=\"og:url\" content=\"https:\/\/filosofiacienciacabala.com\/index.php\/2023\/04\/06\/la-representacion-artistica-de-nietzsche-el-retrato-de-edvard-munch\/\" \/>\n<meta property=\"article:published_time\" content=\"2023-04-06T22:50:33+00:00\" \/>\n<meta property=\"og:image\" content=\"https:\/\/filosofiacienciacabala.com\/wp-content\/uploads\/2023\/04\/040.png\" \/>\n\t<meta property=\"og:image:width\" content=\"768\" \/>\n\t<meta property=\"og:image:height\" content=\"510\" \/>\n\t<meta property=\"og:image:type\" content=\"image\/png\" \/>\n<meta name=\"author\" content=\"edhisoft\" \/>\n<meta name=\"twitter:card\" content=\"summary_large_image\" \/>\n<meta name=\"twitter:label1\" content=\"Escrito por\" \/>\n\t<meta name=\"twitter:data1\" content=\"edhisoft\" \/>\n\t<meta name=\"twitter:label2\" content=\"Tiempo de lectura\" \/>\n\t<meta name=\"twitter:data2\" content=\"2 minutos\" \/>\n<script type=\"application\/ld+json\" class=\"yoast-schema-graph\">{\"@context\":\"https:\/\/schema.org\",\"@graph\":[{\"@type\":\"WebPage\",\"@id\":\"https:\/\/filosofiacienciacabala.com\/index.php\/2023\/04\/06\/la-representacion-artistica-de-nietzsche-el-retrato-de-edvard-munch\/\",\"url\":\"https:\/\/filosofiacienciacabala.com\/index.php\/2023\/04\/06\/la-representacion-artistica-de-nietzsche-el-retrato-de-edvard-munch\/\",\"name\":\"La Representaci\u00f3n Art\u00edstica de Nietzsche: El Retrato de Edvard Munch -\",\"isPartOf\":{\"@id\":\"https:\/\/filosofiacienciacabala.com\/#website\"},\"datePublished\":\"2023-04-06T22:50:33+00:00\",\"dateModified\":\"2023-04-06T22:50:33+00:00\",\"author\":{\"@id\":\"https:\/\/filosofiacienciacabala.com\/#\/schema\/person\/aa6e7fe0c15474fb8c239be8d535daa0\"},\"breadcrumb\":{\"@id\":\"https:\/\/filosofiacienciacabala.com\/index.php\/2023\/04\/06\/la-representacion-artistica-de-nietzsche-el-retrato-de-edvard-munch\/#breadcrumb\"},\"inLanguage\":\"es\",\"potentialAction\":[{\"@type\":\"ReadAction\",\"target\":[\"https:\/\/filosofiacienciacabala.com\/index.php\/2023\/04\/06\/la-representacion-artistica-de-nietzsche-el-retrato-de-edvard-munch\/\"]}]},{\"@type\":\"BreadcrumbList\",\"@id\":\"https:\/\/filosofiacienciacabala.com\/index.php\/2023\/04\/06\/la-representacion-artistica-de-nietzsche-el-retrato-de-edvard-munch\/#breadcrumb\",\"itemListElement\":[{\"@type\":\"ListItem\",\"position\":1,\"name\":\"Portada\",\"item\":\"https:\/\/filosofiacienciacabala.com\/\"},{\"@type\":\"ListItem\",\"position\":2,\"name\":\"La Representaci\u00f3n Art\u00edstica de Nietzsche: El Retrato de Edvard Munch\"}]},{\"@type\":\"WebSite\",\"@id\":\"https:\/\/filosofiacienciacabala.com\/#website\",\"url\":\"https:\/\/filosofiacienciacabala.com\/\",\"name\":\"\",\"description\":\"\",\"potentialAction\":[{\"@type\":\"SearchAction\",\"target\":{\"@type\":\"EntryPoint\",\"urlTemplate\":\"https:\/\/filosofiacienciacabala.com\/?s={search_term_string}\"},\"query-input\":\"required name=search_term_string\"}],\"inLanguage\":\"es\"},{\"@type\":\"Person\",\"@id\":\"https:\/\/filosofiacienciacabala.com\/#\/schema\/person\/aa6e7fe0c15474fb8c239be8d535daa0\",\"name\":\"edhisoft\",\"image\":{\"@type\":\"ImageObject\",\"inLanguage\":\"es\",\"@id\":\"https:\/\/filosofiacienciacabala.com\/#\/schema\/person\/image\/\",\"url\":\"https:\/\/secure.gravatar.com\/avatar\/5864c5ece8229bc96c6e5b5fdf2594bb?s=96&d=mm&r=g\",\"contentUrl\":\"https:\/\/secure.gravatar.com\/avatar\/5864c5ece8229bc96c6e5b5fdf2594bb?s=96&d=mm&r=g\",\"caption\":\"edhisoft\"},\"sameAs\":[\"https:\/\/filosofiacienciacabala.com\"],\"url\":\"https:\/\/filosofiacienciacabala.com\/index.php\/author\/edhisoft\/\"}]}<\/script>\n<!-- \/ Yoast SEO Premium plugin. -->","yoast_head_json":{"title":"La Representaci\u00f3n Art\u00edstica de Nietzsche: El Retrato de Edvard Munch -","robots":{"index":"index","follow":"follow","max-snippet":"max-snippet:-1","max-image-preview":"max-image-preview:large","max-video-preview":"max-video-preview:-1"},"canonical":"https:\/\/filosofiacienciacabala.com\/index.php\/2023\/04\/06\/la-representacion-artistica-de-nietzsche-el-retrato-de-edvard-munch\/","og_locale":"es_ES","og_type":"article","og_title":"La Representaci\u00f3n Art\u00edstica de Nietzsche: El Retrato de Edvard Munch","og_description":"El fil\u00f3sofo alem\u00e1n Friedrich Nietzsche es uno de los personajes m\u00e1s influyentes e interesantes del...","og_url":"https:\/\/filosofiacienciacabala.com\/index.php\/2023\/04\/06\/la-representacion-artistica-de-nietzsche-el-retrato-de-edvard-munch\/","article_published_time":"2023-04-06T22:50:33+00:00","og_image":[{"width":768,"height":510,"url":"https:\/\/filosofiacienciacabala.com\/wp-content\/uploads\/2023\/04\/040.png","type":"image\/png"}],"author":"edhisoft","twitter_card":"summary_large_image","twitter_misc":{"Escrito por":"edhisoft","Tiempo de lectura":"2 minutos"},"schema":{"@context":"https:\/\/schema.org","@graph":[{"@type":"WebPage","@id":"https:\/\/filosofiacienciacabala.com\/index.php\/2023\/04\/06\/la-representacion-artistica-de-nietzsche-el-retrato-de-edvard-munch\/","url":"https:\/\/filosofiacienciacabala.com\/index.php\/2023\/04\/06\/la-representacion-artistica-de-nietzsche-el-retrato-de-edvard-munch\/","name":"La Representaci\u00f3n Art\u00edstica de Nietzsche: El Retrato de Edvard Munch -","isPartOf":{"@id":"https:\/\/filosofiacienciacabala.com\/#website"},"datePublished":"2023-04-06T22:50:33+00:00","dateModified":"2023-04-06T22:50:33+00:00","author":{"@id":"https:\/\/filosofiacienciacabala.com\/#\/schema\/person\/aa6e7fe0c15474fb8c239be8d535daa0"},"breadcrumb":{"@id":"https:\/\/filosofiacienciacabala.com\/index.php\/2023\/04\/06\/la-representacion-artistica-de-nietzsche-el-retrato-de-edvard-munch\/#breadcrumb"},"inLanguage":"es","potentialAction":[{"@type":"ReadAction","target":["https:\/\/filosofiacienciacabala.com\/index.php\/2023\/04\/06\/la-representacion-artistica-de-nietzsche-el-retrato-de-edvard-munch\/"]}]},{"@type":"BreadcrumbList","@id":"https:\/\/filosofiacienciacabala.com\/index.php\/2023\/04\/06\/la-representacion-artistica-de-nietzsche-el-retrato-de-edvard-munch\/#breadcrumb","itemListElement":[{"@type":"ListItem","position":1,"name":"Portada","item":"https:\/\/filosofiacienciacabala.com\/"},{"@type":"ListItem","position":2,"name":"La Representaci\u00f3n Art\u00edstica de Nietzsche: El Retrato de Edvard Munch"}]},{"@type":"WebSite","@id":"https:\/\/filosofiacienciacabala.com\/#website","url":"https:\/\/filosofiacienciacabala.com\/","name":"","description":"","potentialAction":[{"@type":"SearchAction","target":{"@type":"EntryPoint","urlTemplate":"https:\/\/filosofiacienciacabala.com\/?s={search_term_string}"},"query-input":"required name=search_term_string"}],"inLanguage":"es"},{"@type":"Person","@id":"https:\/\/filosofiacienciacabala.com\/#\/schema\/person\/aa6e7fe0c15474fb8c239be8d535daa0","name":"edhisoft","image":{"@type":"ImageObject","inLanguage":"es","@id":"https:\/\/filosofiacienciacabala.com\/#\/schema\/person\/image\/","url":"https:\/\/secure.gravatar.com\/avatar\/5864c5ece8229bc96c6e5b5fdf2594bb?s=96&d=mm&r=g","contentUrl":"https:\/\/secure.gravatar.com\/avatar\/5864c5ece8229bc96c6e5b5fdf2594bb?s=96&d=mm&r=g","caption":"edhisoft"},"sameAs":["https:\/\/filosofiacienciacabala.com"],"url":"https:\/\/filosofiacienciacabala.com\/index.php\/author\/edhisoft\/"}]}},"featured_image_urls":{"full":["https:\/\/filosofiacienciacabala.com\/wp-content\/uploads\/2023\/04\/040.png",768,510,false],"thumbnail":["https:\/\/filosofiacienciacabala.com\/wp-content\/uploads\/2023\/04\/040-150x150.png",150,150,true],"medium":["https:\/\/filosofiacienciacabala.com\/wp-content\/uploads\/2023\/04\/040-300x199.png",300,199,true],"medium_large":["https:\/\/filosofiacienciacabala.com\/wp-content\/uploads\/2023\/04\/040.png",640,425,false],"large":["https:\/\/filosofiacienciacabala.com\/wp-content\/uploads\/2023\/04\/040.png",640,425,false],"1536x1536":["https:\/\/filosofiacienciacabala.com\/wp-content\/uploads\/2023\/04\/040.png",768,510,false],"2048x2048":["https:\/\/filosofiacienciacabala.com\/wp-content\/uploads\/2023\/04\/040.png",768,510,false],"covernews-slider-full":["https:\/\/filosofiacienciacabala.com\/wp-content\/uploads\/2023\/04\/040.png",768,510,false],"covernews-slider-center":["https:\/\/filosofiacienciacabala.com\/wp-content\/uploads\/2023\/04\/040-768x500.png",768,500,true],"covernews-featured":["https:\/\/filosofiacienciacabala.com\/wp-content\/uploads\/2023\/04\/040.png",768,510,false],"covernews-medium":["https:\/\/filosofiacienciacabala.com\/wp-content\/uploads\/2023\/04\/040-540x340.png",540,340,true],"covernews-medium-square":["https:\/\/filosofiacienciacabala.com\/wp-content\/uploads\/2023\/04\/040-400x250.png",400,250,true],"mailpoet_newsletter_max":["https:\/\/filosofiacienciacabala.com\/wp-content\/uploads\/2023\/04\/040.png",768,510,false]},"author_info":{"display_name":"edhisoft","author_link":"https:\/\/filosofiacienciacabala.com\/index.php\/author\/edhisoft\/"},"category_info":"<a href=\"https:\/\/filosofiacienciacabala.com\/index.php\/category\/filosofia\/\" rel=\"category tag\">Filosof\u00eda<\/a> <a href=\"https:\/\/filosofiacienciacabala.com\/index.php\/category\/filosofia\/nietzsche\/\" rel=\"category tag\">Nietzsche<\/a>","tag_info":"Nietzsche","comment_count":"0","jetpack_featured_media_url":"https:\/\/filosofiacienciacabala.com\/wp-content\/uploads\/2023\/04\/040.png","_links":{"self":[{"href":"https:\/\/filosofiacienciacabala.com\/index.php\/wp-json\/wp\/v2\/posts\/449"}],"collection":[{"href":"https:\/\/filosofiacienciacabala.com\/index.php\/wp-json\/wp\/v2\/posts"}],"about":[{"href":"https:\/\/filosofiacienciacabala.com\/index.php\/wp-json\/wp\/v2\/types\/post"}],"author":[{"embeddable":true,"href":"https:\/\/filosofiacienciacabala.com\/index.php\/wp-json\/wp\/v2\/users\/1"}],"replies":[{"embeddable":true,"href":"https:\/\/filosofiacienciacabala.com\/index.php\/wp-json\/wp\/v2\/comments?post=449"}],"version-history":[{"count":0,"href":"https:\/\/filosofiacienciacabala.com\/index.php\/wp-json\/wp\/v2\/posts\/449\/revisions"}],"wp:featuredmedia":[{"embeddable":true,"href":"https:\/\/filosofiacienciacabala.com\/index.php\/wp-json\/wp\/v2\/media\/402"}],"wp:attachment":[{"href":"https:\/\/filosofiacienciacabala.com\/index.php\/wp-json\/wp\/v2\/media?parent=449"}],"wp:term":[{"taxonomy":"category","embeddable":true,"href":"https:\/\/filosofiacienciacabala.com\/index.php\/wp-json\/wp\/v2\/categories?post=449"},{"taxonomy":"post_tag","embeddable":true,"href":"https:\/\/filosofiacienciacabala.com\/index.php\/wp-json\/wp\/v2\/tags?post=449"}],"curies":[{"name":"wp","href":"https:\/\/api.w.org\/{rel}","templated":true}]}}