{"id":445,"date":"2023-04-06T22:50:33","date_gmt":"2023-04-06T22:50:33","guid":{"rendered":"https:\/\/filosofiacienciacabala.com\/index.php\/2023\/04\/06\/also-sprach-zarathustra-la-influencia-de-nietzsche-en-la-musica-de-richard-strauss\/"},"modified":"2023-04-06T22:50:33","modified_gmt":"2023-04-06T22:50:33","slug":"also-sprach-zarathustra-la-influencia-de-nietzsche-en-la-musica-de-richard-strauss","status":"publish","type":"post","link":"https:\/\/filosofiacienciacabala.com\/index.php\/2023\/04\/06\/also-sprach-zarathustra-la-influencia-de-nietzsche-en-la-musica-de-richard-strauss\/","title":{"rendered":"Also sprach Zarathustra: La Influencia de Nietzsche en la M\u00fasica de Richard Strauss"},"content":{"rendered":"<p>La m\u00fasica y la filosof\u00eda han mantenido a lo largo de la historia una relaci\u00f3n especial. Muchos compositores se han inspirado en las ideas de los fil\u00f3sofos para crear sus obras, y algunos han incluso dedicado piezas enteras a ellos. Tal es el caso de Richard Strauss y su obra Also sprach Zarathustra, que toma su t\u00edtulo de la obra filos\u00f3fica hom\u00f3nima de Friedrich Nietzsche. En este ensayo, se analizar\u00e1 la influencia de Nietzsche en la m\u00fasica de Strauss, centr\u00e1ndonos en su obra m\u00e1s conocida.<br \/>\n Also sprach Zarathustra es una obra que consta de varios movimientos, inspirados en los cap\u00edtulos del libro de Nietzsche del mismo nombre. El primer movimiento, titulado Sonnenuntergang (Puesta de sol), representa la decadencia de la humanidad y la llegada de un nuevo amanecer. El segundo movimiento, Von den Hinterweltlern (De los esp\u00edritus del m\u00e1s all\u00e1), se basa en el cap\u00edtulo del mismo nombre, donde Nietzsche critica la religi\u00f3n y la moral cristiana. El tercer movimiento, Von der gro\u00dfen Sehnsucht (De la gran a\u00f1oranza), representa la b\u00fasqueda de la verdad y la sabidur\u00eda. El cuarto movimiento, Von den Freuden und Leidenschaften (De las alegr\u00edas y pasiones), es una oda a la vida y a la sensualidad. El quinto movimiento, Das Grablied (Canci\u00f3n f\u00fanebre), representa la muerte y la trascendencia.<br \/>\n La obra de Nietzsche ejerci\u00f3 una gran influencia en Strauss, quien encontr\u00f3 en ella inspiraci\u00f3n para crear una m\u00fasica grandiosa y de gran impacto emocional. El estilo musical de Also sprach Zarathustra es muy variado, combinando elementos de la m\u00fasica cl\u00e1sica con el romanticismo y el impresionismo. La obra es una muestra de la habilidad de Strauss para crear m\u00fasica program\u00e1tica, es decir, m\u00fasica que cuenta una historia o que est\u00e1 inspirada en un texto.<br \/>\n La m\u00fasica de Also sprach Zarathustra se caracteriza por su car\u00e1cter grandioso y \u00e9pico, y por su capacidad para transmitir emociones intensas. El uso de los metales y la percusi\u00f3n contribuyen a crear un sonido potente y vibrante, mientras que los momentos m\u00e1s l\u00edricos y mel\u00f3dicos de la obra nos muestran el lado m\u00e1s emotivo de Strauss. La m\u00fasica de Also sprach Zarathustra ha sido utilizada en numerosas ocasiones en la cultura popular, siendo quiz\u00e1s su uso m\u00e1s conocido en la pel\u00edcula 2001: Una odisea del espacio de Stanley Kubrick.<br \/>\n En conclusi\u00f3n, la obra Also sprach Zarathustra de Richard Strauss es un ejemplo de la influencia que la filosof\u00eda de Nietzsche ejerci\u00f3 en la m\u00fasica del compositor alem\u00e1n. La m\u00fasica de Strauss es una muestra de la habilidad del compositor para crear una m\u00fasica program\u00e1tica y de gran impacto emocional, capaz de transmitir la fuerza y la emoci\u00f3n de las ideas de Nietzsche. La obra es un homenaje al pensamiento filos\u00f3fico de Nietzsche, y una muestra de la riqueza y diversidad que puede surgir de la relaci\u00f3n entre la m\u00fasica y la filosof\u00eda.<\/p>\n","protected":false},"excerpt":{"rendered":"<p>La m\u00fasica y la filosof\u00eda han mantenido a lo largo de la historia una relaci\u00f3n&#8230;<\/p>\n","protected":false},"author":1,"featured_media":398,"comment_status":"open","ping_status":"open","sticky":false,"template":"","format":"standard","meta":{"jetpack_publicize_message":"","jetpack_is_tweetstorm":false,"jetpack_publicize_feature_enabled":true,"jetpack_social_post_already_shared":false,"jetpack_social_options":{"image_generator_settings":{"template":"highway","enabled":false}}},"categories":[3,12],"tags":[49],"jetpack_publicize_connections":[],"yoast_head":"<!-- This site is optimized with the Yoast SEO Premium plugin v20.5 (Yoast SEO v20.5) - https:\/\/yoast.com\/wordpress\/plugins\/seo\/ -->\n<title>Also sprach Zarathustra: La Influencia de Nietzsche en la M\u00fasica de Richard Strauss -<\/title>\n<meta name=\"robots\" content=\"index, follow, max-snippet:-1, max-image-preview:large, max-video-preview:-1\" \/>\n<link rel=\"canonical\" href=\"https:\/\/filosofiacienciacabala.com\/index.php\/2023\/04\/06\/also-sprach-zarathustra-la-influencia-de-nietzsche-en-la-musica-de-richard-strauss\/\" \/>\n<meta property=\"og:locale\" content=\"es_ES\" \/>\n<meta property=\"og:type\" content=\"article\" \/>\n<meta property=\"og:title\" content=\"Also sprach Zarathustra: La Influencia de Nietzsche en la M\u00fasica de Richard Strauss\" \/>\n<meta property=\"og:description\" content=\"La m\u00fasica y la filosof\u00eda han mantenido a lo largo de la historia una relaci\u00f3n...\" \/>\n<meta property=\"og:url\" content=\"https:\/\/filosofiacienciacabala.com\/index.php\/2023\/04\/06\/also-sprach-zarathustra-la-influencia-de-nietzsche-en-la-musica-de-richard-strauss\/\" \/>\n<meta property=\"article:published_time\" content=\"2023-04-06T22:50:33+00:00\" \/>\n<meta property=\"og:image\" content=\"https:\/\/filosofiacienciacabala.com\/wp-content\/uploads\/2023\/04\/036.png\" \/>\n\t<meta property=\"og:image:width\" content=\"768\" \/>\n\t<meta property=\"og:image:height\" content=\"510\" \/>\n\t<meta property=\"og:image:type\" content=\"image\/png\" \/>\n<meta name=\"author\" content=\"edhisoft\" \/>\n<meta name=\"twitter:card\" content=\"summary_large_image\" \/>\n<meta name=\"twitter:label1\" content=\"Escrito por\" \/>\n\t<meta name=\"twitter:data1\" content=\"edhisoft\" \/>\n\t<meta name=\"twitter:label2\" content=\"Tiempo de lectura\" \/>\n\t<meta name=\"twitter:data2\" content=\"3 minutos\" \/>\n<script type=\"application\/ld+json\" class=\"yoast-schema-graph\">{\"@context\":\"https:\/\/schema.org\",\"@graph\":[{\"@type\":\"WebPage\",\"@id\":\"https:\/\/filosofiacienciacabala.com\/index.php\/2023\/04\/06\/also-sprach-zarathustra-la-influencia-de-nietzsche-en-la-musica-de-richard-strauss\/\",\"url\":\"https:\/\/filosofiacienciacabala.com\/index.php\/2023\/04\/06\/also-sprach-zarathustra-la-influencia-de-nietzsche-en-la-musica-de-richard-strauss\/\",\"name\":\"Also sprach Zarathustra: La Influencia de Nietzsche en la M\u00fasica de Richard Strauss -\",\"isPartOf\":{\"@id\":\"https:\/\/filosofiacienciacabala.com\/#website\"},\"datePublished\":\"2023-04-06T22:50:33+00:00\",\"dateModified\":\"2023-04-06T22:50:33+00:00\",\"author\":{\"@id\":\"https:\/\/filosofiacienciacabala.com\/#\/schema\/person\/aa6e7fe0c15474fb8c239be8d535daa0\"},\"breadcrumb\":{\"@id\":\"https:\/\/filosofiacienciacabala.com\/index.php\/2023\/04\/06\/also-sprach-zarathustra-la-influencia-de-nietzsche-en-la-musica-de-richard-strauss\/#breadcrumb\"},\"inLanguage\":\"es\",\"potentialAction\":[{\"@type\":\"ReadAction\",\"target\":[\"https:\/\/filosofiacienciacabala.com\/index.php\/2023\/04\/06\/also-sprach-zarathustra-la-influencia-de-nietzsche-en-la-musica-de-richard-strauss\/\"]}]},{\"@type\":\"BreadcrumbList\",\"@id\":\"https:\/\/filosofiacienciacabala.com\/index.php\/2023\/04\/06\/also-sprach-zarathustra-la-influencia-de-nietzsche-en-la-musica-de-richard-strauss\/#breadcrumb\",\"itemListElement\":[{\"@type\":\"ListItem\",\"position\":1,\"name\":\"Portada\",\"item\":\"https:\/\/filosofiacienciacabala.com\/\"},{\"@type\":\"ListItem\",\"position\":2,\"name\":\"Also sprach Zarathustra: La Influencia de Nietzsche en la M\u00fasica de Richard Strauss\"}]},{\"@type\":\"WebSite\",\"@id\":\"https:\/\/filosofiacienciacabala.com\/#website\",\"url\":\"https:\/\/filosofiacienciacabala.com\/\",\"name\":\"\",\"description\":\"\",\"potentialAction\":[{\"@type\":\"SearchAction\",\"target\":{\"@type\":\"EntryPoint\",\"urlTemplate\":\"https:\/\/filosofiacienciacabala.com\/?s={search_term_string}\"},\"query-input\":\"required name=search_term_string\"}],\"inLanguage\":\"es\"},{\"@type\":\"Person\",\"@id\":\"https:\/\/filosofiacienciacabala.com\/#\/schema\/person\/aa6e7fe0c15474fb8c239be8d535daa0\",\"name\":\"edhisoft\",\"image\":{\"@type\":\"ImageObject\",\"inLanguage\":\"es\",\"@id\":\"https:\/\/filosofiacienciacabala.com\/#\/schema\/person\/image\/\",\"url\":\"https:\/\/secure.gravatar.com\/avatar\/5864c5ece8229bc96c6e5b5fdf2594bb?s=96&d=mm&r=g\",\"contentUrl\":\"https:\/\/secure.gravatar.com\/avatar\/5864c5ece8229bc96c6e5b5fdf2594bb?s=96&d=mm&r=g\",\"caption\":\"edhisoft\"},\"sameAs\":[\"https:\/\/filosofiacienciacabala.com\"],\"url\":\"https:\/\/filosofiacienciacabala.com\/index.php\/author\/edhisoft\/\"}]}<\/script>\n<!-- \/ Yoast SEO Premium plugin. -->","yoast_head_json":{"title":"Also sprach Zarathustra: La Influencia de Nietzsche en la M\u00fasica de Richard Strauss -","robots":{"index":"index","follow":"follow","max-snippet":"max-snippet:-1","max-image-preview":"max-image-preview:large","max-video-preview":"max-video-preview:-1"},"canonical":"https:\/\/filosofiacienciacabala.com\/index.php\/2023\/04\/06\/also-sprach-zarathustra-la-influencia-de-nietzsche-en-la-musica-de-richard-strauss\/","og_locale":"es_ES","og_type":"article","og_title":"Also sprach Zarathustra: La Influencia de Nietzsche en la M\u00fasica de Richard Strauss","og_description":"La m\u00fasica y la filosof\u00eda han mantenido a lo largo de la historia una relaci\u00f3n...","og_url":"https:\/\/filosofiacienciacabala.com\/index.php\/2023\/04\/06\/also-sprach-zarathustra-la-influencia-de-nietzsche-en-la-musica-de-richard-strauss\/","article_published_time":"2023-04-06T22:50:33+00:00","og_image":[{"width":768,"height":510,"url":"https:\/\/filosofiacienciacabala.com\/wp-content\/uploads\/2023\/04\/036.png","type":"image\/png"}],"author":"edhisoft","twitter_card":"summary_large_image","twitter_misc":{"Escrito por":"edhisoft","Tiempo de lectura":"3 minutos"},"schema":{"@context":"https:\/\/schema.org","@graph":[{"@type":"WebPage","@id":"https:\/\/filosofiacienciacabala.com\/index.php\/2023\/04\/06\/also-sprach-zarathustra-la-influencia-de-nietzsche-en-la-musica-de-richard-strauss\/","url":"https:\/\/filosofiacienciacabala.com\/index.php\/2023\/04\/06\/also-sprach-zarathustra-la-influencia-de-nietzsche-en-la-musica-de-richard-strauss\/","name":"Also sprach Zarathustra: La Influencia de Nietzsche en la M\u00fasica de Richard Strauss -","isPartOf":{"@id":"https:\/\/filosofiacienciacabala.com\/#website"},"datePublished":"2023-04-06T22:50:33+00:00","dateModified":"2023-04-06T22:50:33+00:00","author":{"@id":"https:\/\/filosofiacienciacabala.com\/#\/schema\/person\/aa6e7fe0c15474fb8c239be8d535daa0"},"breadcrumb":{"@id":"https:\/\/filosofiacienciacabala.com\/index.php\/2023\/04\/06\/also-sprach-zarathustra-la-influencia-de-nietzsche-en-la-musica-de-richard-strauss\/#breadcrumb"},"inLanguage":"es","potentialAction":[{"@type":"ReadAction","target":["https:\/\/filosofiacienciacabala.com\/index.php\/2023\/04\/06\/also-sprach-zarathustra-la-influencia-de-nietzsche-en-la-musica-de-richard-strauss\/"]}]},{"@type":"BreadcrumbList","@id":"https:\/\/filosofiacienciacabala.com\/index.php\/2023\/04\/06\/also-sprach-zarathustra-la-influencia-de-nietzsche-en-la-musica-de-richard-strauss\/#breadcrumb","itemListElement":[{"@type":"ListItem","position":1,"name":"Portada","item":"https:\/\/filosofiacienciacabala.com\/"},{"@type":"ListItem","position":2,"name":"Also sprach Zarathustra: La Influencia de Nietzsche en la M\u00fasica de Richard Strauss"}]},{"@type":"WebSite","@id":"https:\/\/filosofiacienciacabala.com\/#website","url":"https:\/\/filosofiacienciacabala.com\/","name":"","description":"","potentialAction":[{"@type":"SearchAction","target":{"@type":"EntryPoint","urlTemplate":"https:\/\/filosofiacienciacabala.com\/?s={search_term_string}"},"query-input":"required name=search_term_string"}],"inLanguage":"es"},{"@type":"Person","@id":"https:\/\/filosofiacienciacabala.com\/#\/schema\/person\/aa6e7fe0c15474fb8c239be8d535daa0","name":"edhisoft","image":{"@type":"ImageObject","inLanguage":"es","@id":"https:\/\/filosofiacienciacabala.com\/#\/schema\/person\/image\/","url":"https:\/\/secure.gravatar.com\/avatar\/5864c5ece8229bc96c6e5b5fdf2594bb?s=96&d=mm&r=g","contentUrl":"https:\/\/secure.gravatar.com\/avatar\/5864c5ece8229bc96c6e5b5fdf2594bb?s=96&d=mm&r=g","caption":"edhisoft"},"sameAs":["https:\/\/filosofiacienciacabala.com"],"url":"https:\/\/filosofiacienciacabala.com\/index.php\/author\/edhisoft\/"}]}},"featured_image_urls":{"full":["https:\/\/filosofiacienciacabala.com\/wp-content\/uploads\/2023\/04\/036.png",768,510,false],"thumbnail":["https:\/\/filosofiacienciacabala.com\/wp-content\/uploads\/2023\/04\/036-150x150.png",150,150,true],"medium":["https:\/\/filosofiacienciacabala.com\/wp-content\/uploads\/2023\/04\/036-300x199.png",300,199,true],"medium_large":["https:\/\/filosofiacienciacabala.com\/wp-content\/uploads\/2023\/04\/036.png",640,425,false],"large":["https:\/\/filosofiacienciacabala.com\/wp-content\/uploads\/2023\/04\/036.png",640,425,false],"1536x1536":["https:\/\/filosofiacienciacabala.com\/wp-content\/uploads\/2023\/04\/036.png",768,510,false],"2048x2048":["https:\/\/filosofiacienciacabala.com\/wp-content\/uploads\/2023\/04\/036.png",768,510,false],"covernews-slider-full":["https:\/\/filosofiacienciacabala.com\/wp-content\/uploads\/2023\/04\/036.png",768,510,false],"covernews-slider-center":["https:\/\/filosofiacienciacabala.com\/wp-content\/uploads\/2023\/04\/036-768x500.png",768,500,true],"covernews-featured":["https:\/\/filosofiacienciacabala.com\/wp-content\/uploads\/2023\/04\/036.png",768,510,false],"covernews-medium":["https:\/\/filosofiacienciacabala.com\/wp-content\/uploads\/2023\/04\/036-540x340.png",540,340,true],"covernews-medium-square":["https:\/\/filosofiacienciacabala.com\/wp-content\/uploads\/2023\/04\/036-400x250.png",400,250,true],"mailpoet_newsletter_max":["https:\/\/filosofiacienciacabala.com\/wp-content\/uploads\/2023\/04\/036.png",768,510,false]},"author_info":{"display_name":"edhisoft","author_link":"https:\/\/filosofiacienciacabala.com\/index.php\/author\/edhisoft\/"},"category_info":"<a href=\"https:\/\/filosofiacienciacabala.com\/index.php\/category\/filosofia\/\" rel=\"category tag\">Filosof\u00eda<\/a> <a href=\"https:\/\/filosofiacienciacabala.com\/index.php\/category\/filosofia\/nietzsche\/\" rel=\"category tag\">Nietzsche<\/a>","tag_info":"Nietzsche","comment_count":"0","jetpack_featured_media_url":"https:\/\/filosofiacienciacabala.com\/wp-content\/uploads\/2023\/04\/036.png","_links":{"self":[{"href":"https:\/\/filosofiacienciacabala.com\/index.php\/wp-json\/wp\/v2\/posts\/445"}],"collection":[{"href":"https:\/\/filosofiacienciacabala.com\/index.php\/wp-json\/wp\/v2\/posts"}],"about":[{"href":"https:\/\/filosofiacienciacabala.com\/index.php\/wp-json\/wp\/v2\/types\/post"}],"author":[{"embeddable":true,"href":"https:\/\/filosofiacienciacabala.com\/index.php\/wp-json\/wp\/v2\/users\/1"}],"replies":[{"embeddable":true,"href":"https:\/\/filosofiacienciacabala.com\/index.php\/wp-json\/wp\/v2\/comments?post=445"}],"version-history":[{"count":0,"href":"https:\/\/filosofiacienciacabala.com\/index.php\/wp-json\/wp\/v2\/posts\/445\/revisions"}],"wp:featuredmedia":[{"embeddable":true,"href":"https:\/\/filosofiacienciacabala.com\/index.php\/wp-json\/wp\/v2\/media\/398"}],"wp:attachment":[{"href":"https:\/\/filosofiacienciacabala.com\/index.php\/wp-json\/wp\/v2\/media?parent=445"}],"wp:term":[{"taxonomy":"category","embeddable":true,"href":"https:\/\/filosofiacienciacabala.com\/index.php\/wp-json\/wp\/v2\/categories?post=445"},{"taxonomy":"post_tag","embeddable":true,"href":"https:\/\/filosofiacienciacabala.com\/index.php\/wp-json\/wp\/v2\/tags?post=445"}],"curies":[{"name":"wp","href":"https:\/\/api.w.org\/{rel}","templated":true}]}}