{"id":438,"date":"2023-04-06T22:50:32","date_gmt":"2023-04-06T22:50:32","guid":{"rendered":"https:\/\/filosofiacienciacabala.com\/index.php\/2023\/04\/06\/la-tragedia-griega-como-fundamento-de-la-critica-cultural-de-nietzsche\/"},"modified":"2023-04-06T22:50:32","modified_gmt":"2023-04-06T22:50:32","slug":"la-tragedia-griega-como-fundamento-de-la-critica-cultural-de-nietzsche","status":"publish","type":"post","link":"https:\/\/filosofiacienciacabala.com\/index.php\/2023\/04\/06\/la-tragedia-griega-como-fundamento-de-la-critica-cultural-de-nietzsche\/","title":{"rendered":"La Tragedia Griega como Fundamento de la Cr\u00edtica Cultural de Nietzsche"},"content":{"rendered":"<p>La cultura occidental ha sido objeto de cr\u00edtica por parte de muchos fil\u00f3sofos, y Nietzsche no fue la excepci\u00f3n. En su obra, el fil\u00f3sofo alem\u00e1n remonta su an\u00e1lisis de la cultura occidental a la \u00e9poca de la tragedia cl\u00e1sica griega, la cual considera un momento clave en la historia cultural de Occidente. En este ensayo, se explorar\u00e1 la importancia que Nietzsche otorga a la tragedia griega como fundamento de su cr\u00edtica cultural, y se analizar\u00e1n algunas de las principales ideas que desarrolla en relaci\u00f3n con este tema.<br \/>\n En la obra de Nietzsche, la tragedia griega es considerada como el momento cumbre de la cultura occidental, en el que se alcanza una s\u00edntesis entre lo apol\u00edneo y lo dionis\u00edaco, es decir, entre la raz\u00f3n y la emoci\u00f3n. Nietzsche sostiene que la tragedia griega fue una expresi\u00f3n art\u00edstica que logr\u00f3 representar la verdad de la existencia humana, mostrando la complejidad de la vida y el sufrimiento inherente a la condici\u00f3n humana. En este sentido, la tragedia griega representa una forma de sabidur\u00eda que permite enfrentar la vida de manera aut\u00e9ntica.<br \/>\n Sin embargo, para Nietzsche, la tragedia griega se pierde en la cultura occidental despu\u00e9s de la \u00e9poca cl\u00e1sica. La cultura cristiana, en particular, es vista como una negaci\u00f3n de la vida y de la realidad, en la que se busca escapar del sufrimiento a trav\u00e9s de la fe en una vida despu\u00e9s de la muerte. Para Nietzsche, la cultura cristiana es un intento de negar la tragedia de la vida, de negar la realidad y la complejidad de la existencia humana. En este sentido, la cultura cristiana es vista como una forma de decadencia y como un obst\u00e1culo para alcanzar la verdadera sabidur\u00eda.<br \/>\n Por otro lado, Nietzsche tambi\u00e9n critica la cultura moderna, en la que se ha perdido la conexi\u00f3n con lo dionis\u00edaco y se ha enfatizado demasiado lo racional y lo cient\u00edfico. Para Nietzsche, la cultura moderna ha llevado a una desconexi\u00f3n con la realidad, en la que se busca explicar todo a trav\u00e9s de la raz\u00f3n y la ciencia, pero se pierde la conexi\u00f3n con la emoci\u00f3n y la intuici\u00f3n. En este sentido, Nietzsche sostiene que la cultura moderna es una cultura de la decadencia, que niega la verdadera naturaleza de la vida.<br \/>\n En conclusi\u00f3n, la importancia de la tragedia griega en la obra de Nietzsche radica en que \u00e9sta representa un momento en el que se logra una s\u00edntesis entre lo apol\u00edneo y lo dionis\u00edaco, entre la raz\u00f3n y la emoci\u00f3n. La tragedia griega es vista como una expresi\u00f3n art\u00edstica que logra representar la complejidad y la verdad de la existencia humana. Sin embargo, para Nietzsche, despu\u00e9s de la \u00e9poca cl\u00e1sica, la cultura occidental ha perdido esta conexi\u00f3n con la realidad y se ha sumido en la decadencia. La cultura cristiana y la cultura moderna son vistas como obst\u00e1culos para alcanzar la verdadera sabidur\u00eda y para enfrentar la vida de manera aut\u00e9ntica.<\/p>\n","protected":false},"excerpt":{"rendered":"<p>La cultura occidental ha sido objeto de cr\u00edtica por parte de muchos fil\u00f3sofos, y Nietzsche&#8230;<\/p>\n","protected":false},"author":1,"featured_media":391,"comment_status":"open","ping_status":"open","sticky":false,"template":"","format":"standard","meta":{"jetpack_publicize_message":"","jetpack_is_tweetstorm":false,"jetpack_publicize_feature_enabled":true,"jetpack_social_post_already_shared":false,"jetpack_social_options":{"image_generator_settings":{"template":"highway","enabled":false}}},"categories":[3,12],"tags":[41],"jetpack_publicize_connections":[],"yoast_head":"<!-- This site is optimized with the Yoast SEO Premium plugin v20.5 (Yoast SEO v20.5) - https:\/\/yoast.com\/wordpress\/plugins\/seo\/ -->\n<title>La Tragedia Griega como Fundamento de la Cr\u00edtica Cultural de Nietzsche -<\/title>\n<meta name=\"robots\" content=\"index, follow, max-snippet:-1, max-image-preview:large, max-video-preview:-1\" \/>\n<link rel=\"canonical\" href=\"https:\/\/filosofiacienciacabala.com\/index.php\/2023\/04\/06\/la-tragedia-griega-como-fundamento-de-la-critica-cultural-de-nietzsche\/\" \/>\n<meta property=\"og:locale\" content=\"es_ES\" \/>\n<meta property=\"og:type\" content=\"article\" \/>\n<meta property=\"og:title\" content=\"La Tragedia Griega como Fundamento de la Cr\u00edtica Cultural de Nietzsche\" \/>\n<meta property=\"og:description\" content=\"La cultura occidental ha sido objeto de cr\u00edtica por parte de muchos fil\u00f3sofos, y Nietzsche...\" \/>\n<meta property=\"og:url\" content=\"https:\/\/filosofiacienciacabala.com\/index.php\/2023\/04\/06\/la-tragedia-griega-como-fundamento-de-la-critica-cultural-de-nietzsche\/\" \/>\n<meta property=\"article:published_time\" content=\"2023-04-06T22:50:32+00:00\" \/>\n<meta property=\"og:image\" content=\"https:\/\/filosofiacienciacabala.com\/wp-content\/uploads\/2023\/04\/029.png\" \/>\n\t<meta property=\"og:image:width\" content=\"768\" \/>\n\t<meta property=\"og:image:height\" content=\"510\" \/>\n\t<meta property=\"og:image:type\" content=\"image\/png\" \/>\n<meta name=\"author\" content=\"edhisoft\" \/>\n<meta name=\"twitter:card\" content=\"summary_large_image\" \/>\n<meta name=\"twitter:label1\" content=\"Escrito por\" \/>\n\t<meta name=\"twitter:data1\" content=\"edhisoft\" \/>\n\t<meta name=\"twitter:label2\" content=\"Tiempo de lectura\" \/>\n\t<meta name=\"twitter:data2\" content=\"3 minutos\" \/>\n<script type=\"application\/ld+json\" class=\"yoast-schema-graph\">{\"@context\":\"https:\/\/schema.org\",\"@graph\":[{\"@type\":\"WebPage\",\"@id\":\"https:\/\/filosofiacienciacabala.com\/index.php\/2023\/04\/06\/la-tragedia-griega-como-fundamento-de-la-critica-cultural-de-nietzsche\/\",\"url\":\"https:\/\/filosofiacienciacabala.com\/index.php\/2023\/04\/06\/la-tragedia-griega-como-fundamento-de-la-critica-cultural-de-nietzsche\/\",\"name\":\"La Tragedia Griega como Fundamento de la Cr\u00edtica Cultural de Nietzsche -\",\"isPartOf\":{\"@id\":\"https:\/\/filosofiacienciacabala.com\/#website\"},\"datePublished\":\"2023-04-06T22:50:32+00:00\",\"dateModified\":\"2023-04-06T22:50:32+00:00\",\"author\":{\"@id\":\"https:\/\/filosofiacienciacabala.com\/#\/schema\/person\/aa6e7fe0c15474fb8c239be8d535daa0\"},\"breadcrumb\":{\"@id\":\"https:\/\/filosofiacienciacabala.com\/index.php\/2023\/04\/06\/la-tragedia-griega-como-fundamento-de-la-critica-cultural-de-nietzsche\/#breadcrumb\"},\"inLanguage\":\"es\",\"potentialAction\":[{\"@type\":\"ReadAction\",\"target\":[\"https:\/\/filosofiacienciacabala.com\/index.php\/2023\/04\/06\/la-tragedia-griega-como-fundamento-de-la-critica-cultural-de-nietzsche\/\"]}]},{\"@type\":\"BreadcrumbList\",\"@id\":\"https:\/\/filosofiacienciacabala.com\/index.php\/2023\/04\/06\/la-tragedia-griega-como-fundamento-de-la-critica-cultural-de-nietzsche\/#breadcrumb\",\"itemListElement\":[{\"@type\":\"ListItem\",\"position\":1,\"name\":\"Portada\",\"item\":\"https:\/\/filosofiacienciacabala.com\/\"},{\"@type\":\"ListItem\",\"position\":2,\"name\":\"La Tragedia Griega como Fundamento de la Cr\u00edtica Cultural de Nietzsche\"}]},{\"@type\":\"WebSite\",\"@id\":\"https:\/\/filosofiacienciacabala.com\/#website\",\"url\":\"https:\/\/filosofiacienciacabala.com\/\",\"name\":\"\",\"description\":\"\",\"potentialAction\":[{\"@type\":\"SearchAction\",\"target\":{\"@type\":\"EntryPoint\",\"urlTemplate\":\"https:\/\/filosofiacienciacabala.com\/?s={search_term_string}\"},\"query-input\":\"required name=search_term_string\"}],\"inLanguage\":\"es\"},{\"@type\":\"Person\",\"@id\":\"https:\/\/filosofiacienciacabala.com\/#\/schema\/person\/aa6e7fe0c15474fb8c239be8d535daa0\",\"name\":\"edhisoft\",\"image\":{\"@type\":\"ImageObject\",\"inLanguage\":\"es\",\"@id\":\"https:\/\/filosofiacienciacabala.com\/#\/schema\/person\/image\/\",\"url\":\"https:\/\/secure.gravatar.com\/avatar\/5864c5ece8229bc96c6e5b5fdf2594bb?s=96&d=mm&r=g\",\"contentUrl\":\"https:\/\/secure.gravatar.com\/avatar\/5864c5ece8229bc96c6e5b5fdf2594bb?s=96&d=mm&r=g\",\"caption\":\"edhisoft\"},\"sameAs\":[\"https:\/\/filosofiacienciacabala.com\"],\"url\":\"https:\/\/filosofiacienciacabala.com\/index.php\/author\/edhisoft\/\"}]}<\/script>\n<!-- \/ Yoast SEO Premium plugin. -->","yoast_head_json":{"title":"La Tragedia Griega como Fundamento de la Cr\u00edtica Cultural de Nietzsche -","robots":{"index":"index","follow":"follow","max-snippet":"max-snippet:-1","max-image-preview":"max-image-preview:large","max-video-preview":"max-video-preview:-1"},"canonical":"https:\/\/filosofiacienciacabala.com\/index.php\/2023\/04\/06\/la-tragedia-griega-como-fundamento-de-la-critica-cultural-de-nietzsche\/","og_locale":"es_ES","og_type":"article","og_title":"La Tragedia Griega como Fundamento de la Cr\u00edtica Cultural de Nietzsche","og_description":"La cultura occidental ha sido objeto de cr\u00edtica por parte de muchos fil\u00f3sofos, y Nietzsche...","og_url":"https:\/\/filosofiacienciacabala.com\/index.php\/2023\/04\/06\/la-tragedia-griega-como-fundamento-de-la-critica-cultural-de-nietzsche\/","article_published_time":"2023-04-06T22:50:32+00:00","og_image":[{"width":768,"height":510,"url":"https:\/\/filosofiacienciacabala.com\/wp-content\/uploads\/2023\/04\/029.png","type":"image\/png"}],"author":"edhisoft","twitter_card":"summary_large_image","twitter_misc":{"Escrito por":"edhisoft","Tiempo de lectura":"3 minutos"},"schema":{"@context":"https:\/\/schema.org","@graph":[{"@type":"WebPage","@id":"https:\/\/filosofiacienciacabala.com\/index.php\/2023\/04\/06\/la-tragedia-griega-como-fundamento-de-la-critica-cultural-de-nietzsche\/","url":"https:\/\/filosofiacienciacabala.com\/index.php\/2023\/04\/06\/la-tragedia-griega-como-fundamento-de-la-critica-cultural-de-nietzsche\/","name":"La Tragedia Griega como Fundamento de la Cr\u00edtica Cultural de Nietzsche -","isPartOf":{"@id":"https:\/\/filosofiacienciacabala.com\/#website"},"datePublished":"2023-04-06T22:50:32+00:00","dateModified":"2023-04-06T22:50:32+00:00","author":{"@id":"https:\/\/filosofiacienciacabala.com\/#\/schema\/person\/aa6e7fe0c15474fb8c239be8d535daa0"},"breadcrumb":{"@id":"https:\/\/filosofiacienciacabala.com\/index.php\/2023\/04\/06\/la-tragedia-griega-como-fundamento-de-la-critica-cultural-de-nietzsche\/#breadcrumb"},"inLanguage":"es","potentialAction":[{"@type":"ReadAction","target":["https:\/\/filosofiacienciacabala.com\/index.php\/2023\/04\/06\/la-tragedia-griega-como-fundamento-de-la-critica-cultural-de-nietzsche\/"]}]},{"@type":"BreadcrumbList","@id":"https:\/\/filosofiacienciacabala.com\/index.php\/2023\/04\/06\/la-tragedia-griega-como-fundamento-de-la-critica-cultural-de-nietzsche\/#breadcrumb","itemListElement":[{"@type":"ListItem","position":1,"name":"Portada","item":"https:\/\/filosofiacienciacabala.com\/"},{"@type":"ListItem","position":2,"name":"La Tragedia Griega como Fundamento de la Cr\u00edtica Cultural de Nietzsche"}]},{"@type":"WebSite","@id":"https:\/\/filosofiacienciacabala.com\/#website","url":"https:\/\/filosofiacienciacabala.com\/","name":"","description":"","potentialAction":[{"@type":"SearchAction","target":{"@type":"EntryPoint","urlTemplate":"https:\/\/filosofiacienciacabala.com\/?s={search_term_string}"},"query-input":"required name=search_term_string"}],"inLanguage":"es"},{"@type":"Person","@id":"https:\/\/filosofiacienciacabala.com\/#\/schema\/person\/aa6e7fe0c15474fb8c239be8d535daa0","name":"edhisoft","image":{"@type":"ImageObject","inLanguage":"es","@id":"https:\/\/filosofiacienciacabala.com\/#\/schema\/person\/image\/","url":"https:\/\/secure.gravatar.com\/avatar\/5864c5ece8229bc96c6e5b5fdf2594bb?s=96&d=mm&r=g","contentUrl":"https:\/\/secure.gravatar.com\/avatar\/5864c5ece8229bc96c6e5b5fdf2594bb?s=96&d=mm&r=g","caption":"edhisoft"},"sameAs":["https:\/\/filosofiacienciacabala.com"],"url":"https:\/\/filosofiacienciacabala.com\/index.php\/author\/edhisoft\/"}]}},"featured_image_urls":{"full":["https:\/\/filosofiacienciacabala.com\/wp-content\/uploads\/2023\/04\/029.png",768,510,false],"thumbnail":["https:\/\/filosofiacienciacabala.com\/wp-content\/uploads\/2023\/04\/029-150x150.png",150,150,true],"medium":["https:\/\/filosofiacienciacabala.com\/wp-content\/uploads\/2023\/04\/029-300x199.png",300,199,true],"medium_large":["https:\/\/filosofiacienciacabala.com\/wp-content\/uploads\/2023\/04\/029.png",640,425,false],"large":["https:\/\/filosofiacienciacabala.com\/wp-content\/uploads\/2023\/04\/029.png",640,425,false],"1536x1536":["https:\/\/filosofiacienciacabala.com\/wp-content\/uploads\/2023\/04\/029.png",768,510,false],"2048x2048":["https:\/\/filosofiacienciacabala.com\/wp-content\/uploads\/2023\/04\/029.png",768,510,false],"covernews-slider-full":["https:\/\/filosofiacienciacabala.com\/wp-content\/uploads\/2023\/04\/029.png",768,510,false],"covernews-slider-center":["https:\/\/filosofiacienciacabala.com\/wp-content\/uploads\/2023\/04\/029-768x500.png",768,500,true],"covernews-featured":["https:\/\/filosofiacienciacabala.com\/wp-content\/uploads\/2023\/04\/029.png",768,510,false],"covernews-medium":["https:\/\/filosofiacienciacabala.com\/wp-content\/uploads\/2023\/04\/029-540x340.png",540,340,true],"covernews-medium-square":["https:\/\/filosofiacienciacabala.com\/wp-content\/uploads\/2023\/04\/029-400x250.png",400,250,true],"mailpoet_newsletter_max":["https:\/\/filosofiacienciacabala.com\/wp-content\/uploads\/2023\/04\/029.png",768,510,false]},"author_info":{"display_name":"edhisoft","author_link":"https:\/\/filosofiacienciacabala.com\/index.php\/author\/edhisoft\/"},"category_info":"<a href=\"https:\/\/filosofiacienciacabala.com\/index.php\/category\/filosofia\/\" rel=\"category tag\">Filosof\u00eda<\/a> <a href=\"https:\/\/filosofiacienciacabala.com\/index.php\/category\/filosofia\/nietzsche\/\" rel=\"category tag\">Nietzsche<\/a>","tag_info":"Nietzsche","comment_count":"0","jetpack_featured_media_url":"https:\/\/filosofiacienciacabala.com\/wp-content\/uploads\/2023\/04\/029.png","_links":{"self":[{"href":"https:\/\/filosofiacienciacabala.com\/index.php\/wp-json\/wp\/v2\/posts\/438"}],"collection":[{"href":"https:\/\/filosofiacienciacabala.com\/index.php\/wp-json\/wp\/v2\/posts"}],"about":[{"href":"https:\/\/filosofiacienciacabala.com\/index.php\/wp-json\/wp\/v2\/types\/post"}],"author":[{"embeddable":true,"href":"https:\/\/filosofiacienciacabala.com\/index.php\/wp-json\/wp\/v2\/users\/1"}],"replies":[{"embeddable":true,"href":"https:\/\/filosofiacienciacabala.com\/index.php\/wp-json\/wp\/v2\/comments?post=438"}],"version-history":[{"count":0,"href":"https:\/\/filosofiacienciacabala.com\/index.php\/wp-json\/wp\/v2\/posts\/438\/revisions"}],"wp:featuredmedia":[{"embeddable":true,"href":"https:\/\/filosofiacienciacabala.com\/index.php\/wp-json\/wp\/v2\/media\/391"}],"wp:attachment":[{"href":"https:\/\/filosofiacienciacabala.com\/index.php\/wp-json\/wp\/v2\/media?parent=438"}],"wp:term":[{"taxonomy":"category","embeddable":true,"href":"https:\/\/filosofiacienciacabala.com\/index.php\/wp-json\/wp\/v2\/categories?post=438"},{"taxonomy":"post_tag","embeddable":true,"href":"https:\/\/filosofiacienciacabala.com\/index.php\/wp-json\/wp\/v2\/tags?post=438"}],"curies":[{"name":"wp","href":"https:\/\/api.w.org\/{rel}","templated":true}]}}