{"id":435,"date":"2023-04-06T22:50:32","date_gmt":"2023-04-06T22:50:32","guid":{"rendered":"https:\/\/filosofiacienciacabala.com\/index.php\/2023\/04\/06\/la-vida-y-obra-de-nietzsche-desde-su-juventud-hasta-su-colapso-mental\/"},"modified":"2023-04-06T22:50:32","modified_gmt":"2023-04-06T22:50:32","slug":"la-vida-y-obra-de-nietzsche-desde-su-juventud-hasta-su-colapso-mental","status":"publish","type":"post","link":"https:\/\/filosofiacienciacabala.com\/index.php\/2023\/04\/06\/la-vida-y-obra-de-nietzsche-desde-su-juventud-hasta-su-colapso-mental\/","title":{"rendered":"La Vida y Obra de Nietzsche: Desde su Juventud hasta su Colapso Mental"},"content":{"rendered":"<p>Friedrich Nietzsche naci\u00f3 el 15 de octubre de 1844 en la ciudad de R\u00f6cken, en la regi\u00f3n de Sajonia-Anhalt, en Alemania. Hijo de un pastor luterano, Nietzsche creci\u00f3 en un ambiente de rigor religioso y disciplina. Sin embargo, desde joven, se sinti\u00f3 atra\u00eddo por la filosof\u00eda y la literatura, y en particular por la figura del poeta y fil\u00f3sofo alem\u00e1n Johann Wolfgang von Goethe.<br \/>\n En 1864, Nietzsche ingres\u00f3 a la Universidad de Bonn para estudiar filolog\u00eda cl\u00e1sica y teolog\u00eda, pero pronto se traslad\u00f3 a la Universidad de Leipzig, donde tuvo como profesor a Friedrich Wilhelm Ritschl, quien se convertir\u00eda en su mentor y amigo cercano. En 1869, Nietzsche comenz\u00f3 a trabajar como profesor de filolog\u00eda en la Universidad de Basilea, en Suiza.<br \/>\n En Basilea, Nietzsche comenz\u00f3 a desarrollar su filosof\u00eda, que se caracteriza por su cr\u00edtica a la moral y la religi\u00f3n tradicionales, y su afirmaci\u00f3n de la vida como valor supremo. En 1872, public\u00f3 su primera obra importante, El nacimiento de la tragedia, donde expone su teor\u00eda del apologetismo y el dionisismo como fuerzas antag\u00f3nicas que dan origen al arte tr\u00e1gico.<br \/>\n En los a\u00f1os siguientes, Nietzsche public\u00f3 una serie de obras en las que profundiz\u00f3 en su filosof\u00eda, incluyendo As\u00ed habl\u00f3 Zaratustra, M\u00e1s all\u00e1 del bien y del mal y Genealog\u00eda de la moral. En estas obras, Nietzsche critica la moralidad cristiana y su visi\u00f3n del mundo como un reino de verdades eternas, y propone la idea del eterno retorno como una alternativa a esta visi\u00f3n.<br \/>\n En 1888, Nietzsche sufri\u00f3 un colapso mental que lo dej\u00f3 postrado en cama y sin capacidad para comunicarse con el mundo exterior. Se cree que este colapso fue el resultado de una combinaci\u00f3n de factores, incluyendo una enfermedad f\u00edsica, el uso excesivo de la droga bromuro y la tensi\u00f3n emocional causada por su ruptura con su amiga cercana, Lou Andreas-Salom\u00e9.<br \/>\n Nietzsche pas\u00f3 los \u00faltimos a\u00f1os de su vida en cuidados de su hermana, Elisabeth F\u00f6rster-Nietzsche, quien se encarg\u00f3 de publicar sus escritos p\u00f3stumos y promover su obra. Nietzsche muri\u00f3 el 25 de agosto de 1900, a los 55 a\u00f1os, en Weimar, Alemania. A pesar de su corta vida y su tr\u00e1gico final, Nietzsche dej\u00f3 una huella indeleble en la filosof\u00eda y la cultura occidental, y sus ideas contin\u00faan siendo objeto de debate y reflexi\u00f3n en la actualidad.<\/p>\n","protected":false},"excerpt":{"rendered":"<p>Friedrich Nietzsche naci\u00f3 el 15 de octubre de 1844 en la ciudad de R\u00f6cken, en&#8230;<\/p>\n","protected":false},"author":1,"featured_media":388,"comment_status":"open","ping_status":"open","sticky":false,"template":"","format":"standard","meta":{"jetpack_publicize_message":"","jetpack_is_tweetstorm":false,"jetpack_publicize_feature_enabled":true,"jetpack_social_post_already_shared":false,"jetpack_social_options":{"image_generator_settings":{"template":"highway","enabled":false}}},"categories":[3,12],"tags":[38],"jetpack_publicize_connections":[],"yoast_head":"<!-- This site is optimized with the Yoast SEO Premium plugin v20.5 (Yoast SEO v20.5) - https:\/\/yoast.com\/wordpress\/plugins\/seo\/ -->\n<title>La Vida y Obra de Nietzsche: Desde su Juventud hasta su Colapso Mental -<\/title>\n<meta name=\"robots\" content=\"index, follow, max-snippet:-1, max-image-preview:large, max-video-preview:-1\" \/>\n<link rel=\"canonical\" href=\"https:\/\/filosofiacienciacabala.com\/index.php\/2023\/04\/06\/la-vida-y-obra-de-nietzsche-desde-su-juventud-hasta-su-colapso-mental\/\" \/>\n<meta property=\"og:locale\" content=\"es_ES\" \/>\n<meta property=\"og:type\" content=\"article\" \/>\n<meta property=\"og:title\" content=\"La Vida y Obra de Nietzsche: Desde su Juventud hasta su Colapso Mental\" \/>\n<meta property=\"og:description\" content=\"Friedrich Nietzsche naci\u00f3 el 15 de octubre de 1844 en la ciudad de R\u00f6cken, en...\" \/>\n<meta property=\"og:url\" content=\"https:\/\/filosofiacienciacabala.com\/index.php\/2023\/04\/06\/la-vida-y-obra-de-nietzsche-desde-su-juventud-hasta-su-colapso-mental\/\" \/>\n<meta property=\"article:published_time\" content=\"2023-04-06T22:50:32+00:00\" \/>\n<meta property=\"og:image\" content=\"https:\/\/filosofiacienciacabala.com\/wp-content\/uploads\/2023\/04\/026.png\" \/>\n\t<meta property=\"og:image:width\" content=\"768\" \/>\n\t<meta property=\"og:image:height\" content=\"510\" \/>\n\t<meta property=\"og:image:type\" content=\"image\/png\" \/>\n<meta name=\"author\" content=\"edhisoft\" \/>\n<meta name=\"twitter:card\" content=\"summary_large_image\" \/>\n<meta name=\"twitter:label1\" content=\"Escrito por\" \/>\n\t<meta name=\"twitter:data1\" content=\"edhisoft\" \/>\n\t<meta name=\"twitter:label2\" content=\"Tiempo de lectura\" \/>\n\t<meta name=\"twitter:data2\" content=\"2 minutos\" \/>\n<script type=\"application\/ld+json\" class=\"yoast-schema-graph\">{\"@context\":\"https:\/\/schema.org\",\"@graph\":[{\"@type\":\"WebPage\",\"@id\":\"https:\/\/filosofiacienciacabala.com\/index.php\/2023\/04\/06\/la-vida-y-obra-de-nietzsche-desde-su-juventud-hasta-su-colapso-mental\/\",\"url\":\"https:\/\/filosofiacienciacabala.com\/index.php\/2023\/04\/06\/la-vida-y-obra-de-nietzsche-desde-su-juventud-hasta-su-colapso-mental\/\",\"name\":\"La Vida y Obra de Nietzsche: Desde su Juventud hasta su Colapso Mental -\",\"isPartOf\":{\"@id\":\"https:\/\/filosofiacienciacabala.com\/#website\"},\"datePublished\":\"2023-04-06T22:50:32+00:00\",\"dateModified\":\"2023-04-06T22:50:32+00:00\",\"author\":{\"@id\":\"https:\/\/filosofiacienciacabala.com\/#\/schema\/person\/aa6e7fe0c15474fb8c239be8d535daa0\"},\"breadcrumb\":{\"@id\":\"https:\/\/filosofiacienciacabala.com\/index.php\/2023\/04\/06\/la-vida-y-obra-de-nietzsche-desde-su-juventud-hasta-su-colapso-mental\/#breadcrumb\"},\"inLanguage\":\"es\",\"potentialAction\":[{\"@type\":\"ReadAction\",\"target\":[\"https:\/\/filosofiacienciacabala.com\/index.php\/2023\/04\/06\/la-vida-y-obra-de-nietzsche-desde-su-juventud-hasta-su-colapso-mental\/\"]}]},{\"@type\":\"BreadcrumbList\",\"@id\":\"https:\/\/filosofiacienciacabala.com\/index.php\/2023\/04\/06\/la-vida-y-obra-de-nietzsche-desde-su-juventud-hasta-su-colapso-mental\/#breadcrumb\",\"itemListElement\":[{\"@type\":\"ListItem\",\"position\":1,\"name\":\"Portada\",\"item\":\"https:\/\/filosofiacienciacabala.com\/\"},{\"@type\":\"ListItem\",\"position\":2,\"name\":\"La Vida y Obra de Nietzsche: Desde su Juventud hasta su Colapso Mental\"}]},{\"@type\":\"WebSite\",\"@id\":\"https:\/\/filosofiacienciacabala.com\/#website\",\"url\":\"https:\/\/filosofiacienciacabala.com\/\",\"name\":\"\",\"description\":\"\",\"potentialAction\":[{\"@type\":\"SearchAction\",\"target\":{\"@type\":\"EntryPoint\",\"urlTemplate\":\"https:\/\/filosofiacienciacabala.com\/?s={search_term_string}\"},\"query-input\":\"required name=search_term_string\"}],\"inLanguage\":\"es\"},{\"@type\":\"Person\",\"@id\":\"https:\/\/filosofiacienciacabala.com\/#\/schema\/person\/aa6e7fe0c15474fb8c239be8d535daa0\",\"name\":\"edhisoft\",\"image\":{\"@type\":\"ImageObject\",\"inLanguage\":\"es\",\"@id\":\"https:\/\/filosofiacienciacabala.com\/#\/schema\/person\/image\/\",\"url\":\"https:\/\/secure.gravatar.com\/avatar\/5864c5ece8229bc96c6e5b5fdf2594bb?s=96&d=mm&r=g\",\"contentUrl\":\"https:\/\/secure.gravatar.com\/avatar\/5864c5ece8229bc96c6e5b5fdf2594bb?s=96&d=mm&r=g\",\"caption\":\"edhisoft\"},\"sameAs\":[\"https:\/\/filosofiacienciacabala.com\"],\"url\":\"https:\/\/filosofiacienciacabala.com\/index.php\/author\/edhisoft\/\"}]}<\/script>\n<!-- \/ Yoast SEO Premium plugin. -->","yoast_head_json":{"title":"La Vida y Obra de Nietzsche: Desde su Juventud hasta su Colapso Mental -","robots":{"index":"index","follow":"follow","max-snippet":"max-snippet:-1","max-image-preview":"max-image-preview:large","max-video-preview":"max-video-preview:-1"},"canonical":"https:\/\/filosofiacienciacabala.com\/index.php\/2023\/04\/06\/la-vida-y-obra-de-nietzsche-desde-su-juventud-hasta-su-colapso-mental\/","og_locale":"es_ES","og_type":"article","og_title":"La Vida y Obra de Nietzsche: Desde su Juventud hasta su Colapso Mental","og_description":"Friedrich Nietzsche naci\u00f3 el 15 de octubre de 1844 en la ciudad de R\u00f6cken, en...","og_url":"https:\/\/filosofiacienciacabala.com\/index.php\/2023\/04\/06\/la-vida-y-obra-de-nietzsche-desde-su-juventud-hasta-su-colapso-mental\/","article_published_time":"2023-04-06T22:50:32+00:00","og_image":[{"width":768,"height":510,"url":"https:\/\/filosofiacienciacabala.com\/wp-content\/uploads\/2023\/04\/026.png","type":"image\/png"}],"author":"edhisoft","twitter_card":"summary_large_image","twitter_misc":{"Escrito por":"edhisoft","Tiempo de lectura":"2 minutos"},"schema":{"@context":"https:\/\/schema.org","@graph":[{"@type":"WebPage","@id":"https:\/\/filosofiacienciacabala.com\/index.php\/2023\/04\/06\/la-vida-y-obra-de-nietzsche-desde-su-juventud-hasta-su-colapso-mental\/","url":"https:\/\/filosofiacienciacabala.com\/index.php\/2023\/04\/06\/la-vida-y-obra-de-nietzsche-desde-su-juventud-hasta-su-colapso-mental\/","name":"La Vida y Obra de Nietzsche: Desde su Juventud hasta su Colapso Mental -","isPartOf":{"@id":"https:\/\/filosofiacienciacabala.com\/#website"},"datePublished":"2023-04-06T22:50:32+00:00","dateModified":"2023-04-06T22:50:32+00:00","author":{"@id":"https:\/\/filosofiacienciacabala.com\/#\/schema\/person\/aa6e7fe0c15474fb8c239be8d535daa0"},"breadcrumb":{"@id":"https:\/\/filosofiacienciacabala.com\/index.php\/2023\/04\/06\/la-vida-y-obra-de-nietzsche-desde-su-juventud-hasta-su-colapso-mental\/#breadcrumb"},"inLanguage":"es","potentialAction":[{"@type":"ReadAction","target":["https:\/\/filosofiacienciacabala.com\/index.php\/2023\/04\/06\/la-vida-y-obra-de-nietzsche-desde-su-juventud-hasta-su-colapso-mental\/"]}]},{"@type":"BreadcrumbList","@id":"https:\/\/filosofiacienciacabala.com\/index.php\/2023\/04\/06\/la-vida-y-obra-de-nietzsche-desde-su-juventud-hasta-su-colapso-mental\/#breadcrumb","itemListElement":[{"@type":"ListItem","position":1,"name":"Portada","item":"https:\/\/filosofiacienciacabala.com\/"},{"@type":"ListItem","position":2,"name":"La Vida y Obra de Nietzsche: Desde su Juventud hasta su Colapso Mental"}]},{"@type":"WebSite","@id":"https:\/\/filosofiacienciacabala.com\/#website","url":"https:\/\/filosofiacienciacabala.com\/","name":"","description":"","potentialAction":[{"@type":"SearchAction","target":{"@type":"EntryPoint","urlTemplate":"https:\/\/filosofiacienciacabala.com\/?s={search_term_string}"},"query-input":"required name=search_term_string"}],"inLanguage":"es"},{"@type":"Person","@id":"https:\/\/filosofiacienciacabala.com\/#\/schema\/person\/aa6e7fe0c15474fb8c239be8d535daa0","name":"edhisoft","image":{"@type":"ImageObject","inLanguage":"es","@id":"https:\/\/filosofiacienciacabala.com\/#\/schema\/person\/image\/","url":"https:\/\/secure.gravatar.com\/avatar\/5864c5ece8229bc96c6e5b5fdf2594bb?s=96&d=mm&r=g","contentUrl":"https:\/\/secure.gravatar.com\/avatar\/5864c5ece8229bc96c6e5b5fdf2594bb?s=96&d=mm&r=g","caption":"edhisoft"},"sameAs":["https:\/\/filosofiacienciacabala.com"],"url":"https:\/\/filosofiacienciacabala.com\/index.php\/author\/edhisoft\/"}]}},"featured_image_urls":{"full":["https:\/\/filosofiacienciacabala.com\/wp-content\/uploads\/2023\/04\/026.png",768,510,false],"thumbnail":["https:\/\/filosofiacienciacabala.com\/wp-content\/uploads\/2023\/04\/026-150x150.png",150,150,true],"medium":["https:\/\/filosofiacienciacabala.com\/wp-content\/uploads\/2023\/04\/026-300x199.png",300,199,true],"medium_large":["https:\/\/filosofiacienciacabala.com\/wp-content\/uploads\/2023\/04\/026.png",640,425,false],"large":["https:\/\/filosofiacienciacabala.com\/wp-content\/uploads\/2023\/04\/026.png",640,425,false],"1536x1536":["https:\/\/filosofiacienciacabala.com\/wp-content\/uploads\/2023\/04\/026.png",768,510,false],"2048x2048":["https:\/\/filosofiacienciacabala.com\/wp-content\/uploads\/2023\/04\/026.png",768,510,false],"covernews-slider-full":["https:\/\/filosofiacienciacabala.com\/wp-content\/uploads\/2023\/04\/026.png",768,510,false],"covernews-slider-center":["https:\/\/filosofiacienciacabala.com\/wp-content\/uploads\/2023\/04\/026-768x500.png",768,500,true],"covernews-featured":["https:\/\/filosofiacienciacabala.com\/wp-content\/uploads\/2023\/04\/026.png",768,510,false],"covernews-medium":["https:\/\/filosofiacienciacabala.com\/wp-content\/uploads\/2023\/04\/026-540x340.png",540,340,true],"covernews-medium-square":["https:\/\/filosofiacienciacabala.com\/wp-content\/uploads\/2023\/04\/026-400x250.png",400,250,true],"mailpoet_newsletter_max":["https:\/\/filosofiacienciacabala.com\/wp-content\/uploads\/2023\/04\/026.png",768,510,false]},"author_info":{"display_name":"edhisoft","author_link":"https:\/\/filosofiacienciacabala.com\/index.php\/author\/edhisoft\/"},"category_info":"<a href=\"https:\/\/filosofiacienciacabala.com\/index.php\/category\/filosofia\/\" rel=\"category tag\">Filosof\u00eda<\/a> <a href=\"https:\/\/filosofiacienciacabala.com\/index.php\/category\/filosofia\/nietzsche\/\" rel=\"category tag\">Nietzsche<\/a>","tag_info":"Nietzsche","comment_count":"0","jetpack_featured_media_url":"https:\/\/filosofiacienciacabala.com\/wp-content\/uploads\/2023\/04\/026.png","_links":{"self":[{"href":"https:\/\/filosofiacienciacabala.com\/index.php\/wp-json\/wp\/v2\/posts\/435"}],"collection":[{"href":"https:\/\/filosofiacienciacabala.com\/index.php\/wp-json\/wp\/v2\/posts"}],"about":[{"href":"https:\/\/filosofiacienciacabala.com\/index.php\/wp-json\/wp\/v2\/types\/post"}],"author":[{"embeddable":true,"href":"https:\/\/filosofiacienciacabala.com\/index.php\/wp-json\/wp\/v2\/users\/1"}],"replies":[{"embeddable":true,"href":"https:\/\/filosofiacienciacabala.com\/index.php\/wp-json\/wp\/v2\/comments?post=435"}],"version-history":[{"count":0,"href":"https:\/\/filosofiacienciacabala.com\/index.php\/wp-json\/wp\/v2\/posts\/435\/revisions"}],"wp:featuredmedia":[{"embeddable":true,"href":"https:\/\/filosofiacienciacabala.com\/index.php\/wp-json\/wp\/v2\/media\/388"}],"wp:attachment":[{"href":"https:\/\/filosofiacienciacabala.com\/index.php\/wp-json\/wp\/v2\/media?parent=435"}],"wp:term":[{"taxonomy":"category","embeddable":true,"href":"https:\/\/filosofiacienciacabala.com\/index.php\/wp-json\/wp\/v2\/categories?post=435"},{"taxonomy":"post_tag","embeddable":true,"href":"https:\/\/filosofiacienciacabala.com\/index.php\/wp-json\/wp\/v2\/tags?post=435"}],"curies":[{"name":"wp","href":"https:\/\/api.w.org\/{rel}","templated":true}]}}