{"id":433,"date":"2023-04-06T22:50:32","date_gmt":"2023-04-06T22:50:32","guid":{"rendered":"https:\/\/filosofiacienciacabala.com\/index.php\/2023\/04\/06\/el-sentido-de-la-tierra-la-importancia-del-vinculo-con-la-naturaleza-en-la-filosofia-de-nietzsche\/"},"modified":"2023-04-06T22:50:32","modified_gmt":"2023-04-06T22:50:32","slug":"el-sentido-de-la-tierra-la-importancia-del-vinculo-con-la-naturaleza-en-la-filosofia-de-nietzsche","status":"publish","type":"post","link":"https:\/\/filosofiacienciacabala.com\/index.php\/2023\/04\/06\/el-sentido-de-la-tierra-la-importancia-del-vinculo-con-la-naturaleza-en-la-filosofia-de-nietzsche\/","title":{"rendered":"El Sentido de la Tierra: La Importancia del V\u00ednculo con la Naturaleza en la Filosof\u00eda de Nietzsche"},"content":{"rendered":"<p>La filosof\u00eda de Nietzsche est\u00e1 llena de reflexiones profundas y provocativas sobre la vida, la moral, la pol\u00edtica y la cultura. Una de las ideas m\u00e1s importantes en su pensamiento es la importancia del sentido de la tierra. Para Nietzsche, mantenernos fieles al sentido de la tierra es esencial para vivir una vida aut\u00e9ntica y significativa. En este ensayo, exploraremos la importancia de esta idea en la filosof\u00eda de Nietzsche y su relevancia para la vida contempor\u00e1nea.<br \/>\n El sentido de la tierra es una noci\u00f3n central en la filosof\u00eda de Nietzsche. Para \u00e9l, la tierra no es solo un lugar f\u00edsico donde vivimos, sino que tambi\u00e9n es un lugar simb\u00f3lico que representa nuestras ra\u00edces y nuestra identidad. Nietzsche cree que nuestra relaci\u00f3n con la tierra es fundamental para nuestra existencia, y que es esencial mantenernos fieles a su sentido para vivir una vida aut\u00e9ntica y significativa.<br \/>\n Para Nietzsche, la modernidad ha creado una desconexi\u00f3n entre los seres humanos y la tierra. La tecnolog\u00eda, la ciencia y la urbanizaci\u00f3n han alejado a los seres humanos de la naturaleza y los han hecho sentir como si estuvieran fuera de lugar en el mundo. Esta desconexi\u00f3n ha llevado a una crisis de identidad y de sentido en la sociedad moderna. Nietzsche cree que, para superar esta crisis, debemos volver a conectarnos con el sentido de la tierra.<br \/>\n Mantenernos fieles al sentido de la tierra implica aceptar la vida tal como es, con todas sus alegr\u00edas y tristezas. Significa aceptar nuestras limitaciones y nuestra mortalidad, y encontrar la belleza en la vida tal como es. Tambi\u00e9n implica valorar nuestras ra\u00edces y nuestra historia, y reconocer nuestra conexi\u00f3n con la naturaleza y el mundo que nos rodea.<br \/>\n Nietzsche tambi\u00e9n enfatiza la importancia de la cultura y la creatividad para mantenernos fieles al sentido de la tierra. Para \u00e9l, la cultura es una expresi\u00f3n de la naturaleza humana y una forma de celebrar la vida. La m\u00fasica, el arte y la literatura son medios para conectarnos con nuestra humanidad y con el mundo que nos rodea. La creatividad es una forma de expresar nuestra individualidad y nuestra conexi\u00f3n con la tierra.<br \/>\n En resumen, el sentido de la tierra es una idea esencial en la filosof\u00eda de Nietzsche. Mantenernos fieles a este sentido es fundamental para vivir una vida aut\u00e9ntica y significativa. Implica aceptar la vida tal como es, conectarnos con la naturaleza y nuestras ra\u00edces, y valorar la cultura y la creatividad. En un mundo cada vez m\u00e1s desconectado de la naturaleza y de la humanidad, la importancia del sentido de la tierra es m\u00e1s relevante que nunca. Debemos recordar la sabidur\u00eda de Nietzsche y trabajar para reconectarnos con el mundo que nos rodea para vivir una vida plena y significativa.<\/p>\n","protected":false},"excerpt":{"rendered":"<p>La filosof\u00eda de Nietzsche est\u00e1 llena de reflexiones profundas y provocativas sobre la vida, la&#8230;<\/p>\n","protected":false},"author":1,"featured_media":386,"comment_status":"open","ping_status":"open","sticky":false,"template":"","format":"standard","meta":{"jetpack_publicize_message":"","jetpack_is_tweetstorm":false,"jetpack_publicize_feature_enabled":true,"jetpack_social_post_already_shared":false,"jetpack_social_options":{"image_generator_settings":{"template":"highway","enabled":false}}},"categories":[3,12],"tags":[36],"jetpack_publicize_connections":[],"yoast_head":"<!-- This site is optimized with the Yoast SEO Premium plugin v20.5 (Yoast SEO v20.5) - https:\/\/yoast.com\/wordpress\/plugins\/seo\/ -->\n<title>El Sentido de la Tierra: La Importancia del V\u00ednculo con la Naturaleza en la Filosof\u00eda de Nietzsche -<\/title>\n<meta name=\"robots\" content=\"index, follow, max-snippet:-1, max-image-preview:large, max-video-preview:-1\" \/>\n<link rel=\"canonical\" href=\"https:\/\/filosofiacienciacabala.com\/index.php\/2023\/04\/06\/el-sentido-de-la-tierra-la-importancia-del-vinculo-con-la-naturaleza-en-la-filosofia-de-nietzsche\/\" \/>\n<meta property=\"og:locale\" content=\"es_ES\" \/>\n<meta property=\"og:type\" content=\"article\" \/>\n<meta property=\"og:title\" content=\"El Sentido de la Tierra: La Importancia del V\u00ednculo con la Naturaleza en la Filosof\u00eda de Nietzsche\" \/>\n<meta property=\"og:description\" content=\"La filosof\u00eda de Nietzsche est\u00e1 llena de reflexiones profundas y provocativas sobre la vida, la...\" \/>\n<meta property=\"og:url\" content=\"https:\/\/filosofiacienciacabala.com\/index.php\/2023\/04\/06\/el-sentido-de-la-tierra-la-importancia-del-vinculo-con-la-naturaleza-en-la-filosofia-de-nietzsche\/\" \/>\n<meta property=\"article:published_time\" content=\"2023-04-06T22:50:32+00:00\" \/>\n<meta property=\"og:image\" content=\"https:\/\/filosofiacienciacabala.com\/wp-content\/uploads\/2023\/04\/024.png\" \/>\n\t<meta property=\"og:image:width\" content=\"768\" \/>\n\t<meta property=\"og:image:height\" content=\"510\" \/>\n\t<meta property=\"og:image:type\" content=\"image\/png\" \/>\n<meta name=\"author\" content=\"edhisoft\" \/>\n<meta name=\"twitter:card\" content=\"summary_large_image\" \/>\n<meta name=\"twitter:label1\" content=\"Escrito por\" \/>\n\t<meta name=\"twitter:data1\" content=\"edhisoft\" \/>\n\t<meta name=\"twitter:label2\" content=\"Tiempo de lectura\" \/>\n\t<meta name=\"twitter:data2\" content=\"2 minutos\" \/>\n<script type=\"application\/ld+json\" class=\"yoast-schema-graph\">{\"@context\":\"https:\/\/schema.org\",\"@graph\":[{\"@type\":\"WebPage\",\"@id\":\"https:\/\/filosofiacienciacabala.com\/index.php\/2023\/04\/06\/el-sentido-de-la-tierra-la-importancia-del-vinculo-con-la-naturaleza-en-la-filosofia-de-nietzsche\/\",\"url\":\"https:\/\/filosofiacienciacabala.com\/index.php\/2023\/04\/06\/el-sentido-de-la-tierra-la-importancia-del-vinculo-con-la-naturaleza-en-la-filosofia-de-nietzsche\/\",\"name\":\"El Sentido de la Tierra: La Importancia del V\u00ednculo con la Naturaleza en la Filosof\u00eda de Nietzsche -\",\"isPartOf\":{\"@id\":\"https:\/\/filosofiacienciacabala.com\/#website\"},\"datePublished\":\"2023-04-06T22:50:32+00:00\",\"dateModified\":\"2023-04-06T22:50:32+00:00\",\"author\":{\"@id\":\"https:\/\/filosofiacienciacabala.com\/#\/schema\/person\/aa6e7fe0c15474fb8c239be8d535daa0\"},\"breadcrumb\":{\"@id\":\"https:\/\/filosofiacienciacabala.com\/index.php\/2023\/04\/06\/el-sentido-de-la-tierra-la-importancia-del-vinculo-con-la-naturaleza-en-la-filosofia-de-nietzsche\/#breadcrumb\"},\"inLanguage\":\"es\",\"potentialAction\":[{\"@type\":\"ReadAction\",\"target\":[\"https:\/\/filosofiacienciacabala.com\/index.php\/2023\/04\/06\/el-sentido-de-la-tierra-la-importancia-del-vinculo-con-la-naturaleza-en-la-filosofia-de-nietzsche\/\"]}]},{\"@type\":\"BreadcrumbList\",\"@id\":\"https:\/\/filosofiacienciacabala.com\/index.php\/2023\/04\/06\/el-sentido-de-la-tierra-la-importancia-del-vinculo-con-la-naturaleza-en-la-filosofia-de-nietzsche\/#breadcrumb\",\"itemListElement\":[{\"@type\":\"ListItem\",\"position\":1,\"name\":\"Portada\",\"item\":\"https:\/\/filosofiacienciacabala.com\/\"},{\"@type\":\"ListItem\",\"position\":2,\"name\":\"El Sentido de la Tierra: La Importancia del V\u00ednculo con la Naturaleza en la Filosof\u00eda de Nietzsche\"}]},{\"@type\":\"WebSite\",\"@id\":\"https:\/\/filosofiacienciacabala.com\/#website\",\"url\":\"https:\/\/filosofiacienciacabala.com\/\",\"name\":\"\",\"description\":\"\",\"potentialAction\":[{\"@type\":\"SearchAction\",\"target\":{\"@type\":\"EntryPoint\",\"urlTemplate\":\"https:\/\/filosofiacienciacabala.com\/?s={search_term_string}\"},\"query-input\":\"required name=search_term_string\"}],\"inLanguage\":\"es\"},{\"@type\":\"Person\",\"@id\":\"https:\/\/filosofiacienciacabala.com\/#\/schema\/person\/aa6e7fe0c15474fb8c239be8d535daa0\",\"name\":\"edhisoft\",\"image\":{\"@type\":\"ImageObject\",\"inLanguage\":\"es\",\"@id\":\"https:\/\/filosofiacienciacabala.com\/#\/schema\/person\/image\/\",\"url\":\"https:\/\/secure.gravatar.com\/avatar\/5864c5ece8229bc96c6e5b5fdf2594bb?s=96&d=mm&r=g\",\"contentUrl\":\"https:\/\/secure.gravatar.com\/avatar\/5864c5ece8229bc96c6e5b5fdf2594bb?s=96&d=mm&r=g\",\"caption\":\"edhisoft\"},\"sameAs\":[\"https:\/\/filosofiacienciacabala.com\"],\"url\":\"https:\/\/filosofiacienciacabala.com\/index.php\/author\/edhisoft\/\"}]}<\/script>\n<!-- \/ Yoast SEO Premium plugin. -->","yoast_head_json":{"title":"El Sentido de la Tierra: La Importancia del V\u00ednculo con la Naturaleza en la Filosof\u00eda de Nietzsche -","robots":{"index":"index","follow":"follow","max-snippet":"max-snippet:-1","max-image-preview":"max-image-preview:large","max-video-preview":"max-video-preview:-1"},"canonical":"https:\/\/filosofiacienciacabala.com\/index.php\/2023\/04\/06\/el-sentido-de-la-tierra-la-importancia-del-vinculo-con-la-naturaleza-en-la-filosofia-de-nietzsche\/","og_locale":"es_ES","og_type":"article","og_title":"El Sentido de la Tierra: La Importancia del V\u00ednculo con la Naturaleza en la Filosof\u00eda de Nietzsche","og_description":"La filosof\u00eda de Nietzsche est\u00e1 llena de reflexiones profundas y provocativas sobre la vida, la...","og_url":"https:\/\/filosofiacienciacabala.com\/index.php\/2023\/04\/06\/el-sentido-de-la-tierra-la-importancia-del-vinculo-con-la-naturaleza-en-la-filosofia-de-nietzsche\/","article_published_time":"2023-04-06T22:50:32+00:00","og_image":[{"width":768,"height":510,"url":"https:\/\/filosofiacienciacabala.com\/wp-content\/uploads\/2023\/04\/024.png","type":"image\/png"}],"author":"edhisoft","twitter_card":"summary_large_image","twitter_misc":{"Escrito por":"edhisoft","Tiempo de lectura":"2 minutos"},"schema":{"@context":"https:\/\/schema.org","@graph":[{"@type":"WebPage","@id":"https:\/\/filosofiacienciacabala.com\/index.php\/2023\/04\/06\/el-sentido-de-la-tierra-la-importancia-del-vinculo-con-la-naturaleza-en-la-filosofia-de-nietzsche\/","url":"https:\/\/filosofiacienciacabala.com\/index.php\/2023\/04\/06\/el-sentido-de-la-tierra-la-importancia-del-vinculo-con-la-naturaleza-en-la-filosofia-de-nietzsche\/","name":"El Sentido de la Tierra: La Importancia del V\u00ednculo con la Naturaleza en la Filosof\u00eda de Nietzsche -","isPartOf":{"@id":"https:\/\/filosofiacienciacabala.com\/#website"},"datePublished":"2023-04-06T22:50:32+00:00","dateModified":"2023-04-06T22:50:32+00:00","author":{"@id":"https:\/\/filosofiacienciacabala.com\/#\/schema\/person\/aa6e7fe0c15474fb8c239be8d535daa0"},"breadcrumb":{"@id":"https:\/\/filosofiacienciacabala.com\/index.php\/2023\/04\/06\/el-sentido-de-la-tierra-la-importancia-del-vinculo-con-la-naturaleza-en-la-filosofia-de-nietzsche\/#breadcrumb"},"inLanguage":"es","potentialAction":[{"@type":"ReadAction","target":["https:\/\/filosofiacienciacabala.com\/index.php\/2023\/04\/06\/el-sentido-de-la-tierra-la-importancia-del-vinculo-con-la-naturaleza-en-la-filosofia-de-nietzsche\/"]}]},{"@type":"BreadcrumbList","@id":"https:\/\/filosofiacienciacabala.com\/index.php\/2023\/04\/06\/el-sentido-de-la-tierra-la-importancia-del-vinculo-con-la-naturaleza-en-la-filosofia-de-nietzsche\/#breadcrumb","itemListElement":[{"@type":"ListItem","position":1,"name":"Portada","item":"https:\/\/filosofiacienciacabala.com\/"},{"@type":"ListItem","position":2,"name":"El Sentido de la Tierra: La Importancia del V\u00ednculo con la Naturaleza en la Filosof\u00eda de Nietzsche"}]},{"@type":"WebSite","@id":"https:\/\/filosofiacienciacabala.com\/#website","url":"https:\/\/filosofiacienciacabala.com\/","name":"","description":"","potentialAction":[{"@type":"SearchAction","target":{"@type":"EntryPoint","urlTemplate":"https:\/\/filosofiacienciacabala.com\/?s={search_term_string}"},"query-input":"required name=search_term_string"}],"inLanguage":"es"},{"@type":"Person","@id":"https:\/\/filosofiacienciacabala.com\/#\/schema\/person\/aa6e7fe0c15474fb8c239be8d535daa0","name":"edhisoft","image":{"@type":"ImageObject","inLanguage":"es","@id":"https:\/\/filosofiacienciacabala.com\/#\/schema\/person\/image\/","url":"https:\/\/secure.gravatar.com\/avatar\/5864c5ece8229bc96c6e5b5fdf2594bb?s=96&d=mm&r=g","contentUrl":"https:\/\/secure.gravatar.com\/avatar\/5864c5ece8229bc96c6e5b5fdf2594bb?s=96&d=mm&r=g","caption":"edhisoft"},"sameAs":["https:\/\/filosofiacienciacabala.com"],"url":"https:\/\/filosofiacienciacabala.com\/index.php\/author\/edhisoft\/"}]}},"featured_image_urls":{"full":["https:\/\/filosofiacienciacabala.com\/wp-content\/uploads\/2023\/04\/024.png",768,510,false],"thumbnail":["https:\/\/filosofiacienciacabala.com\/wp-content\/uploads\/2023\/04\/024-150x150.png",150,150,true],"medium":["https:\/\/filosofiacienciacabala.com\/wp-content\/uploads\/2023\/04\/024-300x199.png",300,199,true],"medium_large":["https:\/\/filosofiacienciacabala.com\/wp-content\/uploads\/2023\/04\/024.png",640,425,false],"large":["https:\/\/filosofiacienciacabala.com\/wp-content\/uploads\/2023\/04\/024.png",640,425,false],"1536x1536":["https:\/\/filosofiacienciacabala.com\/wp-content\/uploads\/2023\/04\/024.png",768,510,false],"2048x2048":["https:\/\/filosofiacienciacabala.com\/wp-content\/uploads\/2023\/04\/024.png",768,510,false],"covernews-slider-full":["https:\/\/filosofiacienciacabala.com\/wp-content\/uploads\/2023\/04\/024.png",768,510,false],"covernews-slider-center":["https:\/\/filosofiacienciacabala.com\/wp-content\/uploads\/2023\/04\/024-768x500.png",768,500,true],"covernews-featured":["https:\/\/filosofiacienciacabala.com\/wp-content\/uploads\/2023\/04\/024.png",768,510,false],"covernews-medium":["https:\/\/filosofiacienciacabala.com\/wp-content\/uploads\/2023\/04\/024-540x340.png",540,340,true],"covernews-medium-square":["https:\/\/filosofiacienciacabala.com\/wp-content\/uploads\/2023\/04\/024-400x250.png",400,250,true],"mailpoet_newsletter_max":["https:\/\/filosofiacienciacabala.com\/wp-content\/uploads\/2023\/04\/024.png",768,510,false]},"author_info":{"display_name":"edhisoft","author_link":"https:\/\/filosofiacienciacabala.com\/index.php\/author\/edhisoft\/"},"category_info":"<a href=\"https:\/\/filosofiacienciacabala.com\/index.php\/category\/filosofia\/\" rel=\"category tag\">Filosof\u00eda<\/a> <a href=\"https:\/\/filosofiacienciacabala.com\/index.php\/category\/filosofia\/nietzsche\/\" rel=\"category tag\">Nietzsche<\/a>","tag_info":"Nietzsche","comment_count":"0","jetpack_featured_media_url":"https:\/\/filosofiacienciacabala.com\/wp-content\/uploads\/2023\/04\/024.png","_links":{"self":[{"href":"https:\/\/filosofiacienciacabala.com\/index.php\/wp-json\/wp\/v2\/posts\/433"}],"collection":[{"href":"https:\/\/filosofiacienciacabala.com\/index.php\/wp-json\/wp\/v2\/posts"}],"about":[{"href":"https:\/\/filosofiacienciacabala.com\/index.php\/wp-json\/wp\/v2\/types\/post"}],"author":[{"embeddable":true,"href":"https:\/\/filosofiacienciacabala.com\/index.php\/wp-json\/wp\/v2\/users\/1"}],"replies":[{"embeddable":true,"href":"https:\/\/filosofiacienciacabala.com\/index.php\/wp-json\/wp\/v2\/comments?post=433"}],"version-history":[{"count":0,"href":"https:\/\/filosofiacienciacabala.com\/index.php\/wp-json\/wp\/v2\/posts\/433\/revisions"}],"wp:featuredmedia":[{"embeddable":true,"href":"https:\/\/filosofiacienciacabala.com\/index.php\/wp-json\/wp\/v2\/media\/386"}],"wp:attachment":[{"href":"https:\/\/filosofiacienciacabala.com\/index.php\/wp-json\/wp\/v2\/media?parent=433"}],"wp:term":[{"taxonomy":"category","embeddable":true,"href":"https:\/\/filosofiacienciacabala.com\/index.php\/wp-json\/wp\/v2\/categories?post=433"},{"taxonomy":"post_tag","embeddable":true,"href":"https:\/\/filosofiacienciacabala.com\/index.php\/wp-json\/wp\/v2\/tags?post=433"}],"curies":[{"name":"wp","href":"https:\/\/api.w.org\/{rel}","templated":true}]}}