{"id":432,"date":"2023-04-06T22:50:32","date_gmt":"2023-04-06T22:50:32","guid":{"rendered":"https:\/\/filosofiacienciacabala.com\/index.php\/2023\/04\/06\/la-importancia-de-la-musica-en-la-filosofia-de-nietzsche-una-reflexion-sobre-la-vida-el-arte-y-la-creatividad\/"},"modified":"2023-04-06T22:50:32","modified_gmt":"2023-04-06T22:50:32","slug":"la-importancia-de-la-musica-en-la-filosofia-de-nietzsche-una-reflexion-sobre-la-vida-el-arte-y-la-creatividad","status":"publish","type":"post","link":"https:\/\/filosofiacienciacabala.com\/index.php\/2023\/04\/06\/la-importancia-de-la-musica-en-la-filosofia-de-nietzsche-una-reflexion-sobre-la-vida-el-arte-y-la-creatividad\/","title":{"rendered":"La Importancia de la M\u00fasica en la Filosof\u00eda de Nietzsche: Una Reflexi\u00f3n sobre la Vida, el Arte y la Creatividad"},"content":{"rendered":"<p>La m\u00fasica fue un elemento fundamental en la filosof\u00eda de Nietzsche. Para \u00e9l, la m\u00fasica era un medio para comprender la vida, el mundo y el ser humano. Nietzsche consideraba que la m\u00fasica ten\u00eda una capacidad \u00fanica para expresar emociones y sentimientos que no pueden ser expresados con palabras. Para \u00e9l, la m\u00fasica era una forma de comunicaci\u00f3n directa con el mundo y con uno mismo.<br \/>\n En su obra El nacimiento de la tragedia, Nietzsche sostiene que la m\u00fasica es el medio m\u00e1s puro de expresi\u00f3n art\u00edstica, ya que no est\u00e1 limitada por las convenciones ling\u00fc\u00edsticas o culturales. Seg\u00fan \u00e9l, la m\u00fasica tiene la capacidad de llegar a lo m\u00e1s profundo de la psique humana y despertar emociones que no pueden ser expresadas de ninguna otra manera.<br \/>\n Para Nietzsche, la m\u00fasica es una fuerza vital que nos ayuda a comprender la vida y a darle sentido. \u00c9l cre\u00eda que la m\u00fasica nos conecta con nuestra naturaleza m\u00e1s profunda y nos ayuda a comprender nuestras emociones y sentimientos m\u00e1s intensos. En su obra As\u00ed habl\u00f3 Zaratustra, Nietzsche describe la m\u00fasica como una forma de danza de la vida, una manifestaci\u00f3n de la fuerza vital que nos impulsa hacia adelante.<br \/>\n Adem\u00e1s, Nietzsche cre\u00eda que la m\u00fasica ten\u00eda un papel importante en la sociedad y en la cultura. Para \u00e9l, la m\u00fasica era una forma de resistencia contra las fuerzas que buscan limitar la creatividad y la expresi\u00f3n. Nietzsche ve\u00eda la m\u00fasica como una forma de liberaci\u00f3n y de rebeli\u00f3n contra las normas establecidas y los convencionalismos culturales.<br \/>\n Sin embargo, para Nietzsche, la m\u00fasica no era simplemente un medio de entretenimiento o de distracci\u00f3n. \u00c9l cre\u00eda que la m\u00fasica ten\u00eda un prop\u00f3sito m\u00e1s profundo y que era una parte fundamental de la vida humana. Seg\u00fan Nietzsche, la m\u00fasica nos ayuda a conectar con lo divino y a experimentar la trascendencia.<br \/>\n En resumen, para Nietzsche, la m\u00fasica era un medio para comprender la vida y a nosotros mismos. \u00c9l cre\u00eda que la m\u00fasica ten\u00eda una capacidad \u00fanica para expresar emociones y sentimientos que no pueden ser expresados con palabras y que era una forma de comunicaci\u00f3n directa con el mundo y con uno mismo. La m\u00fasica era una fuerza vital que nos ayuda a comprender la vida y a darle sentido, y una forma de resistencia contra las fuerzas que buscan limitar la creatividad y la expresi\u00f3n. En definitiva, la m\u00fasica era una parte fundamental de la vida humana para Nietzsche.<\/p>\n","protected":false},"excerpt":{"rendered":"<p>La m\u00fasica fue un elemento fundamental en la filosof\u00eda de Nietzsche. Para \u00e9l, la m\u00fasica&#8230;<\/p>\n","protected":false},"author":1,"featured_media":385,"comment_status":"open","ping_status":"open","sticky":false,"template":"","format":"standard","meta":{"jetpack_publicize_message":"","jetpack_is_tweetstorm":false,"jetpack_publicize_feature_enabled":true,"jetpack_social_post_already_shared":false,"jetpack_social_options":{"image_generator_settings":{"template":"highway","enabled":false}}},"categories":[3,12],"tags":[35,34],"jetpack_publicize_connections":[],"yoast_head":"<!-- This site is optimized with the Yoast SEO Premium plugin v20.5 (Yoast SEO v20.5) - https:\/\/yoast.com\/wordpress\/plugins\/seo\/ -->\n<title>La Importancia de la M\u00fasica en la Filosof\u00eda de Nietzsche: Una Reflexi\u00f3n sobre la Vida, el Arte y la Creatividad -<\/title>\n<meta name=\"robots\" content=\"index, follow, max-snippet:-1, max-image-preview:large, max-video-preview:-1\" \/>\n<link rel=\"canonical\" href=\"https:\/\/filosofiacienciacabala.com\/index.php\/2023\/04\/06\/la-importancia-de-la-musica-en-la-filosofia-de-nietzsche-una-reflexion-sobre-la-vida-el-arte-y-la-creatividad\/\" \/>\n<meta property=\"og:locale\" content=\"es_ES\" \/>\n<meta property=\"og:type\" content=\"article\" \/>\n<meta property=\"og:title\" content=\"La Importancia de la M\u00fasica en la Filosof\u00eda de Nietzsche: Una Reflexi\u00f3n sobre la Vida, el Arte y la Creatividad\" \/>\n<meta property=\"og:description\" content=\"La m\u00fasica fue un elemento fundamental en la filosof\u00eda de Nietzsche. Para \u00e9l, la m\u00fasica...\" \/>\n<meta property=\"og:url\" content=\"https:\/\/filosofiacienciacabala.com\/index.php\/2023\/04\/06\/la-importancia-de-la-musica-en-la-filosofia-de-nietzsche-una-reflexion-sobre-la-vida-el-arte-y-la-creatividad\/\" \/>\n<meta property=\"article:published_time\" content=\"2023-04-06T22:50:32+00:00\" \/>\n<meta property=\"og:image\" content=\"https:\/\/filosofiacienciacabala.com\/wp-content\/uploads\/2023\/04\/023.png\" \/>\n\t<meta property=\"og:image:width\" content=\"768\" \/>\n\t<meta property=\"og:image:height\" content=\"510\" \/>\n\t<meta property=\"og:image:type\" content=\"image\/png\" \/>\n<meta name=\"author\" content=\"edhisoft\" \/>\n<meta name=\"twitter:card\" content=\"summary_large_image\" \/>\n<meta name=\"twitter:label1\" content=\"Escrito por\" \/>\n\t<meta name=\"twitter:data1\" content=\"edhisoft\" \/>\n\t<meta name=\"twitter:label2\" content=\"Tiempo de lectura\" \/>\n\t<meta name=\"twitter:data2\" content=\"2 minutos\" \/>\n<script type=\"application\/ld+json\" class=\"yoast-schema-graph\">{\"@context\":\"https:\/\/schema.org\",\"@graph\":[{\"@type\":\"WebPage\",\"@id\":\"https:\/\/filosofiacienciacabala.com\/index.php\/2023\/04\/06\/la-importancia-de-la-musica-en-la-filosofia-de-nietzsche-una-reflexion-sobre-la-vida-el-arte-y-la-creatividad\/\",\"url\":\"https:\/\/filosofiacienciacabala.com\/index.php\/2023\/04\/06\/la-importancia-de-la-musica-en-la-filosofia-de-nietzsche-una-reflexion-sobre-la-vida-el-arte-y-la-creatividad\/\",\"name\":\"La Importancia de la M\u00fasica en la Filosof\u00eda de Nietzsche: Una Reflexi\u00f3n sobre la Vida, el Arte y la Creatividad -\",\"isPartOf\":{\"@id\":\"https:\/\/filosofiacienciacabala.com\/#website\"},\"datePublished\":\"2023-04-06T22:50:32+00:00\",\"dateModified\":\"2023-04-06T22:50:32+00:00\",\"author\":{\"@id\":\"https:\/\/filosofiacienciacabala.com\/#\/schema\/person\/aa6e7fe0c15474fb8c239be8d535daa0\"},\"breadcrumb\":{\"@id\":\"https:\/\/filosofiacienciacabala.com\/index.php\/2023\/04\/06\/la-importancia-de-la-musica-en-la-filosofia-de-nietzsche-una-reflexion-sobre-la-vida-el-arte-y-la-creatividad\/#breadcrumb\"},\"inLanguage\":\"es\",\"potentialAction\":[{\"@type\":\"ReadAction\",\"target\":[\"https:\/\/filosofiacienciacabala.com\/index.php\/2023\/04\/06\/la-importancia-de-la-musica-en-la-filosofia-de-nietzsche-una-reflexion-sobre-la-vida-el-arte-y-la-creatividad\/\"]}]},{\"@type\":\"BreadcrumbList\",\"@id\":\"https:\/\/filosofiacienciacabala.com\/index.php\/2023\/04\/06\/la-importancia-de-la-musica-en-la-filosofia-de-nietzsche-una-reflexion-sobre-la-vida-el-arte-y-la-creatividad\/#breadcrumb\",\"itemListElement\":[{\"@type\":\"ListItem\",\"position\":1,\"name\":\"Portada\",\"item\":\"https:\/\/filosofiacienciacabala.com\/\"},{\"@type\":\"ListItem\",\"position\":2,\"name\":\"La Importancia de la M\u00fasica en la Filosof\u00eda de Nietzsche: Una Reflexi\u00f3n sobre la Vida, el Arte y la Creatividad\"}]},{\"@type\":\"WebSite\",\"@id\":\"https:\/\/filosofiacienciacabala.com\/#website\",\"url\":\"https:\/\/filosofiacienciacabala.com\/\",\"name\":\"\",\"description\":\"\",\"potentialAction\":[{\"@type\":\"SearchAction\",\"target\":{\"@type\":\"EntryPoint\",\"urlTemplate\":\"https:\/\/filosofiacienciacabala.com\/?s={search_term_string}\"},\"query-input\":\"required name=search_term_string\"}],\"inLanguage\":\"es\"},{\"@type\":\"Person\",\"@id\":\"https:\/\/filosofiacienciacabala.com\/#\/schema\/person\/aa6e7fe0c15474fb8c239be8d535daa0\",\"name\":\"edhisoft\",\"image\":{\"@type\":\"ImageObject\",\"inLanguage\":\"es\",\"@id\":\"https:\/\/filosofiacienciacabala.com\/#\/schema\/person\/image\/\",\"url\":\"https:\/\/secure.gravatar.com\/avatar\/5864c5ece8229bc96c6e5b5fdf2594bb?s=96&d=mm&r=g\",\"contentUrl\":\"https:\/\/secure.gravatar.com\/avatar\/5864c5ece8229bc96c6e5b5fdf2594bb?s=96&d=mm&r=g\",\"caption\":\"edhisoft\"},\"sameAs\":[\"https:\/\/filosofiacienciacabala.com\"],\"url\":\"https:\/\/filosofiacienciacabala.com\/index.php\/author\/edhisoft\/\"}]}<\/script>\n<!-- \/ Yoast SEO Premium plugin. -->","yoast_head_json":{"title":"La Importancia de la M\u00fasica en la Filosof\u00eda de Nietzsche: Una Reflexi\u00f3n sobre la Vida, el Arte y la Creatividad -","robots":{"index":"index","follow":"follow","max-snippet":"max-snippet:-1","max-image-preview":"max-image-preview:large","max-video-preview":"max-video-preview:-1"},"canonical":"https:\/\/filosofiacienciacabala.com\/index.php\/2023\/04\/06\/la-importancia-de-la-musica-en-la-filosofia-de-nietzsche-una-reflexion-sobre-la-vida-el-arte-y-la-creatividad\/","og_locale":"es_ES","og_type":"article","og_title":"La Importancia de la M\u00fasica en la Filosof\u00eda de Nietzsche: Una Reflexi\u00f3n sobre la Vida, el Arte y la Creatividad","og_description":"La m\u00fasica fue un elemento fundamental en la filosof\u00eda de Nietzsche. Para \u00e9l, la m\u00fasica...","og_url":"https:\/\/filosofiacienciacabala.com\/index.php\/2023\/04\/06\/la-importancia-de-la-musica-en-la-filosofia-de-nietzsche-una-reflexion-sobre-la-vida-el-arte-y-la-creatividad\/","article_published_time":"2023-04-06T22:50:32+00:00","og_image":[{"width":768,"height":510,"url":"https:\/\/filosofiacienciacabala.com\/wp-content\/uploads\/2023\/04\/023.png","type":"image\/png"}],"author":"edhisoft","twitter_card":"summary_large_image","twitter_misc":{"Escrito por":"edhisoft","Tiempo de lectura":"2 minutos"},"schema":{"@context":"https:\/\/schema.org","@graph":[{"@type":"WebPage","@id":"https:\/\/filosofiacienciacabala.com\/index.php\/2023\/04\/06\/la-importancia-de-la-musica-en-la-filosofia-de-nietzsche-una-reflexion-sobre-la-vida-el-arte-y-la-creatividad\/","url":"https:\/\/filosofiacienciacabala.com\/index.php\/2023\/04\/06\/la-importancia-de-la-musica-en-la-filosofia-de-nietzsche-una-reflexion-sobre-la-vida-el-arte-y-la-creatividad\/","name":"La Importancia de la M\u00fasica en la Filosof\u00eda de Nietzsche: Una Reflexi\u00f3n sobre la Vida, el Arte y la Creatividad -","isPartOf":{"@id":"https:\/\/filosofiacienciacabala.com\/#website"},"datePublished":"2023-04-06T22:50:32+00:00","dateModified":"2023-04-06T22:50:32+00:00","author":{"@id":"https:\/\/filosofiacienciacabala.com\/#\/schema\/person\/aa6e7fe0c15474fb8c239be8d535daa0"},"breadcrumb":{"@id":"https:\/\/filosofiacienciacabala.com\/index.php\/2023\/04\/06\/la-importancia-de-la-musica-en-la-filosofia-de-nietzsche-una-reflexion-sobre-la-vida-el-arte-y-la-creatividad\/#breadcrumb"},"inLanguage":"es","potentialAction":[{"@type":"ReadAction","target":["https:\/\/filosofiacienciacabala.com\/index.php\/2023\/04\/06\/la-importancia-de-la-musica-en-la-filosofia-de-nietzsche-una-reflexion-sobre-la-vida-el-arte-y-la-creatividad\/"]}]},{"@type":"BreadcrumbList","@id":"https:\/\/filosofiacienciacabala.com\/index.php\/2023\/04\/06\/la-importancia-de-la-musica-en-la-filosofia-de-nietzsche-una-reflexion-sobre-la-vida-el-arte-y-la-creatividad\/#breadcrumb","itemListElement":[{"@type":"ListItem","position":1,"name":"Portada","item":"https:\/\/filosofiacienciacabala.com\/"},{"@type":"ListItem","position":2,"name":"La Importancia de la M\u00fasica en la Filosof\u00eda de Nietzsche: Una Reflexi\u00f3n sobre la Vida, el Arte y la Creatividad"}]},{"@type":"WebSite","@id":"https:\/\/filosofiacienciacabala.com\/#website","url":"https:\/\/filosofiacienciacabala.com\/","name":"","description":"","potentialAction":[{"@type":"SearchAction","target":{"@type":"EntryPoint","urlTemplate":"https:\/\/filosofiacienciacabala.com\/?s={search_term_string}"},"query-input":"required name=search_term_string"}],"inLanguage":"es"},{"@type":"Person","@id":"https:\/\/filosofiacienciacabala.com\/#\/schema\/person\/aa6e7fe0c15474fb8c239be8d535daa0","name":"edhisoft","image":{"@type":"ImageObject","inLanguage":"es","@id":"https:\/\/filosofiacienciacabala.com\/#\/schema\/person\/image\/","url":"https:\/\/secure.gravatar.com\/avatar\/5864c5ece8229bc96c6e5b5fdf2594bb?s=96&d=mm&r=g","contentUrl":"https:\/\/secure.gravatar.com\/avatar\/5864c5ece8229bc96c6e5b5fdf2594bb?s=96&d=mm&r=g","caption":"edhisoft"},"sameAs":["https:\/\/filosofiacienciacabala.com"],"url":"https:\/\/filosofiacienciacabala.com\/index.php\/author\/edhisoft\/"}]}},"featured_image_urls":{"full":["https:\/\/filosofiacienciacabala.com\/wp-content\/uploads\/2023\/04\/023.png",768,510,false],"thumbnail":["https:\/\/filosofiacienciacabala.com\/wp-content\/uploads\/2023\/04\/023-150x150.png",150,150,true],"medium":["https:\/\/filosofiacienciacabala.com\/wp-content\/uploads\/2023\/04\/023-300x199.png",300,199,true],"medium_large":["https:\/\/filosofiacienciacabala.com\/wp-content\/uploads\/2023\/04\/023.png",640,425,false],"large":["https:\/\/filosofiacienciacabala.com\/wp-content\/uploads\/2023\/04\/023.png",640,425,false],"1536x1536":["https:\/\/filosofiacienciacabala.com\/wp-content\/uploads\/2023\/04\/023.png",768,510,false],"2048x2048":["https:\/\/filosofiacienciacabala.com\/wp-content\/uploads\/2023\/04\/023.png",768,510,false],"covernews-slider-full":["https:\/\/filosofiacienciacabala.com\/wp-content\/uploads\/2023\/04\/023.png",768,510,false],"covernews-slider-center":["https:\/\/filosofiacienciacabala.com\/wp-content\/uploads\/2023\/04\/023-768x500.png",768,500,true],"covernews-featured":["https:\/\/filosofiacienciacabala.com\/wp-content\/uploads\/2023\/04\/023.png",768,510,false],"covernews-medium":["https:\/\/filosofiacienciacabala.com\/wp-content\/uploads\/2023\/04\/023-540x340.png",540,340,true],"covernews-medium-square":["https:\/\/filosofiacienciacabala.com\/wp-content\/uploads\/2023\/04\/023-400x250.png",400,250,true],"mailpoet_newsletter_max":["https:\/\/filosofiacienciacabala.com\/wp-content\/uploads\/2023\/04\/023.png",768,510,false]},"author_info":{"display_name":"edhisoft","author_link":"https:\/\/filosofiacienciacabala.com\/index.php\/author\/edhisoft\/"},"category_info":"<a href=\"https:\/\/filosofiacienciacabala.com\/index.php\/category\/filosofia\/\" rel=\"category tag\">Filosof\u00eda<\/a> <a href=\"https:\/\/filosofiacienciacabala.com\/index.php\/category\/filosofia\/nietzsche\/\" rel=\"category tag\">Nietzsche<\/a>","tag_info":"Nietzsche","comment_count":"0","jetpack_featured_media_url":"https:\/\/filosofiacienciacabala.com\/wp-content\/uploads\/2023\/04\/023.png","_links":{"self":[{"href":"https:\/\/filosofiacienciacabala.com\/index.php\/wp-json\/wp\/v2\/posts\/432"}],"collection":[{"href":"https:\/\/filosofiacienciacabala.com\/index.php\/wp-json\/wp\/v2\/posts"}],"about":[{"href":"https:\/\/filosofiacienciacabala.com\/index.php\/wp-json\/wp\/v2\/types\/post"}],"author":[{"embeddable":true,"href":"https:\/\/filosofiacienciacabala.com\/index.php\/wp-json\/wp\/v2\/users\/1"}],"replies":[{"embeddable":true,"href":"https:\/\/filosofiacienciacabala.com\/index.php\/wp-json\/wp\/v2\/comments?post=432"}],"version-history":[{"count":0,"href":"https:\/\/filosofiacienciacabala.com\/index.php\/wp-json\/wp\/v2\/posts\/432\/revisions"}],"wp:featuredmedia":[{"embeddable":true,"href":"https:\/\/filosofiacienciacabala.com\/index.php\/wp-json\/wp\/v2\/media\/385"}],"wp:attachment":[{"href":"https:\/\/filosofiacienciacabala.com\/index.php\/wp-json\/wp\/v2\/media?parent=432"}],"wp:term":[{"taxonomy":"category","embeddable":true,"href":"https:\/\/filosofiacienciacabala.com\/index.php\/wp-json\/wp\/v2\/categories?post=432"},{"taxonomy":"post_tag","embeddable":true,"href":"https:\/\/filosofiacienciacabala.com\/index.php\/wp-json\/wp\/v2\/tags?post=432"}],"curies":[{"name":"wp","href":"https:\/\/api.w.org\/{rel}","templated":true}]}}