{"id":427,"date":"2023-04-06T22:50:30","date_gmt":"2023-04-06T22:50:30","guid":{"rendered":"https:\/\/filosofiacienciacabala.com\/index.php\/2023\/04\/06\/la-participacion-de-nietzsche-en-la-guerra-franco-prusiana-impacto-en-su-filosofia-y-vida-personal\/"},"modified":"2023-04-06T22:50:30","modified_gmt":"2023-04-06T22:50:30","slug":"la-participacion-de-nietzsche-en-la-guerra-franco-prusiana-impacto-en-su-filosofia-y-vida-personal","status":"publish","type":"post","link":"https:\/\/filosofiacienciacabala.com\/index.php\/2023\/04\/06\/la-participacion-de-nietzsche-en-la-guerra-franco-prusiana-impacto-en-su-filosofia-y-vida-personal\/","title":{"rendered":"La Participaci\u00f3n de Nietzsche en la Guerra Franco-Prusiana: Impacto en su Filosof\u00eda y Vida Personal"},"content":{"rendered":"<p>Friedrich Nietzsche, uno de los fil\u00f3sofos m\u00e1s influyentes de la historia, tuvo una experiencia que marc\u00f3 su vida personal y filos\u00f3fica: su participaci\u00f3n en la Guerra Franco-Prusiana. Este conflicto b\u00e9lico se desat\u00f3 en 1870 y enfrent\u00f3 a Francia y Prusia (liderada por el futuro Imperio Alem\u00e1n) por el control de los territorios de Alsacia y Lorena. Nietzsche, entonces estudiante de teolog\u00eda y filolog\u00eda en la Universidad de Bonn, se uni\u00f3 voluntariamente al ej\u00e9rcito prusiano como enfermero de guerra.<br \/>\n La experiencia en la guerra tuvo un impacto significativo en la filosof\u00eda de Nietzsche. En primer lugar, la crueldad y la violencia de la guerra lo llevaron a cuestionar el concepto de la bondad y la moralidad absoluta. En sus obras posteriores, Nietzsche desarrollar\u00eda la idea de que la moralidad es una construcci\u00f3n social y que la bondad y la maldad son conceptos relativos y cambiantes. Adem\u00e1s, la experiencia en la guerra tambi\u00e9n lo llev\u00f3 a cuestionar la idea de la verdad absoluta y a desarrollar su filosof\u00eda de la perspectiva, seg\u00fan la cual no hay una verdad universal y objetiva, sino que cada individuo tiene su propia perspectiva de la realidad.<br \/>\n Por otro lado, la participaci\u00f3n de Nietzsche en la Guerra Franco-Prusiana tambi\u00e9n tuvo un impacto en su vida personal. Durante la guerra, Nietzsche contrajo una enfermedad que lo dej\u00f3 con problemas de salud de por vida. Adem\u00e1s, seg\u00fan algunos bi\u00f3grafos, la guerra y la violencia que presenci\u00f3 lo llevaron a sufrir una crisis emocional que lo dej\u00f3 desilusionado con la vida y la sociedad. Estos eventos, combinados con su filosof\u00eda nihilista, lo llevaron a vivir una vida solitaria y a buscar un sentido personal en la filosof\u00eda y el arte.<br \/>\n En conclusi\u00f3n, la participaci\u00f3n de Nietzsche en la Guerra Franco-Prusiana tuvo un impacto significativo en su filosof\u00eda y vida personal. La violencia y crueldad de la guerra lo llevaron a cuestionar la moralidad y la verdad absoluta, mientras que su experiencia personal lo llev\u00f3 a buscar un sentido en la vida a trav\u00e9s de la filosof\u00eda y el arte. En definitiva, la guerra fue un evento decisivo en la vida y obra de uno de los fil\u00f3sofos m\u00e1s influyentes de la historia.<\/p>\n","protected":false},"excerpt":{"rendered":"<p>Friedrich Nietzsche, uno de los fil\u00f3sofos m\u00e1s influyentes de la historia, tuvo una experiencia que&#8230;<\/p>\n","protected":false},"author":1,"featured_media":372,"comment_status":"open","ping_status":"open","sticky":false,"template":"","format":"standard","meta":{"jetpack_publicize_message":"","jetpack_is_tweetstorm":false,"jetpack_publicize_feature_enabled":true,"jetpack_social_post_already_shared":false,"jetpack_social_options":{"image_generator_settings":{"template":"highway","enabled":false}}},"categories":[3,12],"tags":[29],"jetpack_publicize_connections":[],"yoast_head":"<!-- This site is optimized with the Yoast SEO Premium plugin v20.5 (Yoast SEO v20.5) - https:\/\/yoast.com\/wordpress\/plugins\/seo\/ -->\n<title>La Participaci\u00f3n de Nietzsche en la Guerra Franco-Prusiana: Impacto en su Filosof\u00eda y Vida Personal -<\/title>\n<meta name=\"robots\" content=\"index, follow, max-snippet:-1, max-image-preview:large, max-video-preview:-1\" \/>\n<link rel=\"canonical\" href=\"https:\/\/filosofiacienciacabala.com\/index.php\/2023\/04\/06\/la-participacion-de-nietzsche-en-la-guerra-franco-prusiana-impacto-en-su-filosofia-y-vida-personal\/\" \/>\n<meta property=\"og:locale\" content=\"es_ES\" \/>\n<meta property=\"og:type\" content=\"article\" \/>\n<meta property=\"og:title\" content=\"La Participaci\u00f3n de Nietzsche en la Guerra Franco-Prusiana: Impacto en su Filosof\u00eda y Vida Personal\" \/>\n<meta property=\"og:description\" content=\"Friedrich Nietzsche, uno de los fil\u00f3sofos m\u00e1s influyentes de la historia, tuvo una experiencia que...\" \/>\n<meta property=\"og:url\" content=\"https:\/\/filosofiacienciacabala.com\/index.php\/2023\/04\/06\/la-participacion-de-nietzsche-en-la-guerra-franco-prusiana-impacto-en-su-filosofia-y-vida-personal\/\" \/>\n<meta property=\"article:published_time\" content=\"2023-04-06T22:50:30+00:00\" \/>\n<meta property=\"og:image\" content=\"https:\/\/filosofiacienciacabala.com\/wp-content\/uploads\/2023\/04\/018.png\" \/>\n\t<meta property=\"og:image:width\" content=\"768\" \/>\n\t<meta property=\"og:image:height\" content=\"510\" \/>\n\t<meta property=\"og:image:type\" content=\"image\/png\" \/>\n<meta name=\"author\" content=\"edhisoft\" \/>\n<meta name=\"twitter:card\" content=\"summary_large_image\" \/>\n<meta name=\"twitter:label1\" content=\"Escrito por\" \/>\n\t<meta name=\"twitter:data1\" content=\"edhisoft\" \/>\n\t<meta name=\"twitter:label2\" content=\"Tiempo de lectura\" \/>\n\t<meta name=\"twitter:data2\" content=\"2 minutos\" \/>\n<script type=\"application\/ld+json\" class=\"yoast-schema-graph\">{\"@context\":\"https:\/\/schema.org\",\"@graph\":[{\"@type\":\"WebPage\",\"@id\":\"https:\/\/filosofiacienciacabala.com\/index.php\/2023\/04\/06\/la-participacion-de-nietzsche-en-la-guerra-franco-prusiana-impacto-en-su-filosofia-y-vida-personal\/\",\"url\":\"https:\/\/filosofiacienciacabala.com\/index.php\/2023\/04\/06\/la-participacion-de-nietzsche-en-la-guerra-franco-prusiana-impacto-en-su-filosofia-y-vida-personal\/\",\"name\":\"La Participaci\u00f3n de Nietzsche en la Guerra Franco-Prusiana: Impacto en su Filosof\u00eda y Vida Personal -\",\"isPartOf\":{\"@id\":\"https:\/\/filosofiacienciacabala.com\/#website\"},\"datePublished\":\"2023-04-06T22:50:30+00:00\",\"dateModified\":\"2023-04-06T22:50:30+00:00\",\"author\":{\"@id\":\"https:\/\/filosofiacienciacabala.com\/#\/schema\/person\/aa6e7fe0c15474fb8c239be8d535daa0\"},\"breadcrumb\":{\"@id\":\"https:\/\/filosofiacienciacabala.com\/index.php\/2023\/04\/06\/la-participacion-de-nietzsche-en-la-guerra-franco-prusiana-impacto-en-su-filosofia-y-vida-personal\/#breadcrumb\"},\"inLanguage\":\"es\",\"potentialAction\":[{\"@type\":\"ReadAction\",\"target\":[\"https:\/\/filosofiacienciacabala.com\/index.php\/2023\/04\/06\/la-participacion-de-nietzsche-en-la-guerra-franco-prusiana-impacto-en-su-filosofia-y-vida-personal\/\"]}]},{\"@type\":\"BreadcrumbList\",\"@id\":\"https:\/\/filosofiacienciacabala.com\/index.php\/2023\/04\/06\/la-participacion-de-nietzsche-en-la-guerra-franco-prusiana-impacto-en-su-filosofia-y-vida-personal\/#breadcrumb\",\"itemListElement\":[{\"@type\":\"ListItem\",\"position\":1,\"name\":\"Portada\",\"item\":\"https:\/\/filosofiacienciacabala.com\/\"},{\"@type\":\"ListItem\",\"position\":2,\"name\":\"La Participaci\u00f3n de Nietzsche en la Guerra Franco-Prusiana: Impacto en su Filosof\u00eda y Vida Personal\"}]},{\"@type\":\"WebSite\",\"@id\":\"https:\/\/filosofiacienciacabala.com\/#website\",\"url\":\"https:\/\/filosofiacienciacabala.com\/\",\"name\":\"\",\"description\":\"\",\"potentialAction\":[{\"@type\":\"SearchAction\",\"target\":{\"@type\":\"EntryPoint\",\"urlTemplate\":\"https:\/\/filosofiacienciacabala.com\/?s={search_term_string}\"},\"query-input\":\"required name=search_term_string\"}],\"inLanguage\":\"es\"},{\"@type\":\"Person\",\"@id\":\"https:\/\/filosofiacienciacabala.com\/#\/schema\/person\/aa6e7fe0c15474fb8c239be8d535daa0\",\"name\":\"edhisoft\",\"image\":{\"@type\":\"ImageObject\",\"inLanguage\":\"es\",\"@id\":\"https:\/\/filosofiacienciacabala.com\/#\/schema\/person\/image\/\",\"url\":\"https:\/\/secure.gravatar.com\/avatar\/5864c5ece8229bc96c6e5b5fdf2594bb?s=96&d=mm&r=g\",\"contentUrl\":\"https:\/\/secure.gravatar.com\/avatar\/5864c5ece8229bc96c6e5b5fdf2594bb?s=96&d=mm&r=g\",\"caption\":\"edhisoft\"},\"sameAs\":[\"https:\/\/filosofiacienciacabala.com\"],\"url\":\"https:\/\/filosofiacienciacabala.com\/index.php\/author\/edhisoft\/\"}]}<\/script>\n<!-- \/ Yoast SEO Premium plugin. -->","yoast_head_json":{"title":"La Participaci\u00f3n de Nietzsche en la Guerra Franco-Prusiana: Impacto en su Filosof\u00eda y Vida Personal -","robots":{"index":"index","follow":"follow","max-snippet":"max-snippet:-1","max-image-preview":"max-image-preview:large","max-video-preview":"max-video-preview:-1"},"canonical":"https:\/\/filosofiacienciacabala.com\/index.php\/2023\/04\/06\/la-participacion-de-nietzsche-en-la-guerra-franco-prusiana-impacto-en-su-filosofia-y-vida-personal\/","og_locale":"es_ES","og_type":"article","og_title":"La Participaci\u00f3n de Nietzsche en la Guerra Franco-Prusiana: Impacto en su Filosof\u00eda y Vida Personal","og_description":"Friedrich Nietzsche, uno de los fil\u00f3sofos m\u00e1s influyentes de la historia, tuvo una experiencia que...","og_url":"https:\/\/filosofiacienciacabala.com\/index.php\/2023\/04\/06\/la-participacion-de-nietzsche-en-la-guerra-franco-prusiana-impacto-en-su-filosofia-y-vida-personal\/","article_published_time":"2023-04-06T22:50:30+00:00","og_image":[{"width":768,"height":510,"url":"https:\/\/filosofiacienciacabala.com\/wp-content\/uploads\/2023\/04\/018.png","type":"image\/png"}],"author":"edhisoft","twitter_card":"summary_large_image","twitter_misc":{"Escrito por":"edhisoft","Tiempo de lectura":"2 minutos"},"schema":{"@context":"https:\/\/schema.org","@graph":[{"@type":"WebPage","@id":"https:\/\/filosofiacienciacabala.com\/index.php\/2023\/04\/06\/la-participacion-de-nietzsche-en-la-guerra-franco-prusiana-impacto-en-su-filosofia-y-vida-personal\/","url":"https:\/\/filosofiacienciacabala.com\/index.php\/2023\/04\/06\/la-participacion-de-nietzsche-en-la-guerra-franco-prusiana-impacto-en-su-filosofia-y-vida-personal\/","name":"La Participaci\u00f3n de Nietzsche en la Guerra Franco-Prusiana: Impacto en su Filosof\u00eda y Vida Personal -","isPartOf":{"@id":"https:\/\/filosofiacienciacabala.com\/#website"},"datePublished":"2023-04-06T22:50:30+00:00","dateModified":"2023-04-06T22:50:30+00:00","author":{"@id":"https:\/\/filosofiacienciacabala.com\/#\/schema\/person\/aa6e7fe0c15474fb8c239be8d535daa0"},"breadcrumb":{"@id":"https:\/\/filosofiacienciacabala.com\/index.php\/2023\/04\/06\/la-participacion-de-nietzsche-en-la-guerra-franco-prusiana-impacto-en-su-filosofia-y-vida-personal\/#breadcrumb"},"inLanguage":"es","potentialAction":[{"@type":"ReadAction","target":["https:\/\/filosofiacienciacabala.com\/index.php\/2023\/04\/06\/la-participacion-de-nietzsche-en-la-guerra-franco-prusiana-impacto-en-su-filosofia-y-vida-personal\/"]}]},{"@type":"BreadcrumbList","@id":"https:\/\/filosofiacienciacabala.com\/index.php\/2023\/04\/06\/la-participacion-de-nietzsche-en-la-guerra-franco-prusiana-impacto-en-su-filosofia-y-vida-personal\/#breadcrumb","itemListElement":[{"@type":"ListItem","position":1,"name":"Portada","item":"https:\/\/filosofiacienciacabala.com\/"},{"@type":"ListItem","position":2,"name":"La Participaci\u00f3n de Nietzsche en la Guerra Franco-Prusiana: Impacto en su Filosof\u00eda y Vida Personal"}]},{"@type":"WebSite","@id":"https:\/\/filosofiacienciacabala.com\/#website","url":"https:\/\/filosofiacienciacabala.com\/","name":"","description":"","potentialAction":[{"@type":"SearchAction","target":{"@type":"EntryPoint","urlTemplate":"https:\/\/filosofiacienciacabala.com\/?s={search_term_string}"},"query-input":"required name=search_term_string"}],"inLanguage":"es"},{"@type":"Person","@id":"https:\/\/filosofiacienciacabala.com\/#\/schema\/person\/aa6e7fe0c15474fb8c239be8d535daa0","name":"edhisoft","image":{"@type":"ImageObject","inLanguage":"es","@id":"https:\/\/filosofiacienciacabala.com\/#\/schema\/person\/image\/","url":"https:\/\/secure.gravatar.com\/avatar\/5864c5ece8229bc96c6e5b5fdf2594bb?s=96&d=mm&r=g","contentUrl":"https:\/\/secure.gravatar.com\/avatar\/5864c5ece8229bc96c6e5b5fdf2594bb?s=96&d=mm&r=g","caption":"edhisoft"},"sameAs":["https:\/\/filosofiacienciacabala.com"],"url":"https:\/\/filosofiacienciacabala.com\/index.php\/author\/edhisoft\/"}]}},"featured_image_urls":{"full":["https:\/\/filosofiacienciacabala.com\/wp-content\/uploads\/2023\/04\/018.png",768,510,false],"thumbnail":["https:\/\/filosofiacienciacabala.com\/wp-content\/uploads\/2023\/04\/018-150x150.png",150,150,true],"medium":["https:\/\/filosofiacienciacabala.com\/wp-content\/uploads\/2023\/04\/018-300x199.png",300,199,true],"medium_large":["https:\/\/filosofiacienciacabala.com\/wp-content\/uploads\/2023\/04\/018.png",640,425,false],"large":["https:\/\/filosofiacienciacabala.com\/wp-content\/uploads\/2023\/04\/018.png",640,425,false],"1536x1536":["https:\/\/filosofiacienciacabala.com\/wp-content\/uploads\/2023\/04\/018.png",768,510,false],"2048x2048":["https:\/\/filosofiacienciacabala.com\/wp-content\/uploads\/2023\/04\/018.png",768,510,false],"covernews-slider-full":["https:\/\/filosofiacienciacabala.com\/wp-content\/uploads\/2023\/04\/018.png",768,510,false],"covernews-slider-center":["https:\/\/filosofiacienciacabala.com\/wp-content\/uploads\/2023\/04\/018-768x500.png",768,500,true],"covernews-featured":["https:\/\/filosofiacienciacabala.com\/wp-content\/uploads\/2023\/04\/018.png",768,510,false],"covernews-medium":["https:\/\/filosofiacienciacabala.com\/wp-content\/uploads\/2023\/04\/018-540x340.png",540,340,true],"covernews-medium-square":["https:\/\/filosofiacienciacabala.com\/wp-content\/uploads\/2023\/04\/018-400x250.png",400,250,true],"mailpoet_newsletter_max":["https:\/\/filosofiacienciacabala.com\/wp-content\/uploads\/2023\/04\/018.png",768,510,false]},"author_info":{"display_name":"edhisoft","author_link":"https:\/\/filosofiacienciacabala.com\/index.php\/author\/edhisoft\/"},"category_info":"<a href=\"https:\/\/filosofiacienciacabala.com\/index.php\/category\/filosofia\/\" rel=\"category tag\">Filosof\u00eda<\/a> <a href=\"https:\/\/filosofiacienciacabala.com\/index.php\/category\/filosofia\/nietzsche\/\" rel=\"category tag\">Nietzsche<\/a>","tag_info":"Nietzsche","comment_count":"0","jetpack_featured_media_url":"https:\/\/filosofiacienciacabala.com\/wp-content\/uploads\/2023\/04\/018.png","_links":{"self":[{"href":"https:\/\/filosofiacienciacabala.com\/index.php\/wp-json\/wp\/v2\/posts\/427"}],"collection":[{"href":"https:\/\/filosofiacienciacabala.com\/index.php\/wp-json\/wp\/v2\/posts"}],"about":[{"href":"https:\/\/filosofiacienciacabala.com\/index.php\/wp-json\/wp\/v2\/types\/post"}],"author":[{"embeddable":true,"href":"https:\/\/filosofiacienciacabala.com\/index.php\/wp-json\/wp\/v2\/users\/1"}],"replies":[{"embeddable":true,"href":"https:\/\/filosofiacienciacabala.com\/index.php\/wp-json\/wp\/v2\/comments?post=427"}],"version-history":[{"count":0,"href":"https:\/\/filosofiacienciacabala.com\/index.php\/wp-json\/wp\/v2\/posts\/427\/revisions"}],"wp:featuredmedia":[{"embeddable":true,"href":"https:\/\/filosofiacienciacabala.com\/index.php\/wp-json\/wp\/v2\/media\/372"}],"wp:attachment":[{"href":"https:\/\/filosofiacienciacabala.com\/index.php\/wp-json\/wp\/v2\/media?parent=427"}],"wp:term":[{"taxonomy":"category","embeddable":true,"href":"https:\/\/filosofiacienciacabala.com\/index.php\/wp-json\/wp\/v2\/categories?post=427"},{"taxonomy":"post_tag","embeddable":true,"href":"https:\/\/filosofiacienciacabala.com\/index.php\/wp-json\/wp\/v2\/tags?post=427"}],"curies":[{"name":"wp","href":"https:\/\/api.w.org\/{rel}","templated":true}]}}