{"id":425,"date":"2023-04-06T22:50:30","date_gmt":"2023-04-06T22:50:30","guid":{"rendered":"https:\/\/filosofiacienciacabala.com\/index.php\/2023\/04\/06\/el-vitalismo-en-la-filosofia-de-nietzsche-una-mirada-a-la-vida-como-fuerza-primordial\/"},"modified":"2023-04-06T22:50:30","modified_gmt":"2023-04-06T22:50:30","slug":"el-vitalismo-en-la-filosofia-de-nietzsche-una-mirada-a-la-vida-como-fuerza-primordial","status":"publish","type":"post","link":"https:\/\/filosofiacienciacabala.com\/index.php\/2023\/04\/06\/el-vitalismo-en-la-filosofia-de-nietzsche-una-mirada-a-la-vida-como-fuerza-primordial\/","title":{"rendered":"El Vitalismo en la Filosof\u00eda de Nietzsche: Una Mirada a la Vida como Fuerza Primordial"},"content":{"rendered":"<p>La filosof\u00eda de Nietzsche se caracteriza por su concepto central de la voluntad de poder, una fuerza vital y creativa que impulsa el cambio y la evoluci\u00f3n en el mundo. Este concepto se basa en la creencia fundamental de Nietzsche de que la vida es la fuerza primordial en el universo y que todas las formas de vida buscan alcanzar su m\u00e1ximo potencial.<br \/>\n Este enfoque vitalista de Nietzsche se manifiesta en muchos aspectos de su pensamiento, desde su cr\u00edtica a la moral tradicional y la religi\u00f3n hasta su defensa de la creatividad y la individualidad. En la filosof\u00eda de Nietzsche, la vida se presenta como un proceso de constante transformaci\u00f3n y cambio, donde la lucha y el conflicto son esenciales para el crecimiento y la evoluci\u00f3n.<br \/>\n Adem\u00e1s de la voluntad de poder, otro concepto vitalista clave en la filosof\u00eda de Nietzsche es la noci\u00f3n de amor fati, que se traduce como amor al destino. Esta idea se refiere a la aceptaci\u00f3n y abrazo de todos los aspectos de la vida, tanto los buenos como los malos, como una parte esencial de la existencia humana. Seg\u00fan Nietzsche, solo cuando se acepta completamente la vida y se abraza todo lo que ella trae consigo, se puede alcanzar la verdadera felicidad y el significado en la vida.<br \/>\n En contraste con la visi\u00f3n tradicional de la filosof\u00eda occidental que ha enfatizado la raz\u00f3n y la l\u00f3gica como medios para comprender el mundo, el vitalismo de Nietzsche enfatiza la intuici\u00f3n y la experiencia como herramientas para comprender la vida. Esta perspectiva vitalista se refleja en la creencia de Nietzsche de que la verdad y la realidad no son absolutas, sino que se encuentran en constante cambio y transformaci\u00f3n.<br \/>\n En resumen, la filosof\u00eda de Nietzsche es una forma de vitalismo que enfatiza la fuerza primordial de la vida como la fuerza que impulsa el cambio y la evoluci\u00f3n en el mundo. A trav\u00e9s de su concepto de la voluntad de poder y su noci\u00f3n de amor fati, Nietzsche defiende una visi\u00f3n de la vida como un proceso constante de transformaci\u00f3n y cambio, donde la lucha y el conflicto son esenciales para el crecimiento y la evoluci\u00f3n. La filosof\u00eda vitalista de Nietzsche ofrece una perspectiva \u00fanica sobre el significado de la vida y la naturaleza humana, que sigue siendo relevante y poderosa en la actualidad.<\/p>\n","protected":false},"excerpt":{"rendered":"<p>La filosof\u00eda de Nietzsche se caracteriza por su concepto central de la voluntad de poder,&#8230;<\/p>\n","protected":false},"author":1,"featured_media":370,"comment_status":"open","ping_status":"open","sticky":false,"template":"","format":"standard","meta":{"jetpack_publicize_message":"","jetpack_is_tweetstorm":false,"jetpack_publicize_feature_enabled":true,"jetpack_social_post_already_shared":false,"jetpack_social_options":{"image_generator_settings":{"template":"highway","enabled":false}}},"categories":[3,12],"tags":[27],"jetpack_publicize_connections":[],"yoast_head":"<!-- This site is optimized with the Yoast SEO Premium plugin v20.5 (Yoast SEO v20.5) - https:\/\/yoast.com\/wordpress\/plugins\/seo\/ -->\n<title>El Vitalismo en la Filosof\u00eda de Nietzsche: Una Mirada a la Vida como Fuerza Primordial -<\/title>\n<meta name=\"robots\" content=\"index, follow, max-snippet:-1, max-image-preview:large, max-video-preview:-1\" \/>\n<link rel=\"canonical\" href=\"https:\/\/filosofiacienciacabala.com\/index.php\/2023\/04\/06\/el-vitalismo-en-la-filosofia-de-nietzsche-una-mirada-a-la-vida-como-fuerza-primordial\/\" \/>\n<meta property=\"og:locale\" content=\"es_ES\" \/>\n<meta property=\"og:type\" content=\"article\" \/>\n<meta property=\"og:title\" content=\"El Vitalismo en la Filosof\u00eda de Nietzsche: Una Mirada a la Vida como Fuerza Primordial\" \/>\n<meta property=\"og:description\" content=\"La filosof\u00eda de Nietzsche se caracteriza por su concepto central de la voluntad de poder,...\" \/>\n<meta property=\"og:url\" content=\"https:\/\/filosofiacienciacabala.com\/index.php\/2023\/04\/06\/el-vitalismo-en-la-filosofia-de-nietzsche-una-mirada-a-la-vida-como-fuerza-primordial\/\" \/>\n<meta property=\"article:published_time\" content=\"2023-04-06T22:50:30+00:00\" \/>\n<meta property=\"og:image\" content=\"https:\/\/filosofiacienciacabala.com\/wp-content\/uploads\/2023\/04\/016.png\" \/>\n\t<meta property=\"og:image:width\" content=\"768\" \/>\n\t<meta property=\"og:image:height\" content=\"510\" \/>\n\t<meta property=\"og:image:type\" content=\"image\/png\" \/>\n<meta name=\"author\" content=\"edhisoft\" \/>\n<meta name=\"twitter:card\" content=\"summary_large_image\" \/>\n<meta name=\"twitter:label1\" content=\"Escrito por\" \/>\n\t<meta name=\"twitter:data1\" content=\"edhisoft\" \/>\n\t<meta name=\"twitter:label2\" content=\"Tiempo de lectura\" \/>\n\t<meta name=\"twitter:data2\" content=\"2 minutos\" \/>\n<script type=\"application\/ld+json\" class=\"yoast-schema-graph\">{\"@context\":\"https:\/\/schema.org\",\"@graph\":[{\"@type\":\"WebPage\",\"@id\":\"https:\/\/filosofiacienciacabala.com\/index.php\/2023\/04\/06\/el-vitalismo-en-la-filosofia-de-nietzsche-una-mirada-a-la-vida-como-fuerza-primordial\/\",\"url\":\"https:\/\/filosofiacienciacabala.com\/index.php\/2023\/04\/06\/el-vitalismo-en-la-filosofia-de-nietzsche-una-mirada-a-la-vida-como-fuerza-primordial\/\",\"name\":\"El Vitalismo en la Filosof\u00eda de Nietzsche: Una Mirada a la Vida como Fuerza Primordial -\",\"isPartOf\":{\"@id\":\"https:\/\/filosofiacienciacabala.com\/#website\"},\"datePublished\":\"2023-04-06T22:50:30+00:00\",\"dateModified\":\"2023-04-06T22:50:30+00:00\",\"author\":{\"@id\":\"https:\/\/filosofiacienciacabala.com\/#\/schema\/person\/aa6e7fe0c15474fb8c239be8d535daa0\"},\"breadcrumb\":{\"@id\":\"https:\/\/filosofiacienciacabala.com\/index.php\/2023\/04\/06\/el-vitalismo-en-la-filosofia-de-nietzsche-una-mirada-a-la-vida-como-fuerza-primordial\/#breadcrumb\"},\"inLanguage\":\"es\",\"potentialAction\":[{\"@type\":\"ReadAction\",\"target\":[\"https:\/\/filosofiacienciacabala.com\/index.php\/2023\/04\/06\/el-vitalismo-en-la-filosofia-de-nietzsche-una-mirada-a-la-vida-como-fuerza-primordial\/\"]}]},{\"@type\":\"BreadcrumbList\",\"@id\":\"https:\/\/filosofiacienciacabala.com\/index.php\/2023\/04\/06\/el-vitalismo-en-la-filosofia-de-nietzsche-una-mirada-a-la-vida-como-fuerza-primordial\/#breadcrumb\",\"itemListElement\":[{\"@type\":\"ListItem\",\"position\":1,\"name\":\"Portada\",\"item\":\"https:\/\/filosofiacienciacabala.com\/\"},{\"@type\":\"ListItem\",\"position\":2,\"name\":\"El Vitalismo en la Filosof\u00eda de Nietzsche: Una Mirada a la Vida como Fuerza Primordial\"}]},{\"@type\":\"WebSite\",\"@id\":\"https:\/\/filosofiacienciacabala.com\/#website\",\"url\":\"https:\/\/filosofiacienciacabala.com\/\",\"name\":\"\",\"description\":\"\",\"potentialAction\":[{\"@type\":\"SearchAction\",\"target\":{\"@type\":\"EntryPoint\",\"urlTemplate\":\"https:\/\/filosofiacienciacabala.com\/?s={search_term_string}\"},\"query-input\":\"required name=search_term_string\"}],\"inLanguage\":\"es\"},{\"@type\":\"Person\",\"@id\":\"https:\/\/filosofiacienciacabala.com\/#\/schema\/person\/aa6e7fe0c15474fb8c239be8d535daa0\",\"name\":\"edhisoft\",\"image\":{\"@type\":\"ImageObject\",\"inLanguage\":\"es\",\"@id\":\"https:\/\/filosofiacienciacabala.com\/#\/schema\/person\/image\/\",\"url\":\"https:\/\/secure.gravatar.com\/avatar\/5864c5ece8229bc96c6e5b5fdf2594bb?s=96&d=mm&r=g\",\"contentUrl\":\"https:\/\/secure.gravatar.com\/avatar\/5864c5ece8229bc96c6e5b5fdf2594bb?s=96&d=mm&r=g\",\"caption\":\"edhisoft\"},\"sameAs\":[\"https:\/\/filosofiacienciacabala.com\"],\"url\":\"https:\/\/filosofiacienciacabala.com\/index.php\/author\/edhisoft\/\"}]}<\/script>\n<!-- \/ Yoast SEO Premium plugin. -->","yoast_head_json":{"title":"El Vitalismo en la Filosof\u00eda de Nietzsche: Una Mirada a la Vida como Fuerza Primordial -","robots":{"index":"index","follow":"follow","max-snippet":"max-snippet:-1","max-image-preview":"max-image-preview:large","max-video-preview":"max-video-preview:-1"},"canonical":"https:\/\/filosofiacienciacabala.com\/index.php\/2023\/04\/06\/el-vitalismo-en-la-filosofia-de-nietzsche-una-mirada-a-la-vida-como-fuerza-primordial\/","og_locale":"es_ES","og_type":"article","og_title":"El Vitalismo en la Filosof\u00eda de Nietzsche: Una Mirada a la Vida como Fuerza Primordial","og_description":"La filosof\u00eda de Nietzsche se caracteriza por su concepto central de la voluntad de poder,...","og_url":"https:\/\/filosofiacienciacabala.com\/index.php\/2023\/04\/06\/el-vitalismo-en-la-filosofia-de-nietzsche-una-mirada-a-la-vida-como-fuerza-primordial\/","article_published_time":"2023-04-06T22:50:30+00:00","og_image":[{"width":768,"height":510,"url":"https:\/\/filosofiacienciacabala.com\/wp-content\/uploads\/2023\/04\/016.png","type":"image\/png"}],"author":"edhisoft","twitter_card":"summary_large_image","twitter_misc":{"Escrito por":"edhisoft","Tiempo de lectura":"2 minutos"},"schema":{"@context":"https:\/\/schema.org","@graph":[{"@type":"WebPage","@id":"https:\/\/filosofiacienciacabala.com\/index.php\/2023\/04\/06\/el-vitalismo-en-la-filosofia-de-nietzsche-una-mirada-a-la-vida-como-fuerza-primordial\/","url":"https:\/\/filosofiacienciacabala.com\/index.php\/2023\/04\/06\/el-vitalismo-en-la-filosofia-de-nietzsche-una-mirada-a-la-vida-como-fuerza-primordial\/","name":"El Vitalismo en la Filosof\u00eda de Nietzsche: Una Mirada a la Vida como Fuerza Primordial -","isPartOf":{"@id":"https:\/\/filosofiacienciacabala.com\/#website"},"datePublished":"2023-04-06T22:50:30+00:00","dateModified":"2023-04-06T22:50:30+00:00","author":{"@id":"https:\/\/filosofiacienciacabala.com\/#\/schema\/person\/aa6e7fe0c15474fb8c239be8d535daa0"},"breadcrumb":{"@id":"https:\/\/filosofiacienciacabala.com\/index.php\/2023\/04\/06\/el-vitalismo-en-la-filosofia-de-nietzsche-una-mirada-a-la-vida-como-fuerza-primordial\/#breadcrumb"},"inLanguage":"es","potentialAction":[{"@type":"ReadAction","target":["https:\/\/filosofiacienciacabala.com\/index.php\/2023\/04\/06\/el-vitalismo-en-la-filosofia-de-nietzsche-una-mirada-a-la-vida-como-fuerza-primordial\/"]}]},{"@type":"BreadcrumbList","@id":"https:\/\/filosofiacienciacabala.com\/index.php\/2023\/04\/06\/el-vitalismo-en-la-filosofia-de-nietzsche-una-mirada-a-la-vida-como-fuerza-primordial\/#breadcrumb","itemListElement":[{"@type":"ListItem","position":1,"name":"Portada","item":"https:\/\/filosofiacienciacabala.com\/"},{"@type":"ListItem","position":2,"name":"El Vitalismo en la Filosof\u00eda de Nietzsche: Una Mirada a la Vida como Fuerza Primordial"}]},{"@type":"WebSite","@id":"https:\/\/filosofiacienciacabala.com\/#website","url":"https:\/\/filosofiacienciacabala.com\/","name":"","description":"","potentialAction":[{"@type":"SearchAction","target":{"@type":"EntryPoint","urlTemplate":"https:\/\/filosofiacienciacabala.com\/?s={search_term_string}"},"query-input":"required name=search_term_string"}],"inLanguage":"es"},{"@type":"Person","@id":"https:\/\/filosofiacienciacabala.com\/#\/schema\/person\/aa6e7fe0c15474fb8c239be8d535daa0","name":"edhisoft","image":{"@type":"ImageObject","inLanguage":"es","@id":"https:\/\/filosofiacienciacabala.com\/#\/schema\/person\/image\/","url":"https:\/\/secure.gravatar.com\/avatar\/5864c5ece8229bc96c6e5b5fdf2594bb?s=96&d=mm&r=g","contentUrl":"https:\/\/secure.gravatar.com\/avatar\/5864c5ece8229bc96c6e5b5fdf2594bb?s=96&d=mm&r=g","caption":"edhisoft"},"sameAs":["https:\/\/filosofiacienciacabala.com"],"url":"https:\/\/filosofiacienciacabala.com\/index.php\/author\/edhisoft\/"}]}},"featured_image_urls":{"full":["https:\/\/filosofiacienciacabala.com\/wp-content\/uploads\/2023\/04\/016.png",768,510,false],"thumbnail":["https:\/\/filosofiacienciacabala.com\/wp-content\/uploads\/2023\/04\/016-150x150.png",150,150,true],"medium":["https:\/\/filosofiacienciacabala.com\/wp-content\/uploads\/2023\/04\/016-300x199.png",300,199,true],"medium_large":["https:\/\/filosofiacienciacabala.com\/wp-content\/uploads\/2023\/04\/016.png",640,425,false],"large":["https:\/\/filosofiacienciacabala.com\/wp-content\/uploads\/2023\/04\/016.png",640,425,false],"1536x1536":["https:\/\/filosofiacienciacabala.com\/wp-content\/uploads\/2023\/04\/016.png",768,510,false],"2048x2048":["https:\/\/filosofiacienciacabala.com\/wp-content\/uploads\/2023\/04\/016.png",768,510,false],"covernews-slider-full":["https:\/\/filosofiacienciacabala.com\/wp-content\/uploads\/2023\/04\/016.png",768,510,false],"covernews-slider-center":["https:\/\/filosofiacienciacabala.com\/wp-content\/uploads\/2023\/04\/016-768x500.png",768,500,true],"covernews-featured":["https:\/\/filosofiacienciacabala.com\/wp-content\/uploads\/2023\/04\/016.png",768,510,false],"covernews-medium":["https:\/\/filosofiacienciacabala.com\/wp-content\/uploads\/2023\/04\/016-540x340.png",540,340,true],"covernews-medium-square":["https:\/\/filosofiacienciacabala.com\/wp-content\/uploads\/2023\/04\/016-400x250.png",400,250,true],"mailpoet_newsletter_max":["https:\/\/filosofiacienciacabala.com\/wp-content\/uploads\/2023\/04\/016.png",768,510,false]},"author_info":{"display_name":"edhisoft","author_link":"https:\/\/filosofiacienciacabala.com\/index.php\/author\/edhisoft\/"},"category_info":"<a href=\"https:\/\/filosofiacienciacabala.com\/index.php\/category\/filosofia\/\" rel=\"category tag\">Filosof\u00eda<\/a> <a href=\"https:\/\/filosofiacienciacabala.com\/index.php\/category\/filosofia\/nietzsche\/\" rel=\"category tag\">Nietzsche<\/a>","tag_info":"Nietzsche","comment_count":"0","jetpack_featured_media_url":"https:\/\/filosofiacienciacabala.com\/wp-content\/uploads\/2023\/04\/016.png","_links":{"self":[{"href":"https:\/\/filosofiacienciacabala.com\/index.php\/wp-json\/wp\/v2\/posts\/425"}],"collection":[{"href":"https:\/\/filosofiacienciacabala.com\/index.php\/wp-json\/wp\/v2\/posts"}],"about":[{"href":"https:\/\/filosofiacienciacabala.com\/index.php\/wp-json\/wp\/v2\/types\/post"}],"author":[{"embeddable":true,"href":"https:\/\/filosofiacienciacabala.com\/index.php\/wp-json\/wp\/v2\/users\/1"}],"replies":[{"embeddable":true,"href":"https:\/\/filosofiacienciacabala.com\/index.php\/wp-json\/wp\/v2\/comments?post=425"}],"version-history":[{"count":0,"href":"https:\/\/filosofiacienciacabala.com\/index.php\/wp-json\/wp\/v2\/posts\/425\/revisions"}],"wp:featuredmedia":[{"embeddable":true,"href":"https:\/\/filosofiacienciacabala.com\/index.php\/wp-json\/wp\/v2\/media\/370"}],"wp:attachment":[{"href":"https:\/\/filosofiacienciacabala.com\/index.php\/wp-json\/wp\/v2\/media?parent=425"}],"wp:term":[{"taxonomy":"category","embeddable":true,"href":"https:\/\/filosofiacienciacabala.com\/index.php\/wp-json\/wp\/v2\/categories?post=425"},{"taxonomy":"post_tag","embeddable":true,"href":"https:\/\/filosofiacienciacabala.com\/index.php\/wp-json\/wp\/v2\/tags?post=425"}],"curies":[{"name":"wp","href":"https:\/\/api.w.org\/{rel}","templated":true}]}}