{"id":424,"date":"2023-04-06T22:50:30","date_gmt":"2023-04-06T22:50:30","guid":{"rendered":"https:\/\/filosofiacienciacabala.com\/index.php\/2023\/04\/06\/la-critica-de-nietzsche-al-socialismo-y-la-democracia-reflexiones-sobre-el-poder-y-la-igualdad-en-la-filosofia-politica\/"},"modified":"2023-04-06T22:50:30","modified_gmt":"2023-04-06T22:50:30","slug":"la-critica-de-nietzsche-al-socialismo-y-la-democracia-reflexiones-sobre-el-poder-y-la-igualdad-en-la-filosofia-politica","status":"publish","type":"post","link":"https:\/\/filosofiacienciacabala.com\/index.php\/2023\/04\/06\/la-critica-de-nietzsche-al-socialismo-y-la-democracia-reflexiones-sobre-el-poder-y-la-igualdad-en-la-filosofia-politica\/","title":{"rendered":"La Cr\u00edtica de Nietzsche al Socialismo y la Democracia: Reflexiones sobre el Poder y la Igualdad en la Filosof\u00eda Pol\u00edtica"},"content":{"rendered":"<p>La filosof\u00eda pol\u00edtica de Friedrich Nietzsche est\u00e1 marcada por una cr\u00edtica feroz a las ideolog\u00edas socialistas y democr\u00e1ticas que surgieron en el siglo XIX. Para Nietzsche, estas corrientes pol\u00edticas representan un peligro para la vida y el desarrollo de los seres humanos, ya que promueven la igualdad a expensas de la excelencia y la creatividad individual.<br \/>\n Nietzsche argumenta que el socialismo y la democracia est\u00e1n basados en una ilusi\u00f3n de igualdad que no se corresponde con la realidad de la vida. La igualdad, para Nietzsche, no es un valor absoluto que deba perseguirse en todo momento, sino que debe ser vista como una consecuencia natural de la vida. En su opini\u00f3n, la lucha por la igualdad no solo es in\u00fatil, sino que tambi\u00e9n es peligrosa, ya que promueve la mediocridad y la decadencia cultural.<br \/>\n En contraposici\u00f3n a las corrientes pol\u00edticas igualitarias, Nietzsche defiende la idea de la voluntad de poder, que consiste en la lucha constante por el desarrollo y la superaci\u00f3n de uno mismo. Seg\u00fan Nietzsche, la vida es una lucha constante en la que el objetivo no es la igualdad, sino la excelencia y la creaci\u00f3n individual. El poder, en su opini\u00f3n, no es algo que deba ser repartido equitativamente, sino algo que debe ser conquistado y desarrollado por cada individuo.<br \/>\n La cr\u00edtica de Nietzsche al socialismo y la democracia tambi\u00e9n se basa en su opini\u00f3n sobre la naturaleza humana. Nietzsche sostiene que el ser humano es inherentemente desigual, y que la igualdad solo puede ser impuesta desde fuera. En su opini\u00f3n, la vida es un proceso de diferenciaci\u00f3n constante, y la igualdad solo puede ser vista como una forma de represi\u00f3n de esta tendencia natural.<br \/>\n En conclusi\u00f3n, la cr\u00edtica de Nietzsche al socialismo y la democracia es un tema central de su filosof\u00eda pol\u00edtica. Para Nietzsche, estas corrientes pol\u00edticas representan una amenaza para la vida y el desarrollo de los seres humanos, ya que promueven la igualdad a expensas de la excelencia individual. La lucha por la igualdad, en su opini\u00f3n, es in\u00fatil y peligrosa, ya que frena el desarrollo natural de la vida. La filosof\u00eda pol\u00edtica de Nietzsche defiende la idea de la voluntad de poder, que se basa en la lucha constante por el desarrollo y la superaci\u00f3n individual, y que ve el poder como algo que debe ser conquistado y desarrollado por cada individuo.<\/p>\n","protected":false},"excerpt":{"rendered":"<p>La filosof\u00eda pol\u00edtica de Friedrich Nietzsche est\u00e1 marcada por una cr\u00edtica feroz a las ideolog\u00edas&#8230;<\/p>\n","protected":false},"author":1,"featured_media":369,"comment_status":"open","ping_status":"open","sticky":false,"template":"","format":"standard","meta":{"jetpack_publicize_message":"","jetpack_is_tweetstorm":false,"jetpack_publicize_feature_enabled":true,"jetpack_social_post_already_shared":false,"jetpack_social_options":{"image_generator_settings":{"template":"highway","enabled":false}}},"categories":[3,12],"tags":[26],"jetpack_publicize_connections":[],"yoast_head":"<!-- This site is optimized with the Yoast SEO Premium plugin v20.5 (Yoast SEO v20.5) - https:\/\/yoast.com\/wordpress\/plugins\/seo\/ -->\n<title>La Cr\u00edtica de Nietzsche al Socialismo y la Democracia: Reflexiones sobre el Poder y la Igualdad en la Filosof\u00eda Pol\u00edtica -<\/title>\n<meta name=\"robots\" content=\"index, follow, max-snippet:-1, max-image-preview:large, max-video-preview:-1\" \/>\n<link rel=\"canonical\" href=\"https:\/\/filosofiacienciacabala.com\/index.php\/2023\/04\/06\/la-critica-de-nietzsche-al-socialismo-y-la-democracia-reflexiones-sobre-el-poder-y-la-igualdad-en-la-filosofia-politica\/\" \/>\n<meta property=\"og:locale\" content=\"es_ES\" \/>\n<meta property=\"og:type\" content=\"article\" \/>\n<meta property=\"og:title\" content=\"La Cr\u00edtica de Nietzsche al Socialismo y la Democracia: Reflexiones sobre el Poder y la Igualdad en la Filosof\u00eda Pol\u00edtica\" \/>\n<meta property=\"og:description\" content=\"La filosof\u00eda pol\u00edtica de Friedrich Nietzsche est\u00e1 marcada por una cr\u00edtica feroz a las ideolog\u00edas...\" \/>\n<meta property=\"og:url\" content=\"https:\/\/filosofiacienciacabala.com\/index.php\/2023\/04\/06\/la-critica-de-nietzsche-al-socialismo-y-la-democracia-reflexiones-sobre-el-poder-y-la-igualdad-en-la-filosofia-politica\/\" \/>\n<meta property=\"article:published_time\" content=\"2023-04-06T22:50:30+00:00\" \/>\n<meta property=\"og:image\" content=\"https:\/\/filosofiacienciacabala.com\/wp-content\/uploads\/2023\/04\/015.png\" \/>\n\t<meta property=\"og:image:width\" content=\"768\" \/>\n\t<meta property=\"og:image:height\" content=\"510\" \/>\n\t<meta property=\"og:image:type\" content=\"image\/png\" \/>\n<meta name=\"author\" content=\"edhisoft\" \/>\n<meta name=\"twitter:card\" content=\"summary_large_image\" \/>\n<meta name=\"twitter:label1\" content=\"Escrito por\" \/>\n\t<meta name=\"twitter:data1\" content=\"edhisoft\" \/>\n\t<meta name=\"twitter:label2\" content=\"Tiempo de lectura\" \/>\n\t<meta name=\"twitter:data2\" content=\"2 minutos\" \/>\n<script type=\"application\/ld+json\" class=\"yoast-schema-graph\">{\"@context\":\"https:\/\/schema.org\",\"@graph\":[{\"@type\":\"WebPage\",\"@id\":\"https:\/\/filosofiacienciacabala.com\/index.php\/2023\/04\/06\/la-critica-de-nietzsche-al-socialismo-y-la-democracia-reflexiones-sobre-el-poder-y-la-igualdad-en-la-filosofia-politica\/\",\"url\":\"https:\/\/filosofiacienciacabala.com\/index.php\/2023\/04\/06\/la-critica-de-nietzsche-al-socialismo-y-la-democracia-reflexiones-sobre-el-poder-y-la-igualdad-en-la-filosofia-politica\/\",\"name\":\"La Cr\u00edtica de Nietzsche al Socialismo y la Democracia: Reflexiones sobre el Poder y la Igualdad en la Filosof\u00eda Pol\u00edtica -\",\"isPartOf\":{\"@id\":\"https:\/\/filosofiacienciacabala.com\/#website\"},\"datePublished\":\"2023-04-06T22:50:30+00:00\",\"dateModified\":\"2023-04-06T22:50:30+00:00\",\"author\":{\"@id\":\"https:\/\/filosofiacienciacabala.com\/#\/schema\/person\/aa6e7fe0c15474fb8c239be8d535daa0\"},\"breadcrumb\":{\"@id\":\"https:\/\/filosofiacienciacabala.com\/index.php\/2023\/04\/06\/la-critica-de-nietzsche-al-socialismo-y-la-democracia-reflexiones-sobre-el-poder-y-la-igualdad-en-la-filosofia-politica\/#breadcrumb\"},\"inLanguage\":\"es\",\"potentialAction\":[{\"@type\":\"ReadAction\",\"target\":[\"https:\/\/filosofiacienciacabala.com\/index.php\/2023\/04\/06\/la-critica-de-nietzsche-al-socialismo-y-la-democracia-reflexiones-sobre-el-poder-y-la-igualdad-en-la-filosofia-politica\/\"]}]},{\"@type\":\"BreadcrumbList\",\"@id\":\"https:\/\/filosofiacienciacabala.com\/index.php\/2023\/04\/06\/la-critica-de-nietzsche-al-socialismo-y-la-democracia-reflexiones-sobre-el-poder-y-la-igualdad-en-la-filosofia-politica\/#breadcrumb\",\"itemListElement\":[{\"@type\":\"ListItem\",\"position\":1,\"name\":\"Portada\",\"item\":\"https:\/\/filosofiacienciacabala.com\/\"},{\"@type\":\"ListItem\",\"position\":2,\"name\":\"La Cr\u00edtica de Nietzsche al Socialismo y la Democracia: Reflexiones sobre el Poder y la Igualdad en la Filosof\u00eda Pol\u00edtica\"}]},{\"@type\":\"WebSite\",\"@id\":\"https:\/\/filosofiacienciacabala.com\/#website\",\"url\":\"https:\/\/filosofiacienciacabala.com\/\",\"name\":\"\",\"description\":\"\",\"potentialAction\":[{\"@type\":\"SearchAction\",\"target\":{\"@type\":\"EntryPoint\",\"urlTemplate\":\"https:\/\/filosofiacienciacabala.com\/?s={search_term_string}\"},\"query-input\":\"required name=search_term_string\"}],\"inLanguage\":\"es\"},{\"@type\":\"Person\",\"@id\":\"https:\/\/filosofiacienciacabala.com\/#\/schema\/person\/aa6e7fe0c15474fb8c239be8d535daa0\",\"name\":\"edhisoft\",\"image\":{\"@type\":\"ImageObject\",\"inLanguage\":\"es\",\"@id\":\"https:\/\/filosofiacienciacabala.com\/#\/schema\/person\/image\/\",\"url\":\"https:\/\/secure.gravatar.com\/avatar\/5864c5ece8229bc96c6e5b5fdf2594bb?s=96&d=mm&r=g\",\"contentUrl\":\"https:\/\/secure.gravatar.com\/avatar\/5864c5ece8229bc96c6e5b5fdf2594bb?s=96&d=mm&r=g\",\"caption\":\"edhisoft\"},\"sameAs\":[\"https:\/\/filosofiacienciacabala.com\"],\"url\":\"https:\/\/filosofiacienciacabala.com\/index.php\/author\/edhisoft\/\"}]}<\/script>\n<!-- \/ Yoast SEO Premium plugin. -->","yoast_head_json":{"title":"La Cr\u00edtica de Nietzsche al Socialismo y la Democracia: Reflexiones sobre el Poder y la Igualdad en la Filosof\u00eda Pol\u00edtica -","robots":{"index":"index","follow":"follow","max-snippet":"max-snippet:-1","max-image-preview":"max-image-preview:large","max-video-preview":"max-video-preview:-1"},"canonical":"https:\/\/filosofiacienciacabala.com\/index.php\/2023\/04\/06\/la-critica-de-nietzsche-al-socialismo-y-la-democracia-reflexiones-sobre-el-poder-y-la-igualdad-en-la-filosofia-politica\/","og_locale":"es_ES","og_type":"article","og_title":"La Cr\u00edtica de Nietzsche al Socialismo y la Democracia: Reflexiones sobre el Poder y la Igualdad en la Filosof\u00eda Pol\u00edtica","og_description":"La filosof\u00eda pol\u00edtica de Friedrich Nietzsche est\u00e1 marcada por una cr\u00edtica feroz a las ideolog\u00edas...","og_url":"https:\/\/filosofiacienciacabala.com\/index.php\/2023\/04\/06\/la-critica-de-nietzsche-al-socialismo-y-la-democracia-reflexiones-sobre-el-poder-y-la-igualdad-en-la-filosofia-politica\/","article_published_time":"2023-04-06T22:50:30+00:00","og_image":[{"width":768,"height":510,"url":"https:\/\/filosofiacienciacabala.com\/wp-content\/uploads\/2023\/04\/015.png","type":"image\/png"}],"author":"edhisoft","twitter_card":"summary_large_image","twitter_misc":{"Escrito por":"edhisoft","Tiempo de lectura":"2 minutos"},"schema":{"@context":"https:\/\/schema.org","@graph":[{"@type":"WebPage","@id":"https:\/\/filosofiacienciacabala.com\/index.php\/2023\/04\/06\/la-critica-de-nietzsche-al-socialismo-y-la-democracia-reflexiones-sobre-el-poder-y-la-igualdad-en-la-filosofia-politica\/","url":"https:\/\/filosofiacienciacabala.com\/index.php\/2023\/04\/06\/la-critica-de-nietzsche-al-socialismo-y-la-democracia-reflexiones-sobre-el-poder-y-la-igualdad-en-la-filosofia-politica\/","name":"La Cr\u00edtica de Nietzsche al Socialismo y la Democracia: Reflexiones sobre el Poder y la Igualdad en la Filosof\u00eda Pol\u00edtica -","isPartOf":{"@id":"https:\/\/filosofiacienciacabala.com\/#website"},"datePublished":"2023-04-06T22:50:30+00:00","dateModified":"2023-04-06T22:50:30+00:00","author":{"@id":"https:\/\/filosofiacienciacabala.com\/#\/schema\/person\/aa6e7fe0c15474fb8c239be8d535daa0"},"breadcrumb":{"@id":"https:\/\/filosofiacienciacabala.com\/index.php\/2023\/04\/06\/la-critica-de-nietzsche-al-socialismo-y-la-democracia-reflexiones-sobre-el-poder-y-la-igualdad-en-la-filosofia-politica\/#breadcrumb"},"inLanguage":"es","potentialAction":[{"@type":"ReadAction","target":["https:\/\/filosofiacienciacabala.com\/index.php\/2023\/04\/06\/la-critica-de-nietzsche-al-socialismo-y-la-democracia-reflexiones-sobre-el-poder-y-la-igualdad-en-la-filosofia-politica\/"]}]},{"@type":"BreadcrumbList","@id":"https:\/\/filosofiacienciacabala.com\/index.php\/2023\/04\/06\/la-critica-de-nietzsche-al-socialismo-y-la-democracia-reflexiones-sobre-el-poder-y-la-igualdad-en-la-filosofia-politica\/#breadcrumb","itemListElement":[{"@type":"ListItem","position":1,"name":"Portada","item":"https:\/\/filosofiacienciacabala.com\/"},{"@type":"ListItem","position":2,"name":"La Cr\u00edtica de Nietzsche al Socialismo y la Democracia: Reflexiones sobre el Poder y la Igualdad en la Filosof\u00eda Pol\u00edtica"}]},{"@type":"WebSite","@id":"https:\/\/filosofiacienciacabala.com\/#website","url":"https:\/\/filosofiacienciacabala.com\/","name":"","description":"","potentialAction":[{"@type":"SearchAction","target":{"@type":"EntryPoint","urlTemplate":"https:\/\/filosofiacienciacabala.com\/?s={search_term_string}"},"query-input":"required name=search_term_string"}],"inLanguage":"es"},{"@type":"Person","@id":"https:\/\/filosofiacienciacabala.com\/#\/schema\/person\/aa6e7fe0c15474fb8c239be8d535daa0","name":"edhisoft","image":{"@type":"ImageObject","inLanguage":"es","@id":"https:\/\/filosofiacienciacabala.com\/#\/schema\/person\/image\/","url":"https:\/\/secure.gravatar.com\/avatar\/5864c5ece8229bc96c6e5b5fdf2594bb?s=96&d=mm&r=g","contentUrl":"https:\/\/secure.gravatar.com\/avatar\/5864c5ece8229bc96c6e5b5fdf2594bb?s=96&d=mm&r=g","caption":"edhisoft"},"sameAs":["https:\/\/filosofiacienciacabala.com"],"url":"https:\/\/filosofiacienciacabala.com\/index.php\/author\/edhisoft\/"}]}},"featured_image_urls":{"full":["https:\/\/filosofiacienciacabala.com\/wp-content\/uploads\/2023\/04\/015.png",768,510,false],"thumbnail":["https:\/\/filosofiacienciacabala.com\/wp-content\/uploads\/2023\/04\/015-150x150.png",150,150,true],"medium":["https:\/\/filosofiacienciacabala.com\/wp-content\/uploads\/2023\/04\/015-300x199.png",300,199,true],"medium_large":["https:\/\/filosofiacienciacabala.com\/wp-content\/uploads\/2023\/04\/015.png",640,425,false],"large":["https:\/\/filosofiacienciacabala.com\/wp-content\/uploads\/2023\/04\/015.png",640,425,false],"1536x1536":["https:\/\/filosofiacienciacabala.com\/wp-content\/uploads\/2023\/04\/015.png",768,510,false],"2048x2048":["https:\/\/filosofiacienciacabala.com\/wp-content\/uploads\/2023\/04\/015.png",768,510,false],"covernews-slider-full":["https:\/\/filosofiacienciacabala.com\/wp-content\/uploads\/2023\/04\/015.png",768,510,false],"covernews-slider-center":["https:\/\/filosofiacienciacabala.com\/wp-content\/uploads\/2023\/04\/015-768x500.png",768,500,true],"covernews-featured":["https:\/\/filosofiacienciacabala.com\/wp-content\/uploads\/2023\/04\/015.png",768,510,false],"covernews-medium":["https:\/\/filosofiacienciacabala.com\/wp-content\/uploads\/2023\/04\/015-540x340.png",540,340,true],"covernews-medium-square":["https:\/\/filosofiacienciacabala.com\/wp-content\/uploads\/2023\/04\/015-400x250.png",400,250,true],"mailpoet_newsletter_max":["https:\/\/filosofiacienciacabala.com\/wp-content\/uploads\/2023\/04\/015.png",768,510,false]},"author_info":{"display_name":"edhisoft","author_link":"https:\/\/filosofiacienciacabala.com\/index.php\/author\/edhisoft\/"},"category_info":"<a href=\"https:\/\/filosofiacienciacabala.com\/index.php\/category\/filosofia\/\" rel=\"category tag\">Filosof\u00eda<\/a> <a href=\"https:\/\/filosofiacienciacabala.com\/index.php\/category\/filosofia\/nietzsche\/\" rel=\"category tag\">Nietzsche<\/a>","tag_info":"Nietzsche","comment_count":"0","jetpack_featured_media_url":"https:\/\/filosofiacienciacabala.com\/wp-content\/uploads\/2023\/04\/015.png","_links":{"self":[{"href":"https:\/\/filosofiacienciacabala.com\/index.php\/wp-json\/wp\/v2\/posts\/424"}],"collection":[{"href":"https:\/\/filosofiacienciacabala.com\/index.php\/wp-json\/wp\/v2\/posts"}],"about":[{"href":"https:\/\/filosofiacienciacabala.com\/index.php\/wp-json\/wp\/v2\/types\/post"}],"author":[{"embeddable":true,"href":"https:\/\/filosofiacienciacabala.com\/index.php\/wp-json\/wp\/v2\/users\/1"}],"replies":[{"embeddable":true,"href":"https:\/\/filosofiacienciacabala.com\/index.php\/wp-json\/wp\/v2\/comments?post=424"}],"version-history":[{"count":0,"href":"https:\/\/filosofiacienciacabala.com\/index.php\/wp-json\/wp\/v2\/posts\/424\/revisions"}],"wp:featuredmedia":[{"embeddable":true,"href":"https:\/\/filosofiacienciacabala.com\/index.php\/wp-json\/wp\/v2\/media\/369"}],"wp:attachment":[{"href":"https:\/\/filosofiacienciacabala.com\/index.php\/wp-json\/wp\/v2\/media?parent=424"}],"wp:term":[{"taxonomy":"category","embeddable":true,"href":"https:\/\/filosofiacienciacabala.com\/index.php\/wp-json\/wp\/v2\/categories?post=424"},{"taxonomy":"post_tag","embeddable":true,"href":"https:\/\/filosofiacienciacabala.com\/index.php\/wp-json\/wp\/v2\/tags?post=424"}],"curies":[{"name":"wp","href":"https:\/\/api.w.org\/{rel}","templated":true}]}}