{"id":422,"date":"2023-04-06T22:50:30","date_gmt":"2023-04-06T22:50:30","guid":{"rendered":"https:\/\/filosofiacienciacabala.com\/index.php\/2023\/04\/06\/la-critica-de-nietzsche-a-la-religion-cristiana-el-origen-del-odio-y-la-negacion-de-la-vida\/"},"modified":"2023-04-06T22:50:30","modified_gmt":"2023-04-06T22:50:30","slug":"la-critica-de-nietzsche-a-la-religion-cristiana-el-origen-del-odio-y-la-negacion-de-la-vida","status":"publish","type":"post","link":"https:\/\/filosofiacienciacabala.com\/index.php\/2023\/04\/06\/la-critica-de-nietzsche-a-la-religion-cristiana-el-origen-del-odio-y-la-negacion-de-la-vida\/","title":{"rendered":"La Cr\u00edtica de Nietzsche a la Religi\u00f3n Cristiana: El Origen del Odio y la Negaci\u00f3n de la Vida"},"content":{"rendered":"<p>La religi\u00f3n cristiana ha sido objeto de cr\u00edtica por parte de muchos pensadores a lo largo de la historia. Entre ellos se encuentra el fil\u00f3sofo alem\u00e1n Friedrich Nietzsche, quien dedic\u00f3 gran parte de su obra a cuestionar la validez y el impacto de la religi\u00f3n en la sociedad. En particular, Nietzsche argument\u00f3 que la religi\u00f3n cristiana es fruto del odio y la negaci\u00f3n de la vida, y que ha tenido un efecto pernicioso en la humanidad al fomentar actitudes de resignaci\u00f3n y sumisi\u00f3n. En este ensayo se analizar\u00e1 la cr\u00edtica de Nietzsche a la religi\u00f3n cristiana, as\u00ed como sus implicaciones filos\u00f3ficas y culturales.<br \/>\n Para Nietzsche, la religi\u00f3n cristiana es un producto del resentimiento humano, especialmente de aquellos que se sienten oprimidos o marginados por la sociedad. Seg\u00fan \u00e9l, la religi\u00f3n cristiana ha surgido como una forma de sublimar el odio y la venganza que sienten los d\u00e9biles hacia los fuertes, convirtiendo a la debilidad en una virtud y a la fuerza en un pecado. Esto se debe en gran medida a la figura central del cristianismo, Jesucristo, quien es presentado como un modelo de humildad, pacifismo y sacrificio. Nietzsche argumenta que esta imagen de Jesucristo es una inversi\u00f3n de los valores naturales de la vida, que son la fuerza, la voluntad de poder y la afirmaci\u00f3n de s\u00ed mismo.<br \/>\n Adem\u00e1s, para Nietzsche, la religi\u00f3n cristiana es una forma de negaci\u00f3n de la vida, ya que se centra en la idea de una vida despu\u00e9s de la muerte y en la salvaci\u00f3n del alma. Esto lleva a los creyentes a despreciar la vida terrenal y a buscar la felicidad en el m\u00e1s all\u00e1, lo que a su vez fomenta actitudes de resignaci\u00f3n y sumisi\u00f3n ante las dificultades de la vida. Nietzsche sostiene que la verdadera grandeza humana reside en la afirmaci\u00f3n de la vida y en la b\u00fasqueda de la felicidad en el aqu\u00ed y ahora, sin esperar una recompensa en el futuro.<br \/>\n Por otro lado, Nietzsche argumenta que la religi\u00f3n cristiana ha tenido un efecto pernicioso en la sociedad, ya que ha sido utilizada como una forma de control y opresi\u00f3n de las masas. En su opini\u00f3n, la religi\u00f3n cristiana ha fomentado actitudes de obediencia y sumisi\u00f3n ante las autoridades, lo que ha permitido la consolidaci\u00f3n del poder de las \u00e9lites sobre las clases populares. Esto ha llevado a la creaci\u00f3n de una sociedad basada en la moral de la culpa y la obligaci\u00f3n, en la que la libertad y la creatividad son vistas con desconfianza.<br \/>\n \u00bfPor qu\u00e9 Nietzsche sostiene que la religi\u00f3n cristiana es fruto del odio?<br \/>\n Nietzsche sostiene que la religi\u00f3n cristiana es fruto del resentimiento y del odio hacia la vida. Seg\u00fan su visi\u00f3n, los valores cristianos reprimen los instintos vitales y promueven la sumisi\u00f3n, la culpa y la autonegaci\u00f3n en lugar de la afirmaci\u00f3n de la vida y la b\u00fasqueda de la felicidad.<br \/>\n Para Nietzsche, el cristianismo se funda en una negaci\u00f3n de la vida terrenal y de los placeres mundanos, y en la promesa de una vida eterna en el m\u00e1s all\u00e1. Esto, a su vez, lleva a la negaci\u00f3n de la voluntad de poder y la represi\u00f3n de los instintos naturales del ser humano. Seg\u00fan Nietzsche, esto tiene como consecuencia la creaci\u00f3n de una moralidad esclavista, que fomenta la mediocridad y la debilidad en lugar de la superaci\u00f3n y el desarrollo individual.<br \/>\n En resumen, la cr\u00edtica de Nietzsche a la religi\u00f3n cristiana se basa en su convicci\u00f3n de que \u00e9sta es fruto del resentimiento humano y de la negaci\u00f3n de la vida. Seg\u00fan Nietzsche, la religi\u00f3n cristiana ha fomentado actitudes de sumisi\u00f3n y resignaci\u00f3n ante las dificultades de la vida, as\u00ed como una moral basada en la culpa y la obligaci\u00f3n. Para Nietzsche, la verdadera grandeza humana reside en la afirmaci\u00f3n de la vida y en la b\u00fasqueda de la felicidad en el aqu\u00ed y ahora, sin esperar una recompensa en el futuro.<\/p>\n","protected":false},"excerpt":{"rendered":"<p>La religi\u00f3n cristiana ha sido objeto de cr\u00edtica por parte de muchos pensadores a lo&#8230;<\/p>\n","protected":false},"author":1,"featured_media":367,"comment_status":"open","ping_status":"open","sticky":false,"template":"","format":"standard","meta":{"jetpack_publicize_message":"","jetpack_is_tweetstorm":false,"jetpack_publicize_feature_enabled":true,"jetpack_social_post_already_shared":false,"jetpack_social_options":{"image_generator_settings":{"template":"highway","enabled":false}}},"categories":[3,12],"tags":[24],"jetpack_publicize_connections":[],"yoast_head":"<!-- This site is optimized with the Yoast SEO Premium plugin v20.5 (Yoast SEO v20.5) - https:\/\/yoast.com\/wordpress\/plugins\/seo\/ -->\n<title>La Cr\u00edtica de Nietzsche a la Religi\u00f3n Cristiana: El Origen del Odio y la Negaci\u00f3n de la Vida -<\/title>\n<meta name=\"robots\" content=\"index, follow, max-snippet:-1, max-image-preview:large, max-video-preview:-1\" \/>\n<link rel=\"canonical\" href=\"https:\/\/filosofiacienciacabala.com\/index.php\/2023\/04\/06\/la-critica-de-nietzsche-a-la-religion-cristiana-el-origen-del-odio-y-la-negacion-de-la-vida\/\" \/>\n<meta property=\"og:locale\" content=\"es_ES\" \/>\n<meta property=\"og:type\" content=\"article\" \/>\n<meta property=\"og:title\" content=\"La Cr\u00edtica de Nietzsche a la Religi\u00f3n Cristiana: El Origen del Odio y la Negaci\u00f3n de la Vida\" \/>\n<meta property=\"og:description\" content=\"La religi\u00f3n cristiana ha sido objeto de cr\u00edtica por parte de muchos pensadores a lo...\" \/>\n<meta property=\"og:url\" content=\"https:\/\/filosofiacienciacabala.com\/index.php\/2023\/04\/06\/la-critica-de-nietzsche-a-la-religion-cristiana-el-origen-del-odio-y-la-negacion-de-la-vida\/\" \/>\n<meta property=\"article:published_time\" content=\"2023-04-06T22:50:30+00:00\" \/>\n<meta property=\"og:image\" content=\"https:\/\/filosofiacienciacabala.com\/wp-content\/uploads\/2023\/04\/013.png\" \/>\n\t<meta property=\"og:image:width\" content=\"768\" \/>\n\t<meta property=\"og:image:height\" content=\"510\" \/>\n\t<meta property=\"og:image:type\" content=\"image\/png\" \/>\n<meta name=\"author\" content=\"edhisoft\" \/>\n<meta name=\"twitter:card\" content=\"summary_large_image\" \/>\n<meta name=\"twitter:label1\" content=\"Escrito por\" \/>\n\t<meta name=\"twitter:data1\" content=\"edhisoft\" \/>\n\t<meta name=\"twitter:label2\" content=\"Tiempo de lectura\" \/>\n\t<meta name=\"twitter:data2\" content=\"4 minutos\" \/>\n<script type=\"application\/ld+json\" class=\"yoast-schema-graph\">{\"@context\":\"https:\/\/schema.org\",\"@graph\":[{\"@type\":\"WebPage\",\"@id\":\"https:\/\/filosofiacienciacabala.com\/index.php\/2023\/04\/06\/la-critica-de-nietzsche-a-la-religion-cristiana-el-origen-del-odio-y-la-negacion-de-la-vida\/\",\"url\":\"https:\/\/filosofiacienciacabala.com\/index.php\/2023\/04\/06\/la-critica-de-nietzsche-a-la-religion-cristiana-el-origen-del-odio-y-la-negacion-de-la-vida\/\",\"name\":\"La Cr\u00edtica de Nietzsche a la Religi\u00f3n Cristiana: El Origen del Odio y la Negaci\u00f3n de la Vida -\",\"isPartOf\":{\"@id\":\"https:\/\/filosofiacienciacabala.com\/#website\"},\"datePublished\":\"2023-04-06T22:50:30+00:00\",\"dateModified\":\"2023-04-06T22:50:30+00:00\",\"author\":{\"@id\":\"https:\/\/filosofiacienciacabala.com\/#\/schema\/person\/aa6e7fe0c15474fb8c239be8d535daa0\"},\"breadcrumb\":{\"@id\":\"https:\/\/filosofiacienciacabala.com\/index.php\/2023\/04\/06\/la-critica-de-nietzsche-a-la-religion-cristiana-el-origen-del-odio-y-la-negacion-de-la-vida\/#breadcrumb\"},\"inLanguage\":\"es\",\"potentialAction\":[{\"@type\":\"ReadAction\",\"target\":[\"https:\/\/filosofiacienciacabala.com\/index.php\/2023\/04\/06\/la-critica-de-nietzsche-a-la-religion-cristiana-el-origen-del-odio-y-la-negacion-de-la-vida\/\"]}]},{\"@type\":\"BreadcrumbList\",\"@id\":\"https:\/\/filosofiacienciacabala.com\/index.php\/2023\/04\/06\/la-critica-de-nietzsche-a-la-religion-cristiana-el-origen-del-odio-y-la-negacion-de-la-vida\/#breadcrumb\",\"itemListElement\":[{\"@type\":\"ListItem\",\"position\":1,\"name\":\"Portada\",\"item\":\"https:\/\/filosofiacienciacabala.com\/\"},{\"@type\":\"ListItem\",\"position\":2,\"name\":\"La Cr\u00edtica de Nietzsche a la Religi\u00f3n Cristiana: El Origen del Odio y la Negaci\u00f3n de la Vida\"}]},{\"@type\":\"WebSite\",\"@id\":\"https:\/\/filosofiacienciacabala.com\/#website\",\"url\":\"https:\/\/filosofiacienciacabala.com\/\",\"name\":\"\",\"description\":\"\",\"potentialAction\":[{\"@type\":\"SearchAction\",\"target\":{\"@type\":\"EntryPoint\",\"urlTemplate\":\"https:\/\/filosofiacienciacabala.com\/?s={search_term_string}\"},\"query-input\":\"required name=search_term_string\"}],\"inLanguage\":\"es\"},{\"@type\":\"Person\",\"@id\":\"https:\/\/filosofiacienciacabala.com\/#\/schema\/person\/aa6e7fe0c15474fb8c239be8d535daa0\",\"name\":\"edhisoft\",\"image\":{\"@type\":\"ImageObject\",\"inLanguage\":\"es\",\"@id\":\"https:\/\/filosofiacienciacabala.com\/#\/schema\/person\/image\/\",\"url\":\"https:\/\/secure.gravatar.com\/avatar\/5864c5ece8229bc96c6e5b5fdf2594bb?s=96&d=mm&r=g\",\"contentUrl\":\"https:\/\/secure.gravatar.com\/avatar\/5864c5ece8229bc96c6e5b5fdf2594bb?s=96&d=mm&r=g\",\"caption\":\"edhisoft\"},\"sameAs\":[\"https:\/\/filosofiacienciacabala.com\"],\"url\":\"https:\/\/filosofiacienciacabala.com\/index.php\/author\/edhisoft\/\"}]}<\/script>\n<!-- \/ Yoast SEO Premium plugin. -->","yoast_head_json":{"title":"La Cr\u00edtica de Nietzsche a la Religi\u00f3n Cristiana: El Origen del Odio y la Negaci\u00f3n de la Vida -","robots":{"index":"index","follow":"follow","max-snippet":"max-snippet:-1","max-image-preview":"max-image-preview:large","max-video-preview":"max-video-preview:-1"},"canonical":"https:\/\/filosofiacienciacabala.com\/index.php\/2023\/04\/06\/la-critica-de-nietzsche-a-la-religion-cristiana-el-origen-del-odio-y-la-negacion-de-la-vida\/","og_locale":"es_ES","og_type":"article","og_title":"La Cr\u00edtica de Nietzsche a la Religi\u00f3n Cristiana: El Origen del Odio y la Negaci\u00f3n de la Vida","og_description":"La religi\u00f3n cristiana ha sido objeto de cr\u00edtica por parte de muchos pensadores a lo...","og_url":"https:\/\/filosofiacienciacabala.com\/index.php\/2023\/04\/06\/la-critica-de-nietzsche-a-la-religion-cristiana-el-origen-del-odio-y-la-negacion-de-la-vida\/","article_published_time":"2023-04-06T22:50:30+00:00","og_image":[{"width":768,"height":510,"url":"https:\/\/filosofiacienciacabala.com\/wp-content\/uploads\/2023\/04\/013.png","type":"image\/png"}],"author":"edhisoft","twitter_card":"summary_large_image","twitter_misc":{"Escrito por":"edhisoft","Tiempo de lectura":"4 minutos"},"schema":{"@context":"https:\/\/schema.org","@graph":[{"@type":"WebPage","@id":"https:\/\/filosofiacienciacabala.com\/index.php\/2023\/04\/06\/la-critica-de-nietzsche-a-la-religion-cristiana-el-origen-del-odio-y-la-negacion-de-la-vida\/","url":"https:\/\/filosofiacienciacabala.com\/index.php\/2023\/04\/06\/la-critica-de-nietzsche-a-la-religion-cristiana-el-origen-del-odio-y-la-negacion-de-la-vida\/","name":"La Cr\u00edtica de Nietzsche a la Religi\u00f3n Cristiana: El Origen del Odio y la Negaci\u00f3n de la Vida -","isPartOf":{"@id":"https:\/\/filosofiacienciacabala.com\/#website"},"datePublished":"2023-04-06T22:50:30+00:00","dateModified":"2023-04-06T22:50:30+00:00","author":{"@id":"https:\/\/filosofiacienciacabala.com\/#\/schema\/person\/aa6e7fe0c15474fb8c239be8d535daa0"},"breadcrumb":{"@id":"https:\/\/filosofiacienciacabala.com\/index.php\/2023\/04\/06\/la-critica-de-nietzsche-a-la-religion-cristiana-el-origen-del-odio-y-la-negacion-de-la-vida\/#breadcrumb"},"inLanguage":"es","potentialAction":[{"@type":"ReadAction","target":["https:\/\/filosofiacienciacabala.com\/index.php\/2023\/04\/06\/la-critica-de-nietzsche-a-la-religion-cristiana-el-origen-del-odio-y-la-negacion-de-la-vida\/"]}]},{"@type":"BreadcrumbList","@id":"https:\/\/filosofiacienciacabala.com\/index.php\/2023\/04\/06\/la-critica-de-nietzsche-a-la-religion-cristiana-el-origen-del-odio-y-la-negacion-de-la-vida\/#breadcrumb","itemListElement":[{"@type":"ListItem","position":1,"name":"Portada","item":"https:\/\/filosofiacienciacabala.com\/"},{"@type":"ListItem","position":2,"name":"La Cr\u00edtica de Nietzsche a la Religi\u00f3n Cristiana: El Origen del Odio y la Negaci\u00f3n de la Vida"}]},{"@type":"WebSite","@id":"https:\/\/filosofiacienciacabala.com\/#website","url":"https:\/\/filosofiacienciacabala.com\/","name":"","description":"","potentialAction":[{"@type":"SearchAction","target":{"@type":"EntryPoint","urlTemplate":"https:\/\/filosofiacienciacabala.com\/?s={search_term_string}"},"query-input":"required name=search_term_string"}],"inLanguage":"es"},{"@type":"Person","@id":"https:\/\/filosofiacienciacabala.com\/#\/schema\/person\/aa6e7fe0c15474fb8c239be8d535daa0","name":"edhisoft","image":{"@type":"ImageObject","inLanguage":"es","@id":"https:\/\/filosofiacienciacabala.com\/#\/schema\/person\/image\/","url":"https:\/\/secure.gravatar.com\/avatar\/5864c5ece8229bc96c6e5b5fdf2594bb?s=96&d=mm&r=g","contentUrl":"https:\/\/secure.gravatar.com\/avatar\/5864c5ece8229bc96c6e5b5fdf2594bb?s=96&d=mm&r=g","caption":"edhisoft"},"sameAs":["https:\/\/filosofiacienciacabala.com"],"url":"https:\/\/filosofiacienciacabala.com\/index.php\/author\/edhisoft\/"}]}},"featured_image_urls":{"full":["https:\/\/filosofiacienciacabala.com\/wp-content\/uploads\/2023\/04\/013.png",768,510,false],"thumbnail":["https:\/\/filosofiacienciacabala.com\/wp-content\/uploads\/2023\/04\/013-150x150.png",150,150,true],"medium":["https:\/\/filosofiacienciacabala.com\/wp-content\/uploads\/2023\/04\/013-300x199.png",300,199,true],"medium_large":["https:\/\/filosofiacienciacabala.com\/wp-content\/uploads\/2023\/04\/013.png",640,425,false],"large":["https:\/\/filosofiacienciacabala.com\/wp-content\/uploads\/2023\/04\/013.png",640,425,false],"1536x1536":["https:\/\/filosofiacienciacabala.com\/wp-content\/uploads\/2023\/04\/013.png",768,510,false],"2048x2048":["https:\/\/filosofiacienciacabala.com\/wp-content\/uploads\/2023\/04\/013.png",768,510,false],"covernews-slider-full":["https:\/\/filosofiacienciacabala.com\/wp-content\/uploads\/2023\/04\/013.png",768,510,false],"covernews-slider-center":["https:\/\/filosofiacienciacabala.com\/wp-content\/uploads\/2023\/04\/013-768x500.png",768,500,true],"covernews-featured":["https:\/\/filosofiacienciacabala.com\/wp-content\/uploads\/2023\/04\/013.png",768,510,false],"covernews-medium":["https:\/\/filosofiacienciacabala.com\/wp-content\/uploads\/2023\/04\/013-540x340.png",540,340,true],"covernews-medium-square":["https:\/\/filosofiacienciacabala.com\/wp-content\/uploads\/2023\/04\/013-400x250.png",400,250,true],"mailpoet_newsletter_max":["https:\/\/filosofiacienciacabala.com\/wp-content\/uploads\/2023\/04\/013.png",768,510,false]},"author_info":{"display_name":"edhisoft","author_link":"https:\/\/filosofiacienciacabala.com\/index.php\/author\/edhisoft\/"},"category_info":"<a href=\"https:\/\/filosofiacienciacabala.com\/index.php\/category\/filosofia\/\" rel=\"category tag\">Filosof\u00eda<\/a> <a href=\"https:\/\/filosofiacienciacabala.com\/index.php\/category\/filosofia\/nietzsche\/\" rel=\"category tag\">Nietzsche<\/a>","tag_info":"Nietzsche","comment_count":"0","jetpack_featured_media_url":"https:\/\/filosofiacienciacabala.com\/wp-content\/uploads\/2023\/04\/013.png","_links":{"self":[{"href":"https:\/\/filosofiacienciacabala.com\/index.php\/wp-json\/wp\/v2\/posts\/422"}],"collection":[{"href":"https:\/\/filosofiacienciacabala.com\/index.php\/wp-json\/wp\/v2\/posts"}],"about":[{"href":"https:\/\/filosofiacienciacabala.com\/index.php\/wp-json\/wp\/v2\/types\/post"}],"author":[{"embeddable":true,"href":"https:\/\/filosofiacienciacabala.com\/index.php\/wp-json\/wp\/v2\/users\/1"}],"replies":[{"embeddable":true,"href":"https:\/\/filosofiacienciacabala.com\/index.php\/wp-json\/wp\/v2\/comments?post=422"}],"version-history":[{"count":0,"href":"https:\/\/filosofiacienciacabala.com\/index.php\/wp-json\/wp\/v2\/posts\/422\/revisions"}],"wp:featuredmedia":[{"embeddable":true,"href":"https:\/\/filosofiacienciacabala.com\/index.php\/wp-json\/wp\/v2\/media\/367"}],"wp:attachment":[{"href":"https:\/\/filosofiacienciacabala.com\/index.php\/wp-json\/wp\/v2\/media?parent=422"}],"wp:term":[{"taxonomy":"category","embeddable":true,"href":"https:\/\/filosofiacienciacabala.com\/index.php\/wp-json\/wp\/v2\/categories?post=422"},{"taxonomy":"post_tag","embeddable":true,"href":"https:\/\/filosofiacienciacabala.com\/index.php\/wp-json\/wp\/v2\/tags?post=422"}],"curies":[{"name":"wp","href":"https:\/\/api.w.org\/{rel}","templated":true}]}}