{"id":420,"date":"2023-04-06T22:50:30","date_gmt":"2023-04-06T22:50:30","guid":{"rendered":"https:\/\/filosofiacienciacabala.com\/index.php\/2023\/04\/06\/la-voluntad-de-poder-el-concepto-central-de-la-filosofia-de-nietzsche\/"},"modified":"2023-04-06T22:50:30","modified_gmt":"2023-04-06T22:50:30","slug":"la-voluntad-de-poder-el-concepto-central-de-la-filosofia-de-nietzsche","status":"publish","type":"post","link":"https:\/\/filosofiacienciacabala.com\/index.php\/2023\/04\/06\/la-voluntad-de-poder-el-concepto-central-de-la-filosofia-de-nietzsche\/","title":{"rendered":"La Voluntad de Poder: El Concepto Central de la Filosof\u00eda de Nietzsche"},"content":{"rendered":"<p>La filosof\u00eda de Friedrich Nietzsche se caracteriza por una serie de ideas y conceptos que han sido objeto de numerosos estudios y debates. Uno de los m\u00e1s importantes y controvertidos es el de la Voluntad de Poder.<br \/>\n Para Nietzsche, la vida es un constante proceso de lucha y superaci\u00f3n, en el que la Voluntad de Poder juega un papel fundamental. Este concepto se refiere a la fuerza vital que impulsa a los seres humanos a buscar la realizaci\u00f3n de sus deseos y a alcanzar la cima de su potencial. La Voluntad de Poder es, en esencia, la fuerza vital que impulsa a los seres humanos a buscar la realizaci\u00f3n de sus deseos y a alcanzar la cima de su potencial.<br \/>\n Para Nietzsche, la Voluntad de Poder no es una fuerza positiva o negativa, sino simplemente una realidad objetiva que es inherente a la existencia humana. Seg\u00fan su teor\u00eda, la Voluntad de Poder es la base de todas las acciones humanas, incluyendo la moralidad, la religi\u00f3n y la cultura en general.<br \/>\n Nietzsche ve\u00eda la moralidad tradicional como un obst\u00e1culo para la realizaci\u00f3n de la Voluntad de Poder, ya que reprim\u00eda los instintos naturales del ser humano en aras de una \u00e9tica establecida. En su lugar, Nietzsche propuso una moralidad basada en la afirmaci\u00f3n de la vida, en la que cada individuo persigue sus propios deseos y metas.<br \/>\n Sin embargo, la idea de la Voluntad de Poder ha sido objeto de numerosas interpretaciones y cr\u00edticas a lo largo de los a\u00f1os. Algunos han argumentado que la teor\u00eda de Nietzsche es incompatible con los valores humanistas y la \u00e9tica tradicional, mientras que otros han defendido que la Voluntad de Poder es una fuente de inspiraci\u00f3n y motivaci\u00f3n para los seres humanos.<br \/>\n \u00bfQu\u00e9 es lo m\u00e1s importante para Nietzsche?<br \/>\n Para Nietzsche, lo m\u00e1s importante es la realizaci\u00f3n de uno mismo como individuo y la superaci\u00f3n de los valores establecidos por la sociedad y la religi\u00f3n. Seg\u00fan \u00e9l, la verdadera felicidad y sentido de la vida no se encuentran en seguir ciegamente las normas y creencias de los dem\u00e1s, sino en buscar la verdad individual y crear nuestros propios valores.<br \/>\n Adem\u00e1s, Nietzsche considera que la b\u00fasqueda de la verdad y la creatividad son fundamentales en la vida humana. La filosof\u00eda de Nietzsche tambi\u00e9n destaca la importancia del arte, especialmente la m\u00fasica y la literatura, como medios para alcanzar la verdad y la realizaci\u00f3n personal.<br \/>\n En resumen, la Voluntad de Poder es un concepto central en la filosof\u00eda de Nietzsche, que representa la fuerza vital que impulsa a los seres humanos a buscar la realizaci\u00f3n de sus deseos y a alcanzar la cima de su potencial. Aunque ha sido objeto de controversia y debate, la idea de la Voluntad de Poder sigue siendo relevante hoy en d\u00eda, como una fuente de inspiraci\u00f3n y reflexi\u00f3n para aquellos interesados en la filosof\u00eda y la naturaleza humana.<\/p>\n","protected":false},"excerpt":{"rendered":"<p>La filosof\u00eda de Friedrich Nietzsche se caracteriza por una serie de ideas y conceptos que&#8230;<\/p>\n","protected":false},"author":1,"featured_media":365,"comment_status":"open","ping_status":"open","sticky":false,"template":"","format":"standard","meta":{"jetpack_publicize_message":"","jetpack_is_tweetstorm":false,"jetpack_publicize_feature_enabled":true,"jetpack_social_post_already_shared":false,"jetpack_social_options":{"image_generator_settings":{"template":"highway","enabled":false}}},"categories":[3,12],"tags":[22],"jetpack_publicize_connections":[],"yoast_head":"<!-- This site is optimized with the Yoast SEO Premium plugin v20.5 (Yoast SEO v20.5) - https:\/\/yoast.com\/wordpress\/plugins\/seo\/ -->\n<title>La Voluntad de Poder: El Concepto Central de la Filosof\u00eda de Nietzsche -<\/title>\n<meta name=\"robots\" content=\"index, follow, max-snippet:-1, max-image-preview:large, max-video-preview:-1\" \/>\n<link rel=\"canonical\" href=\"https:\/\/filosofiacienciacabala.com\/index.php\/2023\/04\/06\/la-voluntad-de-poder-el-concepto-central-de-la-filosofia-de-nietzsche\/\" \/>\n<meta property=\"og:locale\" content=\"es_ES\" \/>\n<meta property=\"og:type\" content=\"article\" \/>\n<meta property=\"og:title\" content=\"La Voluntad de Poder: El Concepto Central de la Filosof\u00eda de Nietzsche\" \/>\n<meta property=\"og:description\" content=\"La filosof\u00eda de Friedrich Nietzsche se caracteriza por una serie de ideas y conceptos que...\" \/>\n<meta property=\"og:url\" content=\"https:\/\/filosofiacienciacabala.com\/index.php\/2023\/04\/06\/la-voluntad-de-poder-el-concepto-central-de-la-filosofia-de-nietzsche\/\" \/>\n<meta property=\"article:published_time\" content=\"2023-04-06T22:50:30+00:00\" \/>\n<meta property=\"og:image\" content=\"https:\/\/filosofiacienciacabala.com\/wp-content\/uploads\/2023\/04\/011.png\" \/>\n\t<meta property=\"og:image:width\" content=\"768\" \/>\n\t<meta property=\"og:image:height\" content=\"510\" \/>\n\t<meta property=\"og:image:type\" content=\"image\/png\" \/>\n<meta name=\"author\" content=\"edhisoft\" \/>\n<meta name=\"twitter:card\" content=\"summary_large_image\" \/>\n<meta name=\"twitter:label1\" content=\"Escrito por\" \/>\n\t<meta name=\"twitter:data1\" content=\"edhisoft\" \/>\n\t<meta name=\"twitter:label2\" content=\"Tiempo de lectura\" \/>\n\t<meta name=\"twitter:data2\" content=\"3 minutos\" \/>\n<script type=\"application\/ld+json\" class=\"yoast-schema-graph\">{\"@context\":\"https:\/\/schema.org\",\"@graph\":[{\"@type\":\"WebPage\",\"@id\":\"https:\/\/filosofiacienciacabala.com\/index.php\/2023\/04\/06\/la-voluntad-de-poder-el-concepto-central-de-la-filosofia-de-nietzsche\/\",\"url\":\"https:\/\/filosofiacienciacabala.com\/index.php\/2023\/04\/06\/la-voluntad-de-poder-el-concepto-central-de-la-filosofia-de-nietzsche\/\",\"name\":\"La Voluntad de Poder: El Concepto Central de la Filosof\u00eda de Nietzsche -\",\"isPartOf\":{\"@id\":\"https:\/\/filosofiacienciacabala.com\/#website\"},\"datePublished\":\"2023-04-06T22:50:30+00:00\",\"dateModified\":\"2023-04-06T22:50:30+00:00\",\"author\":{\"@id\":\"https:\/\/filosofiacienciacabala.com\/#\/schema\/person\/aa6e7fe0c15474fb8c239be8d535daa0\"},\"breadcrumb\":{\"@id\":\"https:\/\/filosofiacienciacabala.com\/index.php\/2023\/04\/06\/la-voluntad-de-poder-el-concepto-central-de-la-filosofia-de-nietzsche\/#breadcrumb\"},\"inLanguage\":\"es\",\"potentialAction\":[{\"@type\":\"ReadAction\",\"target\":[\"https:\/\/filosofiacienciacabala.com\/index.php\/2023\/04\/06\/la-voluntad-de-poder-el-concepto-central-de-la-filosofia-de-nietzsche\/\"]}]},{\"@type\":\"BreadcrumbList\",\"@id\":\"https:\/\/filosofiacienciacabala.com\/index.php\/2023\/04\/06\/la-voluntad-de-poder-el-concepto-central-de-la-filosofia-de-nietzsche\/#breadcrumb\",\"itemListElement\":[{\"@type\":\"ListItem\",\"position\":1,\"name\":\"Portada\",\"item\":\"https:\/\/filosofiacienciacabala.com\/\"},{\"@type\":\"ListItem\",\"position\":2,\"name\":\"La Voluntad de Poder: El Concepto Central de la Filosof\u00eda de Nietzsche\"}]},{\"@type\":\"WebSite\",\"@id\":\"https:\/\/filosofiacienciacabala.com\/#website\",\"url\":\"https:\/\/filosofiacienciacabala.com\/\",\"name\":\"\",\"description\":\"\",\"potentialAction\":[{\"@type\":\"SearchAction\",\"target\":{\"@type\":\"EntryPoint\",\"urlTemplate\":\"https:\/\/filosofiacienciacabala.com\/?s={search_term_string}\"},\"query-input\":\"required name=search_term_string\"}],\"inLanguage\":\"es\"},{\"@type\":\"Person\",\"@id\":\"https:\/\/filosofiacienciacabala.com\/#\/schema\/person\/aa6e7fe0c15474fb8c239be8d535daa0\",\"name\":\"edhisoft\",\"image\":{\"@type\":\"ImageObject\",\"inLanguage\":\"es\",\"@id\":\"https:\/\/filosofiacienciacabala.com\/#\/schema\/person\/image\/\",\"url\":\"https:\/\/secure.gravatar.com\/avatar\/5864c5ece8229bc96c6e5b5fdf2594bb?s=96&d=mm&r=g\",\"contentUrl\":\"https:\/\/secure.gravatar.com\/avatar\/5864c5ece8229bc96c6e5b5fdf2594bb?s=96&d=mm&r=g\",\"caption\":\"edhisoft\"},\"sameAs\":[\"https:\/\/filosofiacienciacabala.com\"],\"url\":\"https:\/\/filosofiacienciacabala.com\/index.php\/author\/edhisoft\/\"}]}<\/script>\n<!-- \/ Yoast SEO Premium plugin. -->","yoast_head_json":{"title":"La Voluntad de Poder: El Concepto Central de la Filosof\u00eda de Nietzsche -","robots":{"index":"index","follow":"follow","max-snippet":"max-snippet:-1","max-image-preview":"max-image-preview:large","max-video-preview":"max-video-preview:-1"},"canonical":"https:\/\/filosofiacienciacabala.com\/index.php\/2023\/04\/06\/la-voluntad-de-poder-el-concepto-central-de-la-filosofia-de-nietzsche\/","og_locale":"es_ES","og_type":"article","og_title":"La Voluntad de Poder: El Concepto Central de la Filosof\u00eda de Nietzsche","og_description":"La filosof\u00eda de Friedrich Nietzsche se caracteriza por una serie de ideas y conceptos que...","og_url":"https:\/\/filosofiacienciacabala.com\/index.php\/2023\/04\/06\/la-voluntad-de-poder-el-concepto-central-de-la-filosofia-de-nietzsche\/","article_published_time":"2023-04-06T22:50:30+00:00","og_image":[{"width":768,"height":510,"url":"https:\/\/filosofiacienciacabala.com\/wp-content\/uploads\/2023\/04\/011.png","type":"image\/png"}],"author":"edhisoft","twitter_card":"summary_large_image","twitter_misc":{"Escrito por":"edhisoft","Tiempo de lectura":"3 minutos"},"schema":{"@context":"https:\/\/schema.org","@graph":[{"@type":"WebPage","@id":"https:\/\/filosofiacienciacabala.com\/index.php\/2023\/04\/06\/la-voluntad-de-poder-el-concepto-central-de-la-filosofia-de-nietzsche\/","url":"https:\/\/filosofiacienciacabala.com\/index.php\/2023\/04\/06\/la-voluntad-de-poder-el-concepto-central-de-la-filosofia-de-nietzsche\/","name":"La Voluntad de Poder: El Concepto Central de la Filosof\u00eda de Nietzsche -","isPartOf":{"@id":"https:\/\/filosofiacienciacabala.com\/#website"},"datePublished":"2023-04-06T22:50:30+00:00","dateModified":"2023-04-06T22:50:30+00:00","author":{"@id":"https:\/\/filosofiacienciacabala.com\/#\/schema\/person\/aa6e7fe0c15474fb8c239be8d535daa0"},"breadcrumb":{"@id":"https:\/\/filosofiacienciacabala.com\/index.php\/2023\/04\/06\/la-voluntad-de-poder-el-concepto-central-de-la-filosofia-de-nietzsche\/#breadcrumb"},"inLanguage":"es","potentialAction":[{"@type":"ReadAction","target":["https:\/\/filosofiacienciacabala.com\/index.php\/2023\/04\/06\/la-voluntad-de-poder-el-concepto-central-de-la-filosofia-de-nietzsche\/"]}]},{"@type":"BreadcrumbList","@id":"https:\/\/filosofiacienciacabala.com\/index.php\/2023\/04\/06\/la-voluntad-de-poder-el-concepto-central-de-la-filosofia-de-nietzsche\/#breadcrumb","itemListElement":[{"@type":"ListItem","position":1,"name":"Portada","item":"https:\/\/filosofiacienciacabala.com\/"},{"@type":"ListItem","position":2,"name":"La Voluntad de Poder: El Concepto Central de la Filosof\u00eda de Nietzsche"}]},{"@type":"WebSite","@id":"https:\/\/filosofiacienciacabala.com\/#website","url":"https:\/\/filosofiacienciacabala.com\/","name":"","description":"","potentialAction":[{"@type":"SearchAction","target":{"@type":"EntryPoint","urlTemplate":"https:\/\/filosofiacienciacabala.com\/?s={search_term_string}"},"query-input":"required name=search_term_string"}],"inLanguage":"es"},{"@type":"Person","@id":"https:\/\/filosofiacienciacabala.com\/#\/schema\/person\/aa6e7fe0c15474fb8c239be8d535daa0","name":"edhisoft","image":{"@type":"ImageObject","inLanguage":"es","@id":"https:\/\/filosofiacienciacabala.com\/#\/schema\/person\/image\/","url":"https:\/\/secure.gravatar.com\/avatar\/5864c5ece8229bc96c6e5b5fdf2594bb?s=96&d=mm&r=g","contentUrl":"https:\/\/secure.gravatar.com\/avatar\/5864c5ece8229bc96c6e5b5fdf2594bb?s=96&d=mm&r=g","caption":"edhisoft"},"sameAs":["https:\/\/filosofiacienciacabala.com"],"url":"https:\/\/filosofiacienciacabala.com\/index.php\/author\/edhisoft\/"}]}},"featured_image_urls":{"full":["https:\/\/filosofiacienciacabala.com\/wp-content\/uploads\/2023\/04\/011.png",768,510,false],"thumbnail":["https:\/\/filosofiacienciacabala.com\/wp-content\/uploads\/2023\/04\/011-150x150.png",150,150,true],"medium":["https:\/\/filosofiacienciacabala.com\/wp-content\/uploads\/2023\/04\/011-300x199.png",300,199,true],"medium_large":["https:\/\/filosofiacienciacabala.com\/wp-content\/uploads\/2023\/04\/011.png",640,425,false],"large":["https:\/\/filosofiacienciacabala.com\/wp-content\/uploads\/2023\/04\/011.png",640,425,false],"1536x1536":["https:\/\/filosofiacienciacabala.com\/wp-content\/uploads\/2023\/04\/011.png",768,510,false],"2048x2048":["https:\/\/filosofiacienciacabala.com\/wp-content\/uploads\/2023\/04\/011.png",768,510,false],"covernews-slider-full":["https:\/\/filosofiacienciacabala.com\/wp-content\/uploads\/2023\/04\/011.png",768,510,false],"covernews-slider-center":["https:\/\/filosofiacienciacabala.com\/wp-content\/uploads\/2023\/04\/011-768x500.png",768,500,true],"covernews-featured":["https:\/\/filosofiacienciacabala.com\/wp-content\/uploads\/2023\/04\/011.png",768,510,false],"covernews-medium":["https:\/\/filosofiacienciacabala.com\/wp-content\/uploads\/2023\/04\/011-540x340.png",540,340,true],"covernews-medium-square":["https:\/\/filosofiacienciacabala.com\/wp-content\/uploads\/2023\/04\/011-400x250.png",400,250,true],"mailpoet_newsletter_max":["https:\/\/filosofiacienciacabala.com\/wp-content\/uploads\/2023\/04\/011.png",768,510,false]},"author_info":{"display_name":"edhisoft","author_link":"https:\/\/filosofiacienciacabala.com\/index.php\/author\/edhisoft\/"},"category_info":"<a href=\"https:\/\/filosofiacienciacabala.com\/index.php\/category\/filosofia\/\" rel=\"category tag\">Filosof\u00eda<\/a> <a href=\"https:\/\/filosofiacienciacabala.com\/index.php\/category\/filosofia\/nietzsche\/\" rel=\"category tag\">Nietzsche<\/a>","tag_info":"Nietzsche","comment_count":"0","jetpack_featured_media_url":"https:\/\/filosofiacienciacabala.com\/wp-content\/uploads\/2023\/04\/011.png","_links":{"self":[{"href":"https:\/\/filosofiacienciacabala.com\/index.php\/wp-json\/wp\/v2\/posts\/420"}],"collection":[{"href":"https:\/\/filosofiacienciacabala.com\/index.php\/wp-json\/wp\/v2\/posts"}],"about":[{"href":"https:\/\/filosofiacienciacabala.com\/index.php\/wp-json\/wp\/v2\/types\/post"}],"author":[{"embeddable":true,"href":"https:\/\/filosofiacienciacabala.com\/index.php\/wp-json\/wp\/v2\/users\/1"}],"replies":[{"embeddable":true,"href":"https:\/\/filosofiacienciacabala.com\/index.php\/wp-json\/wp\/v2\/comments?post=420"}],"version-history":[{"count":0,"href":"https:\/\/filosofiacienciacabala.com\/index.php\/wp-json\/wp\/v2\/posts\/420\/revisions"}],"wp:featuredmedia":[{"embeddable":true,"href":"https:\/\/filosofiacienciacabala.com\/index.php\/wp-json\/wp\/v2\/media\/365"}],"wp:attachment":[{"href":"https:\/\/filosofiacienciacabala.com\/index.php\/wp-json\/wp\/v2\/media?parent=420"}],"wp:term":[{"taxonomy":"category","embeddable":true,"href":"https:\/\/filosofiacienciacabala.com\/index.php\/wp-json\/wp\/v2\/categories?post=420"},{"taxonomy":"post_tag","embeddable":true,"href":"https:\/\/filosofiacienciacabala.com\/index.php\/wp-json\/wp\/v2\/tags?post=420"}],"curies":[{"name":"wp","href":"https:\/\/api.w.org\/{rel}","templated":true}]}}