{"id":419,"date":"2023-04-06T22:50:30","date_gmt":"2023-04-06T22:50:30","guid":{"rendered":"https:\/\/filosofiacienciacabala.com\/index.php\/2023\/04\/06\/el-vacio-del-nihilismo-una-reflexion-sobre-la-filosofia-de-nietzsche-y-la-ausencia-de-sentido-en-la-existencia-humana\/"},"modified":"2023-04-06T22:50:30","modified_gmt":"2023-04-06T22:50:30","slug":"el-vacio-del-nihilismo-una-reflexion-sobre-la-filosofia-de-nietzsche-y-la-ausencia-de-sentido-en-la-existencia-humana","status":"publish","type":"post","link":"https:\/\/filosofiacienciacabala.com\/index.php\/2023\/04\/06\/el-vacio-del-nihilismo-una-reflexion-sobre-la-filosofia-de-nietzsche-y-la-ausencia-de-sentido-en-la-existencia-humana\/","title":{"rendered":"El vac\u00edo del nihilismo: Una reflexi\u00f3n sobre la filosof\u00eda de Nietzsche y la ausencia de sentido en la existencia humana"},"content":{"rendered":"<p>El nihilismo es una corriente filos\u00f3fica que sostiene que la vida carece de sentido y valor absoluto. Friedrich Nietzsche es uno de los fil\u00f3sofos m\u00e1s influyentes en el pensamiento nihilista y en su obra se encuentran las bases de esta corriente. El fil\u00f3sofo alem\u00e1n sostiene que la muerte de Dios ha dejado un vac\u00edo en la existencia humana, una ausencia de sentido que lleva al ser humano a la desesperaci\u00f3n y al sufrimiento.<br \/>\n Para Nietzsche, el nihilismo no es una enfermedad que afecta al hombre, sino una consecuencia necesaria de la muerte de Dios. El nihilismo es un momento hist\u00f3rico que nos lleva a preguntarnos por el sentido de nuestra existencia, a cuestionar los valores y creencias establecidos. Es un estado de \u00e1nimo que nos invita a buscar un nuevo horizonte de sentido en el que el ser humano pueda encontrar su lugar en el mundo.<br \/>\n La filosof\u00eda de Nietzsche es una invitaci\u00f3n a superar el nihilismo, a trav\u00e9s de la creaci\u00f3n de nuevos valores y la b\u00fasqueda de una vida aut\u00e9ntica y plena. Seg\u00fan Nietzsche, la superaci\u00f3n del nihilismo implica la transmutaci\u00f3n de los valores establecidos, la creaci\u00f3n de nuevos ideales y la afirmaci\u00f3n de la vida tal como es, con sus luces y sombras.<br \/>\n El nihilismo no es una filosof\u00eda del fracaso, sino una oportunidad para la creaci\u00f3n y la innovaci\u00f3n. Nietzsche nos invita a salir del c\u00edrculo vicioso del nihilismo, a trav\u00e9s de la afirmaci\u00f3n de la vida y la creaci\u00f3n de nuevos valores. La b\u00fasqueda de sentido y de prop\u00f3sito es una tarea ineludible del ser humano, que s\u00f3lo puede llevarse a cabo en el marco de una \u00e9tica del amor y del cuidado de uno mismo y de los dem\u00e1s.<br \/>\n \u00bfQu\u00e9 significa ser una persona nihilista?<br \/>\n El nihilismo es una postura filos\u00f3fica que niega cualquier tipo de valor absoluto o significado en el mundo. En este sentido, una persona nihilista es alguien que niega la existencia de cualquier valor, significado o prop\u00f3sito en la vida.<br \/>\n En el pensamiento de Nietzsche, el nihilismo es un fen\u00f3meno que surge a partir de la muerte de Dios, es decir, la negaci\u00f3n de la existencia de un ser supremo y de un orden moral universal. Nietzsche cre\u00eda que, al desaparecer Dios y los valores que se le hab\u00edan asociado, el ser humano se encontraba en un estado de desesperaci\u00f3n y falta de sentido, lo que llevaba al nihilismo.<br \/>\n Sin embargo, Nietzsche no abogaba por la adopci\u00f3n del nihilismo como postura vital. En su obra, propone la creaci\u00f3n de nuevos valores y la b\u00fasqueda de un sentido individual de la existencia. Nietzsche rechazaba la idea de que la vida carec\u00eda de sentido y animaba a las personas a encontrar su propia manera de darle significado a sus vidas, a trav\u00e9s de la creaci\u00f3n de valores y la superaci\u00f3n de los valores establecidos.<br \/>\n En conclusi\u00f3n, el vac\u00edo del nihilismo es una experiencia com\u00fan a todos los seres humanos, que nos invita a cuestionar el sentido de nuestra existencia y a buscar nuevos horizontes de sentido. La filosof\u00eda de Nietzsche nos ofrece una herramienta para la superaci\u00f3n del nihilismo, a trav\u00e9s de la creaci\u00f3n de nuevos valores y la afirmaci\u00f3n de la vida en su plenitud. La invitaci\u00f3n del fil\u00f3sofo alem\u00e1n es a no caer en la desesperaci\u00f3n, sino a buscar un nuevo horizonte de sentido en el que la vida pueda florecer.<\/p>\n","protected":false},"excerpt":{"rendered":"<p>El nihilismo es una corriente filos\u00f3fica que sostiene que la vida carece de sentido y&#8230;<\/p>\n","protected":false},"author":1,"featured_media":364,"comment_status":"open","ping_status":"open","sticky":false,"template":"","format":"standard","meta":{"jetpack_publicize_message":"","jetpack_is_tweetstorm":false,"jetpack_publicize_feature_enabled":true,"jetpack_social_post_already_shared":false,"jetpack_social_options":{"image_generator_settings":{"template":"highway","enabled":false}}},"categories":[3,12],"tags":[21],"jetpack_publicize_connections":[],"yoast_head":"<!-- This site is optimized with the Yoast SEO Premium plugin v20.5 (Yoast SEO v20.5) - https:\/\/yoast.com\/wordpress\/plugins\/seo\/ -->\n<title>El vac\u00edo del nihilismo: Una reflexi\u00f3n sobre la filosof\u00eda de Nietzsche y la ausencia de sentido en la existencia humana -<\/title>\n<meta name=\"robots\" content=\"index, follow, max-snippet:-1, max-image-preview:large, max-video-preview:-1\" \/>\n<link rel=\"canonical\" href=\"https:\/\/filosofiacienciacabala.com\/index.php\/2023\/04\/06\/el-vacio-del-nihilismo-una-reflexion-sobre-la-filosofia-de-nietzsche-y-la-ausencia-de-sentido-en-la-existencia-humana\/\" \/>\n<meta property=\"og:locale\" content=\"es_ES\" \/>\n<meta property=\"og:type\" content=\"article\" \/>\n<meta property=\"og:title\" content=\"El vac\u00edo del nihilismo: Una reflexi\u00f3n sobre la filosof\u00eda de Nietzsche y la ausencia de sentido en la existencia humana\" \/>\n<meta property=\"og:description\" content=\"El nihilismo es una corriente filos\u00f3fica que sostiene que la vida carece de sentido y...\" \/>\n<meta property=\"og:url\" content=\"https:\/\/filosofiacienciacabala.com\/index.php\/2023\/04\/06\/el-vacio-del-nihilismo-una-reflexion-sobre-la-filosofia-de-nietzsche-y-la-ausencia-de-sentido-en-la-existencia-humana\/\" \/>\n<meta property=\"article:published_time\" content=\"2023-04-06T22:50:30+00:00\" \/>\n<meta property=\"og:image\" content=\"https:\/\/filosofiacienciacabala.com\/wp-content\/uploads\/2023\/04\/010.png\" \/>\n\t<meta property=\"og:image:width\" content=\"768\" \/>\n\t<meta property=\"og:image:height\" content=\"510\" \/>\n\t<meta property=\"og:image:type\" content=\"image\/png\" \/>\n<meta name=\"author\" content=\"edhisoft\" \/>\n<meta name=\"twitter:card\" content=\"summary_large_image\" \/>\n<meta name=\"twitter:label1\" content=\"Escrito por\" \/>\n\t<meta name=\"twitter:data1\" content=\"edhisoft\" \/>\n\t<meta name=\"twitter:label2\" content=\"Tiempo de lectura\" \/>\n\t<meta name=\"twitter:data2\" content=\"3 minutos\" \/>\n<script type=\"application\/ld+json\" class=\"yoast-schema-graph\">{\"@context\":\"https:\/\/schema.org\",\"@graph\":[{\"@type\":\"WebPage\",\"@id\":\"https:\/\/filosofiacienciacabala.com\/index.php\/2023\/04\/06\/el-vacio-del-nihilismo-una-reflexion-sobre-la-filosofia-de-nietzsche-y-la-ausencia-de-sentido-en-la-existencia-humana\/\",\"url\":\"https:\/\/filosofiacienciacabala.com\/index.php\/2023\/04\/06\/el-vacio-del-nihilismo-una-reflexion-sobre-la-filosofia-de-nietzsche-y-la-ausencia-de-sentido-en-la-existencia-humana\/\",\"name\":\"El vac\u00edo del nihilismo: Una reflexi\u00f3n sobre la filosof\u00eda de Nietzsche y la ausencia de sentido en la existencia humana -\",\"isPartOf\":{\"@id\":\"https:\/\/filosofiacienciacabala.com\/#website\"},\"datePublished\":\"2023-04-06T22:50:30+00:00\",\"dateModified\":\"2023-04-06T22:50:30+00:00\",\"author\":{\"@id\":\"https:\/\/filosofiacienciacabala.com\/#\/schema\/person\/aa6e7fe0c15474fb8c239be8d535daa0\"},\"breadcrumb\":{\"@id\":\"https:\/\/filosofiacienciacabala.com\/index.php\/2023\/04\/06\/el-vacio-del-nihilismo-una-reflexion-sobre-la-filosofia-de-nietzsche-y-la-ausencia-de-sentido-en-la-existencia-humana\/#breadcrumb\"},\"inLanguage\":\"es\",\"potentialAction\":[{\"@type\":\"ReadAction\",\"target\":[\"https:\/\/filosofiacienciacabala.com\/index.php\/2023\/04\/06\/el-vacio-del-nihilismo-una-reflexion-sobre-la-filosofia-de-nietzsche-y-la-ausencia-de-sentido-en-la-existencia-humana\/\"]}]},{\"@type\":\"BreadcrumbList\",\"@id\":\"https:\/\/filosofiacienciacabala.com\/index.php\/2023\/04\/06\/el-vacio-del-nihilismo-una-reflexion-sobre-la-filosofia-de-nietzsche-y-la-ausencia-de-sentido-en-la-existencia-humana\/#breadcrumb\",\"itemListElement\":[{\"@type\":\"ListItem\",\"position\":1,\"name\":\"Portada\",\"item\":\"https:\/\/filosofiacienciacabala.com\/\"},{\"@type\":\"ListItem\",\"position\":2,\"name\":\"El vac\u00edo del nihilismo: Una reflexi\u00f3n sobre la filosof\u00eda de Nietzsche y la ausencia de sentido en la existencia humana\"}]},{\"@type\":\"WebSite\",\"@id\":\"https:\/\/filosofiacienciacabala.com\/#website\",\"url\":\"https:\/\/filosofiacienciacabala.com\/\",\"name\":\"\",\"description\":\"\",\"potentialAction\":[{\"@type\":\"SearchAction\",\"target\":{\"@type\":\"EntryPoint\",\"urlTemplate\":\"https:\/\/filosofiacienciacabala.com\/?s={search_term_string}\"},\"query-input\":\"required name=search_term_string\"}],\"inLanguage\":\"es\"},{\"@type\":\"Person\",\"@id\":\"https:\/\/filosofiacienciacabala.com\/#\/schema\/person\/aa6e7fe0c15474fb8c239be8d535daa0\",\"name\":\"edhisoft\",\"image\":{\"@type\":\"ImageObject\",\"inLanguage\":\"es\",\"@id\":\"https:\/\/filosofiacienciacabala.com\/#\/schema\/person\/image\/\",\"url\":\"https:\/\/secure.gravatar.com\/avatar\/5864c5ece8229bc96c6e5b5fdf2594bb?s=96&d=mm&r=g\",\"contentUrl\":\"https:\/\/secure.gravatar.com\/avatar\/5864c5ece8229bc96c6e5b5fdf2594bb?s=96&d=mm&r=g\",\"caption\":\"edhisoft\"},\"sameAs\":[\"https:\/\/filosofiacienciacabala.com\"],\"url\":\"https:\/\/filosofiacienciacabala.com\/index.php\/author\/edhisoft\/\"}]}<\/script>\n<!-- \/ Yoast SEO Premium plugin. -->","yoast_head_json":{"title":"El vac\u00edo del nihilismo: Una reflexi\u00f3n sobre la filosof\u00eda de Nietzsche y la ausencia de sentido en la existencia humana -","robots":{"index":"index","follow":"follow","max-snippet":"max-snippet:-1","max-image-preview":"max-image-preview:large","max-video-preview":"max-video-preview:-1"},"canonical":"https:\/\/filosofiacienciacabala.com\/index.php\/2023\/04\/06\/el-vacio-del-nihilismo-una-reflexion-sobre-la-filosofia-de-nietzsche-y-la-ausencia-de-sentido-en-la-existencia-humana\/","og_locale":"es_ES","og_type":"article","og_title":"El vac\u00edo del nihilismo: Una reflexi\u00f3n sobre la filosof\u00eda de Nietzsche y la ausencia de sentido en la existencia humana","og_description":"El nihilismo es una corriente filos\u00f3fica que sostiene que la vida carece de sentido y...","og_url":"https:\/\/filosofiacienciacabala.com\/index.php\/2023\/04\/06\/el-vacio-del-nihilismo-una-reflexion-sobre-la-filosofia-de-nietzsche-y-la-ausencia-de-sentido-en-la-existencia-humana\/","article_published_time":"2023-04-06T22:50:30+00:00","og_image":[{"width":768,"height":510,"url":"https:\/\/filosofiacienciacabala.com\/wp-content\/uploads\/2023\/04\/010.png","type":"image\/png"}],"author":"edhisoft","twitter_card":"summary_large_image","twitter_misc":{"Escrito por":"edhisoft","Tiempo de lectura":"3 minutos"},"schema":{"@context":"https:\/\/schema.org","@graph":[{"@type":"WebPage","@id":"https:\/\/filosofiacienciacabala.com\/index.php\/2023\/04\/06\/el-vacio-del-nihilismo-una-reflexion-sobre-la-filosofia-de-nietzsche-y-la-ausencia-de-sentido-en-la-existencia-humana\/","url":"https:\/\/filosofiacienciacabala.com\/index.php\/2023\/04\/06\/el-vacio-del-nihilismo-una-reflexion-sobre-la-filosofia-de-nietzsche-y-la-ausencia-de-sentido-en-la-existencia-humana\/","name":"El vac\u00edo del nihilismo: Una reflexi\u00f3n sobre la filosof\u00eda de Nietzsche y la ausencia de sentido en la existencia humana -","isPartOf":{"@id":"https:\/\/filosofiacienciacabala.com\/#website"},"datePublished":"2023-04-06T22:50:30+00:00","dateModified":"2023-04-06T22:50:30+00:00","author":{"@id":"https:\/\/filosofiacienciacabala.com\/#\/schema\/person\/aa6e7fe0c15474fb8c239be8d535daa0"},"breadcrumb":{"@id":"https:\/\/filosofiacienciacabala.com\/index.php\/2023\/04\/06\/el-vacio-del-nihilismo-una-reflexion-sobre-la-filosofia-de-nietzsche-y-la-ausencia-de-sentido-en-la-existencia-humana\/#breadcrumb"},"inLanguage":"es","potentialAction":[{"@type":"ReadAction","target":["https:\/\/filosofiacienciacabala.com\/index.php\/2023\/04\/06\/el-vacio-del-nihilismo-una-reflexion-sobre-la-filosofia-de-nietzsche-y-la-ausencia-de-sentido-en-la-existencia-humana\/"]}]},{"@type":"BreadcrumbList","@id":"https:\/\/filosofiacienciacabala.com\/index.php\/2023\/04\/06\/el-vacio-del-nihilismo-una-reflexion-sobre-la-filosofia-de-nietzsche-y-la-ausencia-de-sentido-en-la-existencia-humana\/#breadcrumb","itemListElement":[{"@type":"ListItem","position":1,"name":"Portada","item":"https:\/\/filosofiacienciacabala.com\/"},{"@type":"ListItem","position":2,"name":"El vac\u00edo del nihilismo: Una reflexi\u00f3n sobre la filosof\u00eda de Nietzsche y la ausencia de sentido en la existencia humana"}]},{"@type":"WebSite","@id":"https:\/\/filosofiacienciacabala.com\/#website","url":"https:\/\/filosofiacienciacabala.com\/","name":"","description":"","potentialAction":[{"@type":"SearchAction","target":{"@type":"EntryPoint","urlTemplate":"https:\/\/filosofiacienciacabala.com\/?s={search_term_string}"},"query-input":"required name=search_term_string"}],"inLanguage":"es"},{"@type":"Person","@id":"https:\/\/filosofiacienciacabala.com\/#\/schema\/person\/aa6e7fe0c15474fb8c239be8d535daa0","name":"edhisoft","image":{"@type":"ImageObject","inLanguage":"es","@id":"https:\/\/filosofiacienciacabala.com\/#\/schema\/person\/image\/","url":"https:\/\/secure.gravatar.com\/avatar\/5864c5ece8229bc96c6e5b5fdf2594bb?s=96&d=mm&r=g","contentUrl":"https:\/\/secure.gravatar.com\/avatar\/5864c5ece8229bc96c6e5b5fdf2594bb?s=96&d=mm&r=g","caption":"edhisoft"},"sameAs":["https:\/\/filosofiacienciacabala.com"],"url":"https:\/\/filosofiacienciacabala.com\/index.php\/author\/edhisoft\/"}]}},"featured_image_urls":{"full":["https:\/\/filosofiacienciacabala.com\/wp-content\/uploads\/2023\/04\/010.png",768,510,false],"thumbnail":["https:\/\/filosofiacienciacabala.com\/wp-content\/uploads\/2023\/04\/010-150x150.png",150,150,true],"medium":["https:\/\/filosofiacienciacabala.com\/wp-content\/uploads\/2023\/04\/010-300x199.png",300,199,true],"medium_large":["https:\/\/filosofiacienciacabala.com\/wp-content\/uploads\/2023\/04\/010.png",640,425,false],"large":["https:\/\/filosofiacienciacabala.com\/wp-content\/uploads\/2023\/04\/010.png",640,425,false],"1536x1536":["https:\/\/filosofiacienciacabala.com\/wp-content\/uploads\/2023\/04\/010.png",768,510,false],"2048x2048":["https:\/\/filosofiacienciacabala.com\/wp-content\/uploads\/2023\/04\/010.png",768,510,false],"covernews-slider-full":["https:\/\/filosofiacienciacabala.com\/wp-content\/uploads\/2023\/04\/010.png",768,510,false],"covernews-slider-center":["https:\/\/filosofiacienciacabala.com\/wp-content\/uploads\/2023\/04\/010-768x500.png",768,500,true],"covernews-featured":["https:\/\/filosofiacienciacabala.com\/wp-content\/uploads\/2023\/04\/010.png",768,510,false],"covernews-medium":["https:\/\/filosofiacienciacabala.com\/wp-content\/uploads\/2023\/04\/010-540x340.png",540,340,true],"covernews-medium-square":["https:\/\/filosofiacienciacabala.com\/wp-content\/uploads\/2023\/04\/010-400x250.png",400,250,true],"mailpoet_newsletter_max":["https:\/\/filosofiacienciacabala.com\/wp-content\/uploads\/2023\/04\/010.png",768,510,false]},"author_info":{"display_name":"edhisoft","author_link":"https:\/\/filosofiacienciacabala.com\/index.php\/author\/edhisoft\/"},"category_info":"<a href=\"https:\/\/filosofiacienciacabala.com\/index.php\/category\/filosofia\/\" rel=\"category tag\">Filosof\u00eda<\/a> <a href=\"https:\/\/filosofiacienciacabala.com\/index.php\/category\/filosofia\/nietzsche\/\" rel=\"category tag\">Nietzsche<\/a>","tag_info":"Nietzsche","comment_count":"0","jetpack_featured_media_url":"https:\/\/filosofiacienciacabala.com\/wp-content\/uploads\/2023\/04\/010.png","_links":{"self":[{"href":"https:\/\/filosofiacienciacabala.com\/index.php\/wp-json\/wp\/v2\/posts\/419"}],"collection":[{"href":"https:\/\/filosofiacienciacabala.com\/index.php\/wp-json\/wp\/v2\/posts"}],"about":[{"href":"https:\/\/filosofiacienciacabala.com\/index.php\/wp-json\/wp\/v2\/types\/post"}],"author":[{"embeddable":true,"href":"https:\/\/filosofiacienciacabala.com\/index.php\/wp-json\/wp\/v2\/users\/1"}],"replies":[{"embeddable":true,"href":"https:\/\/filosofiacienciacabala.com\/index.php\/wp-json\/wp\/v2\/comments?post=419"}],"version-history":[{"count":0,"href":"https:\/\/filosofiacienciacabala.com\/index.php\/wp-json\/wp\/v2\/posts\/419\/revisions"}],"wp:featuredmedia":[{"embeddable":true,"href":"https:\/\/filosofiacienciacabala.com\/index.php\/wp-json\/wp\/v2\/media\/364"}],"wp:attachment":[{"href":"https:\/\/filosofiacienciacabala.com\/index.php\/wp-json\/wp\/v2\/media?parent=419"}],"wp:term":[{"taxonomy":"category","embeddable":true,"href":"https:\/\/filosofiacienciacabala.com\/index.php\/wp-json\/wp\/v2\/categories?post=419"},{"taxonomy":"post_tag","embeddable":true,"href":"https:\/\/filosofiacienciacabala.com\/index.php\/wp-json\/wp\/v2\/tags?post=419"}],"curies":[{"name":"wp","href":"https:\/\/api.w.org\/{rel}","templated":true}]}}