{"id":417,"date":"2023-04-06T22:50:29","date_gmt":"2023-04-06T22:50:29","guid":{"rendered":"https:\/\/filosofiacienciacabala.com\/index.php\/2023\/04\/06\/dialogo-imaginario-con-nietzsche-explorando-su-pensamiento-y-su-vision-de-la-sociedad-actual\/"},"modified":"2023-04-06T22:50:29","modified_gmt":"2023-04-06T22:50:29","slug":"dialogo-imaginario-con-nietzsche-explorando-su-pensamiento-y-su-vision-de-la-sociedad-actual","status":"publish","type":"post","link":"https:\/\/filosofiacienciacabala.com\/index.php\/2023\/04\/06\/dialogo-imaginario-con-nietzsche-explorando-su-pensamiento-y-su-vision-de-la-sociedad-actual\/","title":{"rendered":"Di\u00e1logo imaginario con Nietzsche: Explorando su pensamiento y su visi\u00f3n de la sociedad actual"},"content":{"rendered":"<p>El sol brillaba en el jard\u00edn donde me encontraba sentado, absorto en mis pensamientos acerca de Nietzsche y su filosof\u00eda. De repente, una figura se acerc\u00f3 a m\u00ed: era Nietzsche, vestido con su caracter\u00edstica capa y sombrero.<br \/>\n Me qued\u00e9 sin aliento al verlo, pero \u00e9l se acerc\u00f3 amistosamente y comenz\u00f3 a hablar conmigo. Durante horas hablamos sobre su visi\u00f3n de la vida, la verdad, la moral y la sociedad. Me explic\u00f3 c\u00f3mo cre\u00eda que el hombre deb\u00eda ser su propio creador y superar los valores y las normas establecidas.<br \/>\n Me habl\u00f3 sobre la importancia de la individualidad, de la voluntad de poder y de la necesidad de la lucha constante contra la mediocridad y la conformidad. Hablamos sobre la influencia que su pensamiento ha tenido en la cultura popular y sobre c\u00f3mo su legado contin\u00faa vivo en la actualidad.<br \/>\n Finalmente, le pregunt\u00e9 su opini\u00f3n sobre la sociedad actual y sobre el papel que la tecnolog\u00eda y las redes sociales desempe\u00f1an en nuestras vidas. Nietzsche me explic\u00f3 que, aunque la tecnolog\u00eda puede ser \u00fatil en algunos aspectos, tambi\u00e9n puede llevar a la p\u00e9rdida de la individualidad y a la homogeneizaci\u00f3n de la sociedad.<br \/>\n Despu\u00e9s de despedirme de Nietzsche, me qued\u00e9 reflexionando sobre todo lo que hab\u00eda aprendido en nuestra conversaci\u00f3n. Sus ideas y su pensamiento contin\u00faan siendo relevantes en la actualidad, y nos ofrecen una oportunidad de cuestionar y superar los valores establecidos y de buscar nuestra propia verdad y sentido de la vida.<\/p>\n","protected":false},"excerpt":{"rendered":"<p>El sol brillaba en el jard\u00edn donde me encontraba sentado, absorto en mis pensamientos acerca&#8230;<\/p>\n","protected":false},"author":1,"featured_media":362,"comment_status":"open","ping_status":"open","sticky":false,"template":"","format":"standard","meta":{"jetpack_publicize_message":"","jetpack_is_tweetstorm":false,"jetpack_publicize_feature_enabled":true,"jetpack_social_post_already_shared":false,"jetpack_social_options":{"image_generator_settings":{"template":"highway","enabled":false}}},"categories":[3,12],"tags":[19],"jetpack_publicize_connections":[],"yoast_head":"<!-- This site is optimized with the Yoast SEO Premium plugin v20.5 (Yoast SEO v20.5) - https:\/\/yoast.com\/wordpress\/plugins\/seo\/ -->\n<title>Di\u00e1logo imaginario con Nietzsche: Explorando su pensamiento y su visi\u00f3n de la sociedad actual -<\/title>\n<meta name=\"robots\" content=\"index, follow, max-snippet:-1, max-image-preview:large, max-video-preview:-1\" \/>\n<link rel=\"canonical\" href=\"https:\/\/filosofiacienciacabala.com\/index.php\/2023\/04\/06\/dialogo-imaginario-con-nietzsche-explorando-su-pensamiento-y-su-vision-de-la-sociedad-actual\/\" \/>\n<meta property=\"og:locale\" content=\"es_ES\" \/>\n<meta property=\"og:type\" content=\"article\" \/>\n<meta property=\"og:title\" content=\"Di\u00e1logo imaginario con Nietzsche: Explorando su pensamiento y su visi\u00f3n de la sociedad actual\" \/>\n<meta property=\"og:description\" content=\"El sol brillaba en el jard\u00edn donde me encontraba sentado, absorto en mis pensamientos acerca...\" \/>\n<meta property=\"og:url\" content=\"https:\/\/filosofiacienciacabala.com\/index.php\/2023\/04\/06\/dialogo-imaginario-con-nietzsche-explorando-su-pensamiento-y-su-vision-de-la-sociedad-actual\/\" \/>\n<meta property=\"article:published_time\" content=\"2023-04-06T22:50:29+00:00\" \/>\n<meta property=\"og:image\" content=\"https:\/\/filosofiacienciacabala.com\/wp-content\/uploads\/2023\/04\/008.png\" \/>\n\t<meta property=\"og:image:width\" content=\"768\" \/>\n\t<meta property=\"og:image:height\" content=\"510\" \/>\n\t<meta property=\"og:image:type\" content=\"image\/png\" \/>\n<meta name=\"author\" content=\"edhisoft\" \/>\n<meta name=\"twitter:card\" content=\"summary_large_image\" \/>\n<meta name=\"twitter:label1\" content=\"Escrito por\" \/>\n\t<meta name=\"twitter:data1\" content=\"edhisoft\" \/>\n\t<meta name=\"twitter:label2\" content=\"Tiempo de lectura\" \/>\n\t<meta name=\"twitter:data2\" content=\"1 minuto\" \/>\n<script type=\"application\/ld+json\" class=\"yoast-schema-graph\">{\"@context\":\"https:\/\/schema.org\",\"@graph\":[{\"@type\":\"WebPage\",\"@id\":\"https:\/\/filosofiacienciacabala.com\/index.php\/2023\/04\/06\/dialogo-imaginario-con-nietzsche-explorando-su-pensamiento-y-su-vision-de-la-sociedad-actual\/\",\"url\":\"https:\/\/filosofiacienciacabala.com\/index.php\/2023\/04\/06\/dialogo-imaginario-con-nietzsche-explorando-su-pensamiento-y-su-vision-de-la-sociedad-actual\/\",\"name\":\"Di\u00e1logo imaginario con Nietzsche: Explorando su pensamiento y su visi\u00f3n de la sociedad actual -\",\"isPartOf\":{\"@id\":\"https:\/\/filosofiacienciacabala.com\/#website\"},\"datePublished\":\"2023-04-06T22:50:29+00:00\",\"dateModified\":\"2023-04-06T22:50:29+00:00\",\"author\":{\"@id\":\"https:\/\/filosofiacienciacabala.com\/#\/schema\/person\/aa6e7fe0c15474fb8c239be8d535daa0\"},\"breadcrumb\":{\"@id\":\"https:\/\/filosofiacienciacabala.com\/index.php\/2023\/04\/06\/dialogo-imaginario-con-nietzsche-explorando-su-pensamiento-y-su-vision-de-la-sociedad-actual\/#breadcrumb\"},\"inLanguage\":\"es\",\"potentialAction\":[{\"@type\":\"ReadAction\",\"target\":[\"https:\/\/filosofiacienciacabala.com\/index.php\/2023\/04\/06\/dialogo-imaginario-con-nietzsche-explorando-su-pensamiento-y-su-vision-de-la-sociedad-actual\/\"]}]},{\"@type\":\"BreadcrumbList\",\"@id\":\"https:\/\/filosofiacienciacabala.com\/index.php\/2023\/04\/06\/dialogo-imaginario-con-nietzsche-explorando-su-pensamiento-y-su-vision-de-la-sociedad-actual\/#breadcrumb\",\"itemListElement\":[{\"@type\":\"ListItem\",\"position\":1,\"name\":\"Portada\",\"item\":\"https:\/\/filosofiacienciacabala.com\/\"},{\"@type\":\"ListItem\",\"position\":2,\"name\":\"Di\u00e1logo imaginario con Nietzsche: Explorando su pensamiento y su visi\u00f3n de la sociedad actual\"}]},{\"@type\":\"WebSite\",\"@id\":\"https:\/\/filosofiacienciacabala.com\/#website\",\"url\":\"https:\/\/filosofiacienciacabala.com\/\",\"name\":\"\",\"description\":\"\",\"potentialAction\":[{\"@type\":\"SearchAction\",\"target\":{\"@type\":\"EntryPoint\",\"urlTemplate\":\"https:\/\/filosofiacienciacabala.com\/?s={search_term_string}\"},\"query-input\":\"required name=search_term_string\"}],\"inLanguage\":\"es\"},{\"@type\":\"Person\",\"@id\":\"https:\/\/filosofiacienciacabala.com\/#\/schema\/person\/aa6e7fe0c15474fb8c239be8d535daa0\",\"name\":\"edhisoft\",\"image\":{\"@type\":\"ImageObject\",\"inLanguage\":\"es\",\"@id\":\"https:\/\/filosofiacienciacabala.com\/#\/schema\/person\/image\/\",\"url\":\"https:\/\/secure.gravatar.com\/avatar\/5864c5ece8229bc96c6e5b5fdf2594bb?s=96&d=mm&r=g\",\"contentUrl\":\"https:\/\/secure.gravatar.com\/avatar\/5864c5ece8229bc96c6e5b5fdf2594bb?s=96&d=mm&r=g\",\"caption\":\"edhisoft\"},\"sameAs\":[\"https:\/\/filosofiacienciacabala.com\"],\"url\":\"https:\/\/filosofiacienciacabala.com\/index.php\/author\/edhisoft\/\"}]}<\/script>\n<!-- \/ Yoast SEO Premium plugin. -->","yoast_head_json":{"title":"Di\u00e1logo imaginario con Nietzsche: Explorando su pensamiento y su visi\u00f3n de la sociedad actual -","robots":{"index":"index","follow":"follow","max-snippet":"max-snippet:-1","max-image-preview":"max-image-preview:large","max-video-preview":"max-video-preview:-1"},"canonical":"https:\/\/filosofiacienciacabala.com\/index.php\/2023\/04\/06\/dialogo-imaginario-con-nietzsche-explorando-su-pensamiento-y-su-vision-de-la-sociedad-actual\/","og_locale":"es_ES","og_type":"article","og_title":"Di\u00e1logo imaginario con Nietzsche: Explorando su pensamiento y su visi\u00f3n de la sociedad actual","og_description":"El sol brillaba en el jard\u00edn donde me encontraba sentado, absorto en mis pensamientos acerca...","og_url":"https:\/\/filosofiacienciacabala.com\/index.php\/2023\/04\/06\/dialogo-imaginario-con-nietzsche-explorando-su-pensamiento-y-su-vision-de-la-sociedad-actual\/","article_published_time":"2023-04-06T22:50:29+00:00","og_image":[{"width":768,"height":510,"url":"https:\/\/filosofiacienciacabala.com\/wp-content\/uploads\/2023\/04\/008.png","type":"image\/png"}],"author":"edhisoft","twitter_card":"summary_large_image","twitter_misc":{"Escrito por":"edhisoft","Tiempo de lectura":"1 minuto"},"schema":{"@context":"https:\/\/schema.org","@graph":[{"@type":"WebPage","@id":"https:\/\/filosofiacienciacabala.com\/index.php\/2023\/04\/06\/dialogo-imaginario-con-nietzsche-explorando-su-pensamiento-y-su-vision-de-la-sociedad-actual\/","url":"https:\/\/filosofiacienciacabala.com\/index.php\/2023\/04\/06\/dialogo-imaginario-con-nietzsche-explorando-su-pensamiento-y-su-vision-de-la-sociedad-actual\/","name":"Di\u00e1logo imaginario con Nietzsche: Explorando su pensamiento y su visi\u00f3n de la sociedad actual -","isPartOf":{"@id":"https:\/\/filosofiacienciacabala.com\/#website"},"datePublished":"2023-04-06T22:50:29+00:00","dateModified":"2023-04-06T22:50:29+00:00","author":{"@id":"https:\/\/filosofiacienciacabala.com\/#\/schema\/person\/aa6e7fe0c15474fb8c239be8d535daa0"},"breadcrumb":{"@id":"https:\/\/filosofiacienciacabala.com\/index.php\/2023\/04\/06\/dialogo-imaginario-con-nietzsche-explorando-su-pensamiento-y-su-vision-de-la-sociedad-actual\/#breadcrumb"},"inLanguage":"es","potentialAction":[{"@type":"ReadAction","target":["https:\/\/filosofiacienciacabala.com\/index.php\/2023\/04\/06\/dialogo-imaginario-con-nietzsche-explorando-su-pensamiento-y-su-vision-de-la-sociedad-actual\/"]}]},{"@type":"BreadcrumbList","@id":"https:\/\/filosofiacienciacabala.com\/index.php\/2023\/04\/06\/dialogo-imaginario-con-nietzsche-explorando-su-pensamiento-y-su-vision-de-la-sociedad-actual\/#breadcrumb","itemListElement":[{"@type":"ListItem","position":1,"name":"Portada","item":"https:\/\/filosofiacienciacabala.com\/"},{"@type":"ListItem","position":2,"name":"Di\u00e1logo imaginario con Nietzsche: Explorando su pensamiento y su visi\u00f3n de la sociedad actual"}]},{"@type":"WebSite","@id":"https:\/\/filosofiacienciacabala.com\/#website","url":"https:\/\/filosofiacienciacabala.com\/","name":"","description":"","potentialAction":[{"@type":"SearchAction","target":{"@type":"EntryPoint","urlTemplate":"https:\/\/filosofiacienciacabala.com\/?s={search_term_string}"},"query-input":"required name=search_term_string"}],"inLanguage":"es"},{"@type":"Person","@id":"https:\/\/filosofiacienciacabala.com\/#\/schema\/person\/aa6e7fe0c15474fb8c239be8d535daa0","name":"edhisoft","image":{"@type":"ImageObject","inLanguage":"es","@id":"https:\/\/filosofiacienciacabala.com\/#\/schema\/person\/image\/","url":"https:\/\/secure.gravatar.com\/avatar\/5864c5ece8229bc96c6e5b5fdf2594bb?s=96&d=mm&r=g","contentUrl":"https:\/\/secure.gravatar.com\/avatar\/5864c5ece8229bc96c6e5b5fdf2594bb?s=96&d=mm&r=g","caption":"edhisoft"},"sameAs":["https:\/\/filosofiacienciacabala.com"],"url":"https:\/\/filosofiacienciacabala.com\/index.php\/author\/edhisoft\/"}]}},"featured_image_urls":{"full":["https:\/\/filosofiacienciacabala.com\/wp-content\/uploads\/2023\/04\/008.png",768,510,false],"thumbnail":["https:\/\/filosofiacienciacabala.com\/wp-content\/uploads\/2023\/04\/008-150x150.png",150,150,true],"medium":["https:\/\/filosofiacienciacabala.com\/wp-content\/uploads\/2023\/04\/008-300x199.png",300,199,true],"medium_large":["https:\/\/filosofiacienciacabala.com\/wp-content\/uploads\/2023\/04\/008.png",640,425,false],"large":["https:\/\/filosofiacienciacabala.com\/wp-content\/uploads\/2023\/04\/008.png",640,425,false],"1536x1536":["https:\/\/filosofiacienciacabala.com\/wp-content\/uploads\/2023\/04\/008.png",768,510,false],"2048x2048":["https:\/\/filosofiacienciacabala.com\/wp-content\/uploads\/2023\/04\/008.png",768,510,false],"covernews-slider-full":["https:\/\/filosofiacienciacabala.com\/wp-content\/uploads\/2023\/04\/008.png",768,510,false],"covernews-slider-center":["https:\/\/filosofiacienciacabala.com\/wp-content\/uploads\/2023\/04\/008-768x500.png",768,500,true],"covernews-featured":["https:\/\/filosofiacienciacabala.com\/wp-content\/uploads\/2023\/04\/008.png",768,510,false],"covernews-medium":["https:\/\/filosofiacienciacabala.com\/wp-content\/uploads\/2023\/04\/008-540x340.png",540,340,true],"covernews-medium-square":["https:\/\/filosofiacienciacabala.com\/wp-content\/uploads\/2023\/04\/008-400x250.png",400,250,true],"mailpoet_newsletter_max":["https:\/\/filosofiacienciacabala.com\/wp-content\/uploads\/2023\/04\/008.png",768,510,false]},"author_info":{"display_name":"edhisoft","author_link":"https:\/\/filosofiacienciacabala.com\/index.php\/author\/edhisoft\/"},"category_info":"<a href=\"https:\/\/filosofiacienciacabala.com\/index.php\/category\/filosofia\/\" rel=\"category tag\">Filosof\u00eda<\/a> <a href=\"https:\/\/filosofiacienciacabala.com\/index.php\/category\/filosofia\/nietzsche\/\" rel=\"category tag\">Nietzsche<\/a>","tag_info":"Nietzsche","comment_count":"0","jetpack_featured_media_url":"https:\/\/filosofiacienciacabala.com\/wp-content\/uploads\/2023\/04\/008.png","_links":{"self":[{"href":"https:\/\/filosofiacienciacabala.com\/index.php\/wp-json\/wp\/v2\/posts\/417"}],"collection":[{"href":"https:\/\/filosofiacienciacabala.com\/index.php\/wp-json\/wp\/v2\/posts"}],"about":[{"href":"https:\/\/filosofiacienciacabala.com\/index.php\/wp-json\/wp\/v2\/types\/post"}],"author":[{"embeddable":true,"href":"https:\/\/filosofiacienciacabala.com\/index.php\/wp-json\/wp\/v2\/users\/1"}],"replies":[{"embeddable":true,"href":"https:\/\/filosofiacienciacabala.com\/index.php\/wp-json\/wp\/v2\/comments?post=417"}],"version-history":[{"count":0,"href":"https:\/\/filosofiacienciacabala.com\/index.php\/wp-json\/wp\/v2\/posts\/417\/revisions"}],"wp:featuredmedia":[{"embeddable":true,"href":"https:\/\/filosofiacienciacabala.com\/index.php\/wp-json\/wp\/v2\/media\/362"}],"wp:attachment":[{"href":"https:\/\/filosofiacienciacabala.com\/index.php\/wp-json\/wp\/v2\/media?parent=417"}],"wp:term":[{"taxonomy":"category","embeddable":true,"href":"https:\/\/filosofiacienciacabala.com\/index.php\/wp-json\/wp\/v2\/categories?post=417"},{"taxonomy":"post_tag","embeddable":true,"href":"https:\/\/filosofiacienciacabala.com\/index.php\/wp-json\/wp\/v2\/tags?post=417"}],"curies":[{"name":"wp","href":"https:\/\/api.w.org\/{rel}","templated":true}]}}