{"id":353,"date":"2023-04-06T19:45:25","date_gmt":"2023-04-06T19:45:25","guid":{"rendered":"https:\/\/filosofiacienciacabala.com\/?p=353"},"modified":"2023-04-06T20:47:17","modified_gmt":"2023-04-06T20:47:17","slug":"el-ser-humano-segun-nietzsche-libertad-subjetividad-y-busqueda-de-significado","status":"publish","type":"post","link":"https:\/\/filosofiacienciacabala.com\/index.php\/2023\/04\/06\/el-ser-humano-segun-nietzsche-libertad-subjetividad-y-busqueda-de-significado\/","title":{"rendered":"El ser humano seg\u00fan Nietzsche: libertad, subjetividad y b\u00fasqueda de significado"},"content":{"rendered":"\n<h2 class=\"wp-block-heading\"><a>\u00bfQu\u00e9 es el ser humano para Nietzsche?<\/a><\/h2>\n\n\n<div class=\"wp-block-image is-style-default\">\n<figure class=\"aligncenter size-full\"><img decoding=\"async\" loading=\"lazy\" width=\"412\" height=\"274\" src=\"https:\/\/filosofiacienciacabala.com\/wp-content\/uploads\/2023\/04\/020_-1.png\" alt=\"\" class=\"wp-image-375\" srcset=\"https:\/\/filosofiacienciacabala.com\/wp-content\/uploads\/2023\/04\/020_-1.png 412w, https:\/\/filosofiacienciacabala.com\/wp-content\/uploads\/2023\/04\/020_-1-300x200.png 300w\" sizes=\"(max-width: 412px) 100vw, 412px\" \/><\/figure><\/div>\n\n\n<p>Friedrich Nietzsche, uno de los fil\u00f3sofos m\u00e1s influyentes e importantes de la historia, dedic\u00f3 gran parte de su obra a reflexionar sobre la naturaleza humana. En sus escritos, Nietzsche cuestion\u00f3 las ideas preconcebidas sobre lo que significa ser humano y propuso una visi\u00f3n radicalmente diferente y profundamente cr\u00edtica.<\/p>\n\n\n\n<p>Seg\u00fan Nietzsche, el ser humano es una criatura compleja y contradictoria, dotada de una gran capacidad para la creatividad, la innovaci\u00f3n y la auto-superaci\u00f3n. Sin embargo, tambi\u00e9n es vulnerable, insegura y propensa al error y al sufrimiento. Para Nietzsche, la esencia de la naturaleza humana no es fija ni inmutable, sino que est\u00e1 en constante cambio y evoluci\u00f3n.<\/p>\n\n\n\n<p>El fil\u00f3sofo alem\u00e1n argument\u00f3 que el ser humano no tiene una esencia o un prop\u00f3sito predefinido, sino que es libre de crear su propio destino y de darle sentido a su vida. Esta libertad es tanto una bendici\u00f3n como una maldici\u00f3n, ya que el ser humano debe asumir la responsabilidad total por sus acciones y decisiones.<\/p>\n\n\n\n<p>Nietzsche tambi\u00e9n cuestion\u00f3 la idea de que el ser humano es racional y objetivo. En su lugar, propuso que el ser humano est\u00e1 motivado por instintos, emociones y deseos inconscientes que influyen en su pensamiento y comportamiento de maneras profundas e impredecibles. Seg\u00fan Nietzsche, la raz\u00f3n y la objetividad son solo herramientas limitadas para entender la realidad, y es necesario integrar la subjetividad y la pasi\u00f3n para obtener una comprensi\u00f3n m\u00e1s completa y profunda de la vida.<\/p>\n\n\n\n<p>Finalmente, para Nietzsche, el ser humano es un ser en constante b\u00fasqueda de significado y trascendencia. La b\u00fasqueda de la verdad, la belleza y el valor son las fuerzas que impulsan al ser humano a seguir adelante en la vida, a pesar de las dificultades y los obst\u00e1culos. La meta \u00faltima de esta b\u00fasqueda es el \u00dcbermensch, un ser humano superior que ha trascendido las limitaciones y los prejuicios de la sociedad y ha creado sus propios valores y significados.<\/p>\n","protected":false},"excerpt":{"rendered":"<p>\u00bfQu\u00e9 es el ser humano para Nietzsche? Friedrich Nietzsche, uno de los fil\u00f3sofos m\u00e1s influyentes&#8230;<\/p>\n","protected":false},"author":1,"featured_media":0,"comment_status":"open","ping_status":"open","sticky":false,"template":"","format":"standard","meta":{"jetpack_publicize_message":"","jetpack_is_tweetstorm":false,"jetpack_publicize_feature_enabled":true,"jetpack_social_post_already_shared":false,"jetpack_social_options":{"image_generator_settings":{"template":"highway","enabled":false}}},"categories":[3,12],"tags":[],"jetpack_publicize_connections":[],"yoast_head":"<!-- This site is optimized with the Yoast SEO Premium plugin v20.5 (Yoast SEO v20.5) - https:\/\/yoast.com\/wordpress\/plugins\/seo\/ -->\n<title>El ser humano seg\u00fan Nietzsche: libertad, subjetividad y b\u00fasqueda de significado -<\/title>\n<meta name=\"robots\" content=\"index, follow, max-snippet:-1, max-image-preview:large, max-video-preview:-1\" \/>\n<link rel=\"canonical\" href=\"https:\/\/filosofiacienciacabala.com\/index.php\/2023\/04\/06\/el-ser-humano-segun-nietzsche-libertad-subjetividad-y-busqueda-de-significado\/\" \/>\n<meta property=\"og:locale\" content=\"es_ES\" \/>\n<meta property=\"og:type\" content=\"article\" \/>\n<meta property=\"og:title\" content=\"El ser humano seg\u00fan Nietzsche: libertad, subjetividad y b\u00fasqueda de significado\" \/>\n<meta property=\"og:description\" content=\"\u00bfQu\u00e9 es el ser humano para Nietzsche? Friedrich Nietzsche, uno de los fil\u00f3sofos m\u00e1s influyentes...\" \/>\n<meta property=\"og:url\" content=\"https:\/\/filosofiacienciacabala.com\/index.php\/2023\/04\/06\/el-ser-humano-segun-nietzsche-libertad-subjetividad-y-busqueda-de-significado\/\" \/>\n<meta property=\"article:published_time\" content=\"2023-04-06T19:45:25+00:00\" \/>\n<meta property=\"article:modified_time\" content=\"2023-04-06T20:47:17+00:00\" \/>\n<meta property=\"og:image\" content=\"https:\/\/filosofiacienciacabala.com\/wp-content\/uploads\/2023\/04\/020_-1.png\" \/>\n<meta name=\"author\" content=\"edhisoft\" \/>\n<meta name=\"twitter:card\" content=\"summary_large_image\" \/>\n<meta name=\"twitter:label1\" content=\"Escrito por\" \/>\n\t<meta name=\"twitter:data1\" content=\"edhisoft\" \/>\n\t<meta name=\"twitter:label2\" content=\"Tiempo de lectura\" \/>\n\t<meta name=\"twitter:data2\" content=\"2 minutos\" \/>\n<script type=\"application\/ld+json\" class=\"yoast-schema-graph\">{\"@context\":\"https:\/\/schema.org\",\"@graph\":[{\"@type\":\"WebPage\",\"@id\":\"https:\/\/filosofiacienciacabala.com\/index.php\/2023\/04\/06\/el-ser-humano-segun-nietzsche-libertad-subjetividad-y-busqueda-de-significado\/\",\"url\":\"https:\/\/filosofiacienciacabala.com\/index.php\/2023\/04\/06\/el-ser-humano-segun-nietzsche-libertad-subjetividad-y-busqueda-de-significado\/\",\"name\":\"El ser humano seg\u00fan Nietzsche: libertad, subjetividad y b\u00fasqueda de significado -\",\"isPartOf\":{\"@id\":\"https:\/\/filosofiacienciacabala.com\/#website\"},\"datePublished\":\"2023-04-06T19:45:25+00:00\",\"dateModified\":\"2023-04-06T20:47:17+00:00\",\"author\":{\"@id\":\"https:\/\/filosofiacienciacabala.com\/#\/schema\/person\/aa6e7fe0c15474fb8c239be8d535daa0\"},\"breadcrumb\":{\"@id\":\"https:\/\/filosofiacienciacabala.com\/index.php\/2023\/04\/06\/el-ser-humano-segun-nietzsche-libertad-subjetividad-y-busqueda-de-significado\/#breadcrumb\"},\"inLanguage\":\"es\",\"potentialAction\":[{\"@type\":\"ReadAction\",\"target\":[\"https:\/\/filosofiacienciacabala.com\/index.php\/2023\/04\/06\/el-ser-humano-segun-nietzsche-libertad-subjetividad-y-busqueda-de-significado\/\"]}]},{\"@type\":\"BreadcrumbList\",\"@id\":\"https:\/\/filosofiacienciacabala.com\/index.php\/2023\/04\/06\/el-ser-humano-segun-nietzsche-libertad-subjetividad-y-busqueda-de-significado\/#breadcrumb\",\"itemListElement\":[{\"@type\":\"ListItem\",\"position\":1,\"name\":\"Portada\",\"item\":\"https:\/\/filosofiacienciacabala.com\/\"},{\"@type\":\"ListItem\",\"position\":2,\"name\":\"El ser humano seg\u00fan Nietzsche: libertad, subjetividad y b\u00fasqueda de significado\"}]},{\"@type\":\"WebSite\",\"@id\":\"https:\/\/filosofiacienciacabala.com\/#website\",\"url\":\"https:\/\/filosofiacienciacabala.com\/\",\"name\":\"\",\"description\":\"\",\"potentialAction\":[{\"@type\":\"SearchAction\",\"target\":{\"@type\":\"EntryPoint\",\"urlTemplate\":\"https:\/\/filosofiacienciacabala.com\/?s={search_term_string}\"},\"query-input\":\"required name=search_term_string\"}],\"inLanguage\":\"es\"},{\"@type\":\"Person\",\"@id\":\"https:\/\/filosofiacienciacabala.com\/#\/schema\/person\/aa6e7fe0c15474fb8c239be8d535daa0\",\"name\":\"edhisoft\",\"image\":{\"@type\":\"ImageObject\",\"inLanguage\":\"es\",\"@id\":\"https:\/\/filosofiacienciacabala.com\/#\/schema\/person\/image\/\",\"url\":\"https:\/\/secure.gravatar.com\/avatar\/5864c5ece8229bc96c6e5b5fdf2594bb?s=96&d=mm&r=g\",\"contentUrl\":\"https:\/\/secure.gravatar.com\/avatar\/5864c5ece8229bc96c6e5b5fdf2594bb?s=96&d=mm&r=g\",\"caption\":\"edhisoft\"},\"sameAs\":[\"https:\/\/filosofiacienciacabala.com\"],\"url\":\"https:\/\/filosofiacienciacabala.com\/index.php\/author\/edhisoft\/\"}]}<\/script>\n<!-- \/ Yoast SEO Premium plugin. -->","yoast_head_json":{"title":"El ser humano seg\u00fan Nietzsche: libertad, subjetividad y b\u00fasqueda de significado -","robots":{"index":"index","follow":"follow","max-snippet":"max-snippet:-1","max-image-preview":"max-image-preview:large","max-video-preview":"max-video-preview:-1"},"canonical":"https:\/\/filosofiacienciacabala.com\/index.php\/2023\/04\/06\/el-ser-humano-segun-nietzsche-libertad-subjetividad-y-busqueda-de-significado\/","og_locale":"es_ES","og_type":"article","og_title":"El ser humano seg\u00fan Nietzsche: libertad, subjetividad y b\u00fasqueda de significado","og_description":"\u00bfQu\u00e9 es el ser humano para Nietzsche? Friedrich Nietzsche, uno de los fil\u00f3sofos m\u00e1s influyentes...","og_url":"https:\/\/filosofiacienciacabala.com\/index.php\/2023\/04\/06\/el-ser-humano-segun-nietzsche-libertad-subjetividad-y-busqueda-de-significado\/","article_published_time":"2023-04-06T19:45:25+00:00","article_modified_time":"2023-04-06T20:47:17+00:00","og_image":[{"url":"https:\/\/filosofiacienciacabala.com\/wp-content\/uploads\/2023\/04\/020_-1.png"}],"author":"edhisoft","twitter_card":"summary_large_image","twitter_misc":{"Escrito por":"edhisoft","Tiempo de lectura":"2 minutos"},"schema":{"@context":"https:\/\/schema.org","@graph":[{"@type":"WebPage","@id":"https:\/\/filosofiacienciacabala.com\/index.php\/2023\/04\/06\/el-ser-humano-segun-nietzsche-libertad-subjetividad-y-busqueda-de-significado\/","url":"https:\/\/filosofiacienciacabala.com\/index.php\/2023\/04\/06\/el-ser-humano-segun-nietzsche-libertad-subjetividad-y-busqueda-de-significado\/","name":"El ser humano seg\u00fan Nietzsche: libertad, subjetividad y b\u00fasqueda de significado -","isPartOf":{"@id":"https:\/\/filosofiacienciacabala.com\/#website"},"datePublished":"2023-04-06T19:45:25+00:00","dateModified":"2023-04-06T20:47:17+00:00","author":{"@id":"https:\/\/filosofiacienciacabala.com\/#\/schema\/person\/aa6e7fe0c15474fb8c239be8d535daa0"},"breadcrumb":{"@id":"https:\/\/filosofiacienciacabala.com\/index.php\/2023\/04\/06\/el-ser-humano-segun-nietzsche-libertad-subjetividad-y-busqueda-de-significado\/#breadcrumb"},"inLanguage":"es","potentialAction":[{"@type":"ReadAction","target":["https:\/\/filosofiacienciacabala.com\/index.php\/2023\/04\/06\/el-ser-humano-segun-nietzsche-libertad-subjetividad-y-busqueda-de-significado\/"]}]},{"@type":"BreadcrumbList","@id":"https:\/\/filosofiacienciacabala.com\/index.php\/2023\/04\/06\/el-ser-humano-segun-nietzsche-libertad-subjetividad-y-busqueda-de-significado\/#breadcrumb","itemListElement":[{"@type":"ListItem","position":1,"name":"Portada","item":"https:\/\/filosofiacienciacabala.com\/"},{"@type":"ListItem","position":2,"name":"El ser humano seg\u00fan Nietzsche: libertad, subjetividad y b\u00fasqueda de significado"}]},{"@type":"WebSite","@id":"https:\/\/filosofiacienciacabala.com\/#website","url":"https:\/\/filosofiacienciacabala.com\/","name":"","description":"","potentialAction":[{"@type":"SearchAction","target":{"@type":"EntryPoint","urlTemplate":"https:\/\/filosofiacienciacabala.com\/?s={search_term_string}"},"query-input":"required name=search_term_string"}],"inLanguage":"es"},{"@type":"Person","@id":"https:\/\/filosofiacienciacabala.com\/#\/schema\/person\/aa6e7fe0c15474fb8c239be8d535daa0","name":"edhisoft","image":{"@type":"ImageObject","inLanguage":"es","@id":"https:\/\/filosofiacienciacabala.com\/#\/schema\/person\/image\/","url":"https:\/\/secure.gravatar.com\/avatar\/5864c5ece8229bc96c6e5b5fdf2594bb?s=96&d=mm&r=g","contentUrl":"https:\/\/secure.gravatar.com\/avatar\/5864c5ece8229bc96c6e5b5fdf2594bb?s=96&d=mm&r=g","caption":"edhisoft"},"sameAs":["https:\/\/filosofiacienciacabala.com"],"url":"https:\/\/filosofiacienciacabala.com\/index.php\/author\/edhisoft\/"}]}},"featured_image_urls":{"full":"","thumbnail":"","medium":"","medium_large":"","large":"","1536x1536":"","2048x2048":"","covernews-slider-full":"","covernews-slider-center":"","covernews-featured":"","covernews-medium":"","covernews-medium-square":"","mailpoet_newsletter_max":""},"author_info":{"display_name":"edhisoft","author_link":"https:\/\/filosofiacienciacabala.com\/index.php\/author\/edhisoft\/"},"category_info":"<a href=\"https:\/\/filosofiacienciacabala.com\/index.php\/category\/filosofia\/\" rel=\"category tag\">Filosof\u00eda<\/a> <a href=\"https:\/\/filosofiacienciacabala.com\/index.php\/category\/filosofia\/nietzsche\/\" rel=\"category tag\">Nietzsche<\/a>","tag_info":"Nietzsche","comment_count":"0","jetpack_featured_media_url":"","_links":{"self":[{"href":"https:\/\/filosofiacienciacabala.com\/index.php\/wp-json\/wp\/v2\/posts\/353"}],"collection":[{"href":"https:\/\/filosofiacienciacabala.com\/index.php\/wp-json\/wp\/v2\/posts"}],"about":[{"href":"https:\/\/filosofiacienciacabala.com\/index.php\/wp-json\/wp\/v2\/types\/post"}],"author":[{"embeddable":true,"href":"https:\/\/filosofiacienciacabala.com\/index.php\/wp-json\/wp\/v2\/users\/1"}],"replies":[{"embeddable":true,"href":"https:\/\/filosofiacienciacabala.com\/index.php\/wp-json\/wp\/v2\/comments?post=353"}],"version-history":[{"count":2,"href":"https:\/\/filosofiacienciacabala.com\/index.php\/wp-json\/wp\/v2\/posts\/353\/revisions"}],"predecessor-version":[{"id":376,"href":"https:\/\/filosofiacienciacabala.com\/index.php\/wp-json\/wp\/v2\/posts\/353\/revisions\/376"}],"wp:attachment":[{"href":"https:\/\/filosofiacienciacabala.com\/index.php\/wp-json\/wp\/v2\/media?parent=353"}],"wp:term":[{"taxonomy":"category","embeddable":true,"href":"https:\/\/filosofiacienciacabala.com\/index.php\/wp-json\/wp\/v2\/categories?post=353"},{"taxonomy":"post_tag","embeddable":true,"href":"https:\/\/filosofiacienciacabala.com\/index.php\/wp-json\/wp\/v2\/tags?post=353"}],"curies":[{"name":"wp","href":"https:\/\/api.w.org\/{rel}","templated":true}]}}