{"id":291,"date":"2023-03-15T20:37:56","date_gmt":"2023-03-15T20:37:56","guid":{"rendered":"https:\/\/filosofiacienciacabala.com\/?p=291"},"modified":"2023-03-15T20:37:56","modified_gmt":"2023-03-15T20:37:56","slug":"el-legado-de-albert-einstein-desde-la-teoria-de-la-relatividad-hasta-la-lucha-por-la-paz-mundial","status":"publish","type":"post","link":"https:\/\/filosofiacienciacabala.com\/index.php\/2023\/03\/15\/el-legado-de-albert-einstein-desde-la-teoria-de-la-relatividad-hasta-la-lucha-por-la-paz-mundial\/","title":{"rendered":"El legado de Albert Einstein: Desde la teor\u00eda de la relatividad hasta la lucha por la paz mundial"},"content":{"rendered":"\n<p>Albert Einstein (14 de marzo de 1879 &#8211; 18 de abril de 1955) fue un f\u00edsico te\u00f3rico alem\u00e1n que desarroll\u00f3 la teor\u00eda de la relatividad, uno de los pilares de la f\u00edsica moderna. Naci\u00f3 en Ulm, Alemania, en una familia jud\u00eda de clase media, y fue educado en una escuela cat\u00f3lica y en una escuela secundaria suiza.<\/p>\n\n\n\n<p>Despu\u00e9s de graduarse de la escuela secundaria, Einstein intent\u00f3 ingresar a la Escuela Polit\u00e9cnica de Z\u00farich, pero no tuvo \u00e9xito en la primera ocasi\u00f3n. Finalmente, ingres\u00f3 a la escuela en 1896 y se gradu\u00f3 en 1900 con un t\u00edtulo en matem\u00e1ticas y f\u00edsica.<\/p>\n\n\n\n<p>Despu\u00e9s de graduarse, Einstein luch\u00f3 para encontrar trabajo como profesor universitario. Trabaj\u00f3 en varios trabajos diferentes, incluyendo en una oficina de patentes en Berna, Suiza, donde desarroll\u00f3 su teor\u00eda de la relatividad especial en 1905.<\/p>\n\n\n\n<p>En 1915, Einstein public\u00f3 su teor\u00eda de la relatividad general, que explicaba la gravedad como una curvatura del espacio-tiempo. Esta teor\u00eda tuvo un gran impacto en la f\u00edsica y la cosmolog\u00eda y llev\u00f3 a Einstein a ser considerado uno de los cient\u00edficos m\u00e1s influyentes de la historia.<\/p>\n\n\n\n<p>En 1921, Einstein fue galardonado con el Premio Nobel de F\u00edsica por su descubrimiento del efecto fotoel\u00e9ctrico. Durante la d\u00e9cada de 1930, Einstein se convirti\u00f3 en un activista pol\u00edtico y defensor de la paz, y abog\u00f3 por el pacifismo y el desarme nuclear.<\/p>\n\n\n\n<p>En 1933, cuando Adolf Hitler y el Partido Nazi llegaron al poder en Alemania, Einstein emigr\u00f3 a Estados Unidos, donde se convirti\u00f3 en profesor de f\u00edsica en la Universidad de Princeton. Continu\u00f3 trabajando en f\u00edsica y public\u00f3 varios libros, incluyendo \u00abMi visi\u00f3n del mundo\u00bb y \u00ab\u00bfPor qu\u00e9 la guerra?\u00bb.<\/p>\n\n\n\n<p>Einstein muri\u00f3 en Princeton, Nueva Jersey, el 18 de abril de 1955, a la edad de 76 a\u00f1os. Su legado en la f\u00edsica y la ciencia en general es inmenso, y su nombre se ha convertido en sin\u00f3nimo de genio y creatividad en todo el mundo.<\/p>\n\n\n\n<p>Tambi\u00e9n te puede interesar: <a href=\"https:\/\/filosofiacienciacabala.com\/wp-content\/uploads\/2023\/02\/50-Frases-de-albert-einstein.pdf\">Descargar Libro de 50 frases de Albert Einstein, totalmente gratis.<\/a><\/p>\n\n\n\n<p>Adem\u00e1s de sus contribuciones a la f\u00edsica te\u00f3rica, Einstein tambi\u00e9n fue un defensor de los derechos civiles y la igualdad. Luch\u00f3 por la abolici\u00f3n de la discriminaci\u00f3n racial y fue miembro activo de la Liga de Derechos Civiles de Nueva York.<\/p>\n\n\n\n<p>Durante la Segunda Guerra Mundial, Einstein trabaj\u00f3 en el Proyecto Manhattan, que desarroll\u00f3 la primera bomba at\u00f3mica. Sin embargo, una vez que se dio cuenta del potencial destructivo de la bomba, se convirti\u00f3 en un ardiente defensor del desarme nuclear y trabaj\u00f3 incansablemente para promover la paz mundial.<\/p>\n\n\n\n<p>Einstein tambi\u00e9n fue conocido por su carisma y su personalidad extravagante. Era un violinista \u00e1vido y un amante de la m\u00fasica, y sol\u00eda tocar el viol\u00edn para relajarse despu\u00e9s de largas sesiones de trabajo en la f\u00edsica te\u00f3rica.<\/p>\n\n\n\n<p>En resumen, Albert Einstein fue uno de los cient\u00edficos m\u00e1s influyentes e importantes de la historia, cuyas contribuciones a la f\u00edsica te\u00f3rica cambiaron nuestra comprensi\u00f3n del universo. Adem\u00e1s de su genio cient\u00edfico, Einstein tambi\u00e9n fue un defensor apasionado de los derechos civiles, la igualdad y la paz mundial. Su legado sigue inspirando a las generaciones futuras y su nombre es sin\u00f3nimo de inteligencia y creatividad en todo el mundo.<\/p>\n\n\n\n<p>ambi\u00e9n te puede interesar: <a href=\"https:\/\/filosofiacienciacabala.com\/index.php\/2023\/03\/15\/10-cosas-que-quizas-no-sabias-sobre-albert-einstein\/\">10 cosas que quiz\u00e1s no sab\u00edas sobre Albert Einstein<\/a><\/p>\n","protected":false},"excerpt":{"rendered":"<p>Albert Einstein (14 de marzo de 1879 &#8211; 18 de abril de 1955) fue un&#8230;<\/p>\n","protected":false},"author":1,"featured_media":292,"comment_status":"open","ping_status":"open","sticky":false,"template":"","format":"standard","meta":{"jetpack_publicize_message":"","jetpack_is_tweetstorm":false,"jetpack_publicize_feature_enabled":true,"jetpack_social_post_already_shared":false,"jetpack_social_options":{"image_generator_settings":{"template":"highway","enabled":false}}},"categories":[4],"tags":[],"jetpack_publicize_connections":[],"yoast_head":"<!-- This site is optimized with the Yoast SEO Premium plugin v20.5 (Yoast SEO v20.5) - https:\/\/yoast.com\/wordpress\/plugins\/seo\/ -->\n<title>El legado de Albert Einstein: Desde la teor\u00eda de la relatividad hasta la lucha por la paz mundial -<\/title>\n<meta name=\"robots\" content=\"index, follow, max-snippet:-1, max-image-preview:large, max-video-preview:-1\" \/>\n<link rel=\"canonical\" href=\"https:\/\/filosofiacienciacabala.com\/index.php\/2023\/03\/15\/el-legado-de-albert-einstein-desde-la-teoria-de-la-relatividad-hasta-la-lucha-por-la-paz-mundial\/\" \/>\n<meta property=\"og:locale\" content=\"es_ES\" \/>\n<meta property=\"og:type\" content=\"article\" \/>\n<meta property=\"og:title\" content=\"El legado de Albert Einstein: Desde la teor\u00eda de la relatividad hasta la lucha por la paz mundial\" \/>\n<meta property=\"og:description\" content=\"Albert Einstein (14 de marzo de 1879 &#8211; 18 de abril de 1955) fue un...\" \/>\n<meta property=\"og:url\" content=\"https:\/\/filosofiacienciacabala.com\/index.php\/2023\/03\/15\/el-legado-de-albert-einstein-desde-la-teoria-de-la-relatividad-hasta-la-lucha-por-la-paz-mundial\/\" \/>\n<meta property=\"article:published_time\" content=\"2023-03-15T20:37:56+00:00\" \/>\n<meta property=\"og:image\" content=\"https:\/\/filosofiacienciacabala.com\/wp-content\/uploads\/2023\/03\/El-legado-de-Albert-Einstein.jpg\" \/>\n\t<meta property=\"og:image:width\" content=\"768\" \/>\n\t<meta property=\"og:image:height\" content=\"510\" \/>\n\t<meta property=\"og:image:type\" content=\"image\/jpeg\" \/>\n<meta name=\"author\" content=\"edhisoft\" \/>\n<meta name=\"twitter:card\" content=\"summary_large_image\" \/>\n<meta name=\"twitter:label1\" content=\"Escrito por\" \/>\n\t<meta name=\"twitter:data1\" content=\"edhisoft\" \/>\n\t<meta name=\"twitter:label2\" content=\"Tiempo de lectura\" \/>\n\t<meta name=\"twitter:data2\" content=\"3 minutos\" \/>\n<script type=\"application\/ld+json\" class=\"yoast-schema-graph\">{\"@context\":\"https:\/\/schema.org\",\"@graph\":[{\"@type\":\"WebPage\",\"@id\":\"https:\/\/filosofiacienciacabala.com\/index.php\/2023\/03\/15\/el-legado-de-albert-einstein-desde-la-teoria-de-la-relatividad-hasta-la-lucha-por-la-paz-mundial\/\",\"url\":\"https:\/\/filosofiacienciacabala.com\/index.php\/2023\/03\/15\/el-legado-de-albert-einstein-desde-la-teoria-de-la-relatividad-hasta-la-lucha-por-la-paz-mundial\/\",\"name\":\"El legado de Albert Einstein: Desde la teor\u00eda de la relatividad hasta la lucha por la paz mundial -\",\"isPartOf\":{\"@id\":\"https:\/\/filosofiacienciacabala.com\/#website\"},\"datePublished\":\"2023-03-15T20:37:56+00:00\",\"dateModified\":\"2023-03-15T20:37:56+00:00\",\"author\":{\"@id\":\"https:\/\/filosofiacienciacabala.com\/#\/schema\/person\/aa6e7fe0c15474fb8c239be8d535daa0\"},\"breadcrumb\":{\"@id\":\"https:\/\/filosofiacienciacabala.com\/index.php\/2023\/03\/15\/el-legado-de-albert-einstein-desde-la-teoria-de-la-relatividad-hasta-la-lucha-por-la-paz-mundial\/#breadcrumb\"},\"inLanguage\":\"es\",\"potentialAction\":[{\"@type\":\"ReadAction\",\"target\":[\"https:\/\/filosofiacienciacabala.com\/index.php\/2023\/03\/15\/el-legado-de-albert-einstein-desde-la-teoria-de-la-relatividad-hasta-la-lucha-por-la-paz-mundial\/\"]}]},{\"@type\":\"BreadcrumbList\",\"@id\":\"https:\/\/filosofiacienciacabala.com\/index.php\/2023\/03\/15\/el-legado-de-albert-einstein-desde-la-teoria-de-la-relatividad-hasta-la-lucha-por-la-paz-mundial\/#breadcrumb\",\"itemListElement\":[{\"@type\":\"ListItem\",\"position\":1,\"name\":\"Portada\",\"item\":\"https:\/\/filosofiacienciacabala.com\/\"},{\"@type\":\"ListItem\",\"position\":2,\"name\":\"El legado de Albert Einstein: Desde la teor\u00eda de la relatividad hasta la lucha por la paz mundial\"}]},{\"@type\":\"WebSite\",\"@id\":\"https:\/\/filosofiacienciacabala.com\/#website\",\"url\":\"https:\/\/filosofiacienciacabala.com\/\",\"name\":\"\",\"description\":\"\",\"potentialAction\":[{\"@type\":\"SearchAction\",\"target\":{\"@type\":\"EntryPoint\",\"urlTemplate\":\"https:\/\/filosofiacienciacabala.com\/?s={search_term_string}\"},\"query-input\":\"required name=search_term_string\"}],\"inLanguage\":\"es\"},{\"@type\":\"Person\",\"@id\":\"https:\/\/filosofiacienciacabala.com\/#\/schema\/person\/aa6e7fe0c15474fb8c239be8d535daa0\",\"name\":\"edhisoft\",\"image\":{\"@type\":\"ImageObject\",\"inLanguage\":\"es\",\"@id\":\"https:\/\/filosofiacienciacabala.com\/#\/schema\/person\/image\/\",\"url\":\"https:\/\/secure.gravatar.com\/avatar\/5864c5ece8229bc96c6e5b5fdf2594bb?s=96&d=mm&r=g\",\"contentUrl\":\"https:\/\/secure.gravatar.com\/avatar\/5864c5ece8229bc96c6e5b5fdf2594bb?s=96&d=mm&r=g\",\"caption\":\"edhisoft\"},\"sameAs\":[\"https:\/\/filosofiacienciacabala.com\"],\"url\":\"https:\/\/filosofiacienciacabala.com\/index.php\/author\/edhisoft\/\"}]}<\/script>\n<!-- \/ Yoast SEO Premium plugin. -->","yoast_head_json":{"title":"El legado de Albert Einstein: Desde la teor\u00eda de la relatividad hasta la lucha por la paz mundial -","robots":{"index":"index","follow":"follow","max-snippet":"max-snippet:-1","max-image-preview":"max-image-preview:large","max-video-preview":"max-video-preview:-1"},"canonical":"https:\/\/filosofiacienciacabala.com\/index.php\/2023\/03\/15\/el-legado-de-albert-einstein-desde-la-teoria-de-la-relatividad-hasta-la-lucha-por-la-paz-mundial\/","og_locale":"es_ES","og_type":"article","og_title":"El legado de Albert Einstein: Desde la teor\u00eda de la relatividad hasta la lucha por la paz mundial","og_description":"Albert Einstein (14 de marzo de 1879 &#8211; 18 de abril de 1955) fue un...","og_url":"https:\/\/filosofiacienciacabala.com\/index.php\/2023\/03\/15\/el-legado-de-albert-einstein-desde-la-teoria-de-la-relatividad-hasta-la-lucha-por-la-paz-mundial\/","article_published_time":"2023-03-15T20:37:56+00:00","og_image":[{"width":768,"height":510,"url":"https:\/\/filosofiacienciacabala.com\/wp-content\/uploads\/2023\/03\/El-legado-de-Albert-Einstein.jpg","type":"image\/jpeg"}],"author":"edhisoft","twitter_card":"summary_large_image","twitter_misc":{"Escrito por":"edhisoft","Tiempo de lectura":"3 minutos"},"schema":{"@context":"https:\/\/schema.org","@graph":[{"@type":"WebPage","@id":"https:\/\/filosofiacienciacabala.com\/index.php\/2023\/03\/15\/el-legado-de-albert-einstein-desde-la-teoria-de-la-relatividad-hasta-la-lucha-por-la-paz-mundial\/","url":"https:\/\/filosofiacienciacabala.com\/index.php\/2023\/03\/15\/el-legado-de-albert-einstein-desde-la-teoria-de-la-relatividad-hasta-la-lucha-por-la-paz-mundial\/","name":"El legado de Albert Einstein: Desde la teor\u00eda de la relatividad hasta la lucha por la paz mundial -","isPartOf":{"@id":"https:\/\/filosofiacienciacabala.com\/#website"},"datePublished":"2023-03-15T20:37:56+00:00","dateModified":"2023-03-15T20:37:56+00:00","author":{"@id":"https:\/\/filosofiacienciacabala.com\/#\/schema\/person\/aa6e7fe0c15474fb8c239be8d535daa0"},"breadcrumb":{"@id":"https:\/\/filosofiacienciacabala.com\/index.php\/2023\/03\/15\/el-legado-de-albert-einstein-desde-la-teoria-de-la-relatividad-hasta-la-lucha-por-la-paz-mundial\/#breadcrumb"},"inLanguage":"es","potentialAction":[{"@type":"ReadAction","target":["https:\/\/filosofiacienciacabala.com\/index.php\/2023\/03\/15\/el-legado-de-albert-einstein-desde-la-teoria-de-la-relatividad-hasta-la-lucha-por-la-paz-mundial\/"]}]},{"@type":"BreadcrumbList","@id":"https:\/\/filosofiacienciacabala.com\/index.php\/2023\/03\/15\/el-legado-de-albert-einstein-desde-la-teoria-de-la-relatividad-hasta-la-lucha-por-la-paz-mundial\/#breadcrumb","itemListElement":[{"@type":"ListItem","position":1,"name":"Portada","item":"https:\/\/filosofiacienciacabala.com\/"},{"@type":"ListItem","position":2,"name":"El legado de Albert Einstein: Desde la teor\u00eda de la relatividad hasta la lucha por la paz mundial"}]},{"@type":"WebSite","@id":"https:\/\/filosofiacienciacabala.com\/#website","url":"https:\/\/filosofiacienciacabala.com\/","name":"","description":"","potentialAction":[{"@type":"SearchAction","target":{"@type":"EntryPoint","urlTemplate":"https:\/\/filosofiacienciacabala.com\/?s={search_term_string}"},"query-input":"required name=search_term_string"}],"inLanguage":"es"},{"@type":"Person","@id":"https:\/\/filosofiacienciacabala.com\/#\/schema\/person\/aa6e7fe0c15474fb8c239be8d535daa0","name":"edhisoft","image":{"@type":"ImageObject","inLanguage":"es","@id":"https:\/\/filosofiacienciacabala.com\/#\/schema\/person\/image\/","url":"https:\/\/secure.gravatar.com\/avatar\/5864c5ece8229bc96c6e5b5fdf2594bb?s=96&d=mm&r=g","contentUrl":"https:\/\/secure.gravatar.com\/avatar\/5864c5ece8229bc96c6e5b5fdf2594bb?s=96&d=mm&r=g","caption":"edhisoft"},"sameAs":["https:\/\/filosofiacienciacabala.com"],"url":"https:\/\/filosofiacienciacabala.com\/index.php\/author\/edhisoft\/"}]}},"featured_image_urls":{"full":["https:\/\/filosofiacienciacabala.com\/wp-content\/uploads\/2023\/03\/El-legado-de-Albert-Einstein.jpg",768,510,false],"thumbnail":["https:\/\/filosofiacienciacabala.com\/wp-content\/uploads\/2023\/03\/El-legado-de-Albert-Einstein-150x150.jpg",150,150,true],"medium":["https:\/\/filosofiacienciacabala.com\/wp-content\/uploads\/2023\/03\/El-legado-de-Albert-Einstein-300x199.jpg",300,199,true],"medium_large":["https:\/\/filosofiacienciacabala.com\/wp-content\/uploads\/2023\/03\/El-legado-de-Albert-Einstein.jpg",640,425,false],"large":["https:\/\/filosofiacienciacabala.com\/wp-content\/uploads\/2023\/03\/El-legado-de-Albert-Einstein.jpg",640,425,false],"1536x1536":["https:\/\/filosofiacienciacabala.com\/wp-content\/uploads\/2023\/03\/El-legado-de-Albert-Einstein.jpg",768,510,false],"2048x2048":["https:\/\/filosofiacienciacabala.com\/wp-content\/uploads\/2023\/03\/El-legado-de-Albert-Einstein.jpg",768,510,false],"covernews-slider-full":["https:\/\/filosofiacienciacabala.com\/wp-content\/uploads\/2023\/03\/El-legado-de-Albert-Einstein.jpg",768,510,false],"covernews-slider-center":["https:\/\/filosofiacienciacabala.com\/wp-content\/uploads\/2023\/03\/El-legado-de-Albert-Einstein-768x500.jpg",768,500,true],"covernews-featured":["https:\/\/filosofiacienciacabala.com\/wp-content\/uploads\/2023\/03\/El-legado-de-Albert-Einstein.jpg",768,510,false],"covernews-medium":["https:\/\/filosofiacienciacabala.com\/wp-content\/uploads\/2023\/03\/El-legado-de-Albert-Einstein-540x340.jpg",540,340,true],"covernews-medium-square":["https:\/\/filosofiacienciacabala.com\/wp-content\/uploads\/2023\/03\/El-legado-de-Albert-Einstein-400x250.jpg",400,250,true],"mailpoet_newsletter_max":["https:\/\/filosofiacienciacabala.com\/wp-content\/uploads\/2023\/03\/El-legado-de-Albert-Einstein.jpg",768,510,false]},"author_info":{"display_name":"edhisoft","author_link":"https:\/\/filosofiacienciacabala.com\/index.php\/author\/edhisoft\/"},"category_info":"<a href=\"https:\/\/filosofiacienciacabala.com\/index.php\/category\/ciencia\/\" rel=\"category tag\">Ciencia<\/a>","tag_info":"Ciencia","comment_count":"0","jetpack_featured_media_url":"https:\/\/filosofiacienciacabala.com\/wp-content\/uploads\/2023\/03\/El-legado-de-Albert-Einstein.jpg","_links":{"self":[{"href":"https:\/\/filosofiacienciacabala.com\/index.php\/wp-json\/wp\/v2\/posts\/291"}],"collection":[{"href":"https:\/\/filosofiacienciacabala.com\/index.php\/wp-json\/wp\/v2\/posts"}],"about":[{"href":"https:\/\/filosofiacienciacabala.com\/index.php\/wp-json\/wp\/v2\/types\/post"}],"author":[{"embeddable":true,"href":"https:\/\/filosofiacienciacabala.com\/index.php\/wp-json\/wp\/v2\/users\/1"}],"replies":[{"embeddable":true,"href":"https:\/\/filosofiacienciacabala.com\/index.php\/wp-json\/wp\/v2\/comments?post=291"}],"version-history":[{"count":1,"href":"https:\/\/filosofiacienciacabala.com\/index.php\/wp-json\/wp\/v2\/posts\/291\/revisions"}],"predecessor-version":[{"id":293,"href":"https:\/\/filosofiacienciacabala.com\/index.php\/wp-json\/wp\/v2\/posts\/291\/revisions\/293"}],"wp:featuredmedia":[{"embeddable":true,"href":"https:\/\/filosofiacienciacabala.com\/index.php\/wp-json\/wp\/v2\/media\/292"}],"wp:attachment":[{"href":"https:\/\/filosofiacienciacabala.com\/index.php\/wp-json\/wp\/v2\/media?parent=291"}],"wp:term":[{"taxonomy":"category","embeddable":true,"href":"https:\/\/filosofiacienciacabala.com\/index.php\/wp-json\/wp\/v2\/categories?post=291"},{"taxonomy":"post_tag","embeddable":true,"href":"https:\/\/filosofiacienciacabala.com\/index.php\/wp-json\/wp\/v2\/tags?post=291"}],"curies":[{"name":"wp","href":"https:\/\/api.w.org\/{rel}","templated":true}]}}