{"id":13,"date":"2023-02-04T19:04:42","date_gmt":"2023-02-04T19:04:42","guid":{"rendered":"https:\/\/filosofiacienciacabala.com\/?p=13"},"modified":"2023-02-07T20:39:23","modified_gmt":"2023-02-07T20:39:23","slug":"la-vida-de-socrates","status":"publish","type":"post","link":"https:\/\/filosofiacienciacabala.com\/index.php\/2023\/02\/04\/la-vida-de-socrates\/","title":{"rendered":"La vida de S\u00f3crates"},"content":{"rendered":"\n<p>S\u00f3crates naci\u00f3 en el 469 a. C. y muri\u00f3 en el 399 a. Vivi\u00f3 una \u00e9poca turbulenta en la historia de Atenas y se le atribuye una enorme contribuci\u00f3n al desarrollo de las ideas filos\u00f3ficas. Nunca escribi\u00f3 sus ideas como obras literarias para ser estudiadas. En cambio, parece haber influido en sus seguidores a trav\u00e9s del di\u00e1logo y la discusi\u00f3n que luego fue escrito por sus alumnos. Su alumno m\u00e1s famoso fue Plat\u00f3n y ofrece una visi\u00f3n sesgada contempor\u00e1nea de su maestro.<\/p>\n\n\n\n<p>\u201cLas mentiras son las mayores asesinas, pues matan la verdad\u201d<br>S\u00f3crates<\/p>\n\n\n\n<p>La madre de S\u00f3crates era una partera muy conocida en Atenas. Este era uno de los pocos trabajos remunerados que una mujer pod\u00eda hacer fuera de su hogar y las buenas parteras eran muy respetadas. Tener una madre tan prominente puede haberle dado a S\u00f3crates una perspectiva menos convencional de la vida en comparaci\u00f3n con sus compa\u00f1eros. Se cas\u00f3 con una mujer mucho m\u00e1s joven conocida como Xanthippe que probablemente era de una familia de alto estatus. Puede parecer notable que se cas\u00f3 con una novia muy joven, sin embargo, en el siglo V a. C. en Atenas, la edad normal para contraer matrimonio para un hombre era de unos 30 a\u00f1os y una ni\u00f1a de 12 a\u00f1os. Ninguna fuente escrita hace referencia a su empleo, sin embargo, si Xanthippe era de una buena familia, habr\u00eda aportado una buena dote al matrimonio que pudo haber permitido a S\u00f3crates liberarse de la necesidad de trabajar. Tuvieron tres hijos y pueden haber tenido una hija, sin embargo, en la antig\u00fcedad, las fuentes escritas no siempre mencionaban a las hijas. M\u00e1s tarde hizo el servicio militar y se cree que el estadista Alcib\u00edades luch\u00f3 junto a \u00e9l y tambi\u00e9n se convirti\u00f3 en su amante. Hasta ahora, S\u00f3crates viv\u00eda de manera normal.<\/p>\n\n\n\n<p>Se involucr\u00f3 en la pol\u00edtica, que era un deber que se esperaba que hicieran todos los hombres atenienses nacidos libres. Demostr\u00f3 que era una persona que defend\u00eda sus principios cuando se neg\u00f3 a condenar a muerte a ocho generales atenienses que hab\u00edan abandonado a sus camaradas mientras luchaban contra los espartanos en la batalla naval de Arginusae 404BC. Los atenienses hab\u00edan tenido \u00e9xito, sin embargo, algunos de sus barcos resultaron da\u00f1ados y varios hombres resultaron heridos. Los ocho generales fueron responsables de llevar a estos hombres a casa a un lugar seguro, sin embargo, una tormenta les impidi\u00f3 llevar a cabo su misi\u00f3n de rescate y dejaron a los hombres muertos. S\u00f3crates no cre\u00eda que estos hombres deb\u00edan ser condenados a muerte, ya que ve\u00eda ese castigo como un \u00faltimo recurso absoluto en lugar de algo que deber\u00eda suceder para complacer a la multitud. No se hizo popular al tomar este tipo de decisiones. Atenas qued\u00f3 brevemente bajo el control de treinta tiranos. S\u00f3crates se las arregl\u00f3 para mantenerse fiel a su moral y no hacer lo que los tiranos le hab\u00edan ordenado a \u00e9l y a otros prominentes atenienses que hicieran.<\/p>\n\n\n\n<p>S\u00f3crates es famoso por preguntarle al or\u00e1culo de Delfos si era la persona m\u00e1s sabia de Atenas. La respuesta del or\u00e1culo fue que \u00e9l era el m\u00e1s sabio. Se mostr\u00f3 esc\u00e9ptico ante esta respuesta y se dispuso a probarla (creyendo que pod\u00eda demostrar que estaba equivocada). Pidi\u00f3 a diferentes atenienses su opini\u00f3n sobre su propia sabidur\u00eda. Todos cre\u00edan que ten\u00edan mucho conocimiento y sabidur\u00eda. Se dio cuenta de que esta satisfacci\u00f3n com\u00fan por la propia sabidur\u00eda imped\u00eda a una persona la b\u00fasqueda de saber m\u00e1s y cuestionar lo que sucede a su alrededor. Era muy consciente de su propia falta de sabidur\u00eda, algo que las personas que lo rodeaban no se daban cuenta de s\u00ed mismas. Lleg\u00f3 a la conclusi\u00f3n de que por esta raz\u00f3n el or\u00e1culo de Delfos ten\u00eda raz\u00f3n y \u00e9l era la persona m\u00e1s sabia de Atenas. Tambi\u00e9n, de una manera muy poco convencional, elogi\u00f3 abiertamente a dos mujeres tan influyentes como sus maestras. La primera fue Diotima, una sacerdotisa de Mantinea que le ense\u00f1\u00f3 sobre el eros (amor er\u00f3tico). La segunda fue Aspasia, la amante y m\u00e1s tarde esposa del gran estadista Pericles. Dijo que ella le ense\u00f1\u00f3 ret\u00f3rica. Esto fue excepcionalmente inusual en una \u00e9poca que generalmente no ve\u00eda ning\u00fan prop\u00f3sito en educar a las mujeres m\u00e1s all\u00e1 de un nivel b\u00e1sico, si es que lo hac\u00eda.<\/p>\n\n\n\n<p>S\u00f3crates tambi\u00e9n apoy\u00f3 firmemente el estilo de vida asc\u00e9tico. Se sab\u00eda que desfilaba desnudo por el \u00e1gora (mercado) de Atenas, al darse cuenta de que la ropa era una posesi\u00f3n. Durante mucho tiempo lo \u00fanico que tuvo con \u00e9l fue su taza para beber. Cuando alguien se\u00f1al\u00f3 que se trataba de una posesi\u00f3n, la tir\u00f3. El estilo de vida asc\u00e9tico fue la \u00faltima idea filos\u00f3fica: dejar atr\u00e1s las cosas mundanas para desarrollar la verdadera sabidur\u00eda. Cre\u00eda que era un mensajero de los dioses para la humanidad, lo que puede explicar su ascetismo. Tal estilo de vida se hizo cada vez m\u00e1s popular m\u00e1s al este de Jerusal\u00e9n, con muchos ascetas viviendo sin posesiones en el desierto como m\u00e1xima expresi\u00f3n de la inspiraci\u00f3n divina. El m\u00e1s famoso de estos ascetas ser\u00eda Jes\u00fas.<\/p>\n\n\n\n<p>S\u00f3crates se gan\u00f3 muchos enemigos en Atenas debido a sus puntos de vista y estilo de vida inusuales, que inclu\u00edan una admiraci\u00f3n por el estilo de vida espartano (Atenas hab\u00eda estado luchando contra Esparta durante treinta a\u00f1os). Finalmente se formaron cargos acus\u00e1ndolo de corromper a la juventud de Atenas. Fue visto como un hereje y alguien que perturbaba el nomos (buenas leyes\/buen orden) de la sociedad. Fue declarado culpable y condenado a muerte.<\/p>\n\n\n\n<p>Los atenienses no esperaban que S\u00f3crates aceptara este castigo, sino que ver\u00eda el castigo como una clara se\u00f1al de que no era bienvenido y se ir\u00eda. Su prisi\u00f3n no estaba cerrada con llave y un barco estaba amarrado cerca, listo para llevarlo al exilio. S\u00f3crates se mantuvo fiel a lo que cre\u00eda, que era el estado ateniense y las leyes del pueblo. Las buenas leyes eran parte integral del funcionamiento de una sociedad y para que la sociedad funcionara bien, todos ten\u00edan que obedecer estas leyes, incluso si no siempre eran del agrado de un individuo. Lleg\u00f3 el d\u00eda de la ejecuci\u00f3n y S\u00f3crates lo acept\u00f3 sin discusi\u00f3n y bebi\u00f3 el veneno de cicuta que le dieron. El veneno actu\u00f3 lentamente, entumeciendo sus piernas y subiendo hacia su coraz\u00f3n. Muri\u00f3 seg\u00fan sus principios en el 399 a.<\/p>\n\n\n\n<p>Publicado poredhisoft18 de enero de 2022Publicado enS\u00f3cratesDeja un comentarioen La vida de S\u00f3crates<br>C\u00f3mo influye S\u00f3crates en nuestras vidas hoy<br>C\u00f3mo influye S\u00f3crates en nuestras vidas hoy<br>S\u00f3crates (ca. 470-399 a. C.) no es simplemente otro \u00abvar\u00f3n blanco muerto\u00bb despreciado por nuestra \u00e9lite universitaria, sino un hombre cuyos avances filos\u00f3ficos repercuten a lo largo de los siglos y nos afectan profundamente en la actualidad. Atenas en el siglo V aC era la \u00e9poca de Pericles. Los grandiosos proyectos de construcci\u00f3n emprendidos por Pericles, como el Parten\u00f3n, se construyeron durante la vida de S\u00f3crates.<\/p>\n\n\n\n<p>Filos\u00f3ficamente, Atenas estaba en una \u00e9poca de confusi\u00f3n, flujo y desorden. Los fil\u00f3sofos presocr\u00e1ticos, a saber, los sofistas como Prot\u00e1goro, Gorgias y Tras\u00edmaco, ense\u00f1aban el relativismo moral en sus escuelas filos\u00f3ficas. El t\u00e9rmino \u00absofista\u00bb significa \u00abhombre sabio\u00bb y estos hombres sabios impl\u00edcitamente consideraban su propia sabidur\u00eda personal como la base para comprender el comportamiento correcto.<\/p>\n\n\n\n<p>Prot\u00e1goro, Gorgias y Tras\u00edmaco no eran nativos de Atenas y hab\u00edan viajado mucho. En sus viajes hab\u00edan visto que lo que estaba prohibido en una cultura estaba permitido o incluso fomentado en otra. Esto los llev\u00f3 a la conclusi\u00f3n err\u00f3nea de que la moral es relativa y, por lo tanto, no existe un fundamento de verdad o una forma firme de determinar el bien y el mal.<\/p>\n\n\n\n<p>El t\u00e9rmino \u00absof\u00edstica\u00bb hoy tiene connotaciones negativas como deber\u00eda. Dado que los sofistas cre\u00edan que la moral era relativa, descendieron al pragmatismo filos\u00f3fico, que es la idea de que la mejor filosof\u00eda es la que es pr\u00e1ctica o la que \u00abfunciona\u00bb, independientemente de sus implicaciones morales.<\/p>\n\n\n\n<p>El pragmatismo es muy popular en la civilizaci\u00f3n occidental de hoy. La filosof\u00eda pragmatista del fil\u00f3sofo estadounidense William James es un florecimiento de la sof\u00edstica modernista. En Occidente ahora tenemos una situaci\u00f3n similar a la de la antigua Atenas. Los antiguos sofistas cobraban altas tarifas por sus cursos de instrucci\u00f3n y esto tambi\u00e9n era una desviaci\u00f3n de la tradici\u00f3n ateniense que siempre hab\u00eda sostenido que los fil\u00f3sofos no cobraban por su instrucci\u00f3n. S\u00f3crates fue instruido por los sofistas, pero solo pudo permitirse el curso breve.<\/p>\n\n\n\n<p>Los sofistas ense\u00f1aban ret\u00f3rica, que es el arte de la persuasi\u00f3n verbal. Dado que los sofistas no hicieron afirmaciones de verdad firmes, solo ense\u00f1aron c\u00f3mo persuadir. Cada hombre inventaba su propia verdad y el m\u00e1s inteligente pod\u00eda persuadir a los dem\u00e1s.<\/p>\n\n\n\n<p>S\u00f3crates vio el vac\u00edo de esto y temi\u00f3 por su ciudad que los sofistas, a trav\u00e9s de su relativismo, destruir\u00edan los cimientos de la moral y eventualmente conducir\u00edan a la extinci\u00f3n de la \u00e9tica y al retorno a la barbarie. El enfoque de S\u00f3crates a la situaci\u00f3n fue mirar al intelecto para tratar de descubrir el fundamento de la verdad. Mir\u00f3 a la conciencia humana. S\u00f3crates se hab\u00eda topado con una de las maneras en que Dios le da revelaci\u00f3n al hombre.<\/p>\n\n\n\n<p>La Biblia en Romanos 2:14-15 nos dice que los gentiles que no tienen el libro escrito de Dios, la Biblia, s\u00ed tienen sus conciencias que les dicen el bien y el mal.<\/p>\n\n\n\n<p>Todas las personas a lo largo de la historia humana tienen el testimonio interno de la conciencia que, independientemente de la formaci\u00f3n cultural, da testimonio de la voluntad de Dios. La Biblia tambi\u00e9n ense\u00f1a que todas las personas tienen el testimonio de la naturaleza (Salmo 19: 1-3; Romanos 1: 19-20) que revela cosas acerca de Dios. S\u00f3crates no ten\u00eda Biblia, pero no carec\u00eda totalmente de acceso a la revelaci\u00f3n de la voluntad de Dios. Dios ha dado luz a todas las personas, incluido S\u00f3crates. S\u00f3crates hizo todo lo posible por vivir de la luz que ten\u00eda.<\/p>\n\n\n\n<p>No pretendo saber si S\u00f3crates alguna vez lleg\u00f3 al verdadero arrepentimiento y recibi\u00f3 la vida eterna. Creo que hizo avances filos\u00f3ficos que trajeron una reforma moral.<\/p>\n\n\n\n<p>S\u00f3crates prefiri\u00f3 la argumentaci\u00f3n a la ret\u00f3rica. Trat\u00f3 de desentra\u00f1ar una definici\u00f3n s\u00f3lida de la virtud. Su forma de argumentaci\u00f3n se llama \u00abdial\u00e9ctica\u00bb. La dial\u00e9ctica es la pr\u00e1ctica de examinar declaraciones l\u00f3gicamente a trav\u00e9s de preguntas y respuestas. As\u00ed surgi\u00f3 el famoso \u00abcuestionamiento socr\u00e1tico\u00bb.<\/p>\n\n\n\n<p>Puedes imaginar lo molestos que estaban los fil\u00f3sofos sofistas m\u00e1s viejos por este joven inteligente que hac\u00eda preguntas embarazosas. No pudieron responder a sus preguntas y sus respuestas inadecuadas revelaron los absurdos l\u00f3gicos de las posiciones sofistas.<\/p>\n\n\n\n<p>S\u00f3crates cambi\u00f3 el curso de la filosof\u00eda y es un h\u00e9roe para aquellos de nosotros que defendemos los principios contra los demagogos persuasivos. M\u00e1s tarde, Atenas perdi\u00f3 una guerra con Esparta y en esa confusi\u00f3n los enemigos de S\u00f3crates pudieron presentar cargos contra \u00e9l que resultaron en una sentencia de muerte. Los paralelismos entre la Atenas de S\u00f3crates y la civilizaci\u00f3n occidental contempor\u00e1nea son ineludibles. Actualmente, las universidades est\u00e1n plagadas de sofismas. El relativismo moral, la idea de que no existe el bien o el mal real, que cada persona inventa su propia moral, se ense\u00f1a en las aulas universitarias.<\/p>\n\n\n\n<p>A primera vista, el relativismo moral parece ser de mente abierta y tolerante, pero dado que no proporciona una base para el comportamiento correcto, amenaza con borrar la \u00e9tica y volver a la barbarie.<\/p>\n\n\n\n<p>Hay tres cosmovisiones:<\/p>\n\n\n\n<p>1) La cosmovisi\u00f3n moderna es la idea de que la verdad absoluta existe y que puede ser descubierta solo por la raz\u00f3n humana, independientemente de la Biblia o cualquier otra revelaci\u00f3n verbal de Dios.<\/p>\n\n\n\n<p>2) La cosmovisi\u00f3n posmoderna es la idea de que no existe una verdad absoluta y que la verdad es relativa, la verdad es puramente subjetiva y es creada por cada mente humana individual.<\/p>\n\n\n\n<p>3) La cosmovisi\u00f3n cristiana es que Dios nos ha dado la verdad absoluta a trav\u00e9s de Su libro divinamente inspirado, la Biblia y Dios tambi\u00e9n nos ha dado la verdad absoluta a trav\u00e9s de la conciencia humana y tambi\u00e9n a trav\u00e9s de la naturaleza (las leyes de Dios est\u00e1n incrustadas en la naturaleza, que es el concepto de ley natural ).<\/p>\n\n\n\n<p>Ahora mismo hay millones de j\u00f3venes que se ven a s\u00ed mismos en la misma posici\u00f3n que S\u00f3crates. Estos j\u00f3venes ven a trav\u00e9s de los sofismas de la \u00e9lite universitaria. La diferencia es que mientras S\u00f3crates no ten\u00eda Biblia, estos j\u00f3venes son cristianos nacidos de nuevo que conocen sus Biblias y reciben de la Biblia una instrucci\u00f3n clara de la moralidad de Dios. Hay un ej\u00e9rcito de estos santos S\u00f3crates saliendo, Biblia en mano, para dar a la civilizaci\u00f3n occidental la verdad absoluta, la misma verdad absoluta sobre la que se fund\u00f3 originalmente Occidente. Esta verdad es el evangelio cristiano.<\/p>\n\n\n\n<p>Jesucristo, el Hijo de Dios, vino en cumplimiento de m\u00e1s de 300 profec\u00edas escritas siglos antes de Su nacimiento. Ninguna otra figura en toda la historia puede hacer esta afirmaci\u00f3n. El hecho de que Jes\u00fas vendr\u00eda a morir por nuestros pecados y luego resucitar\u00eda de entre los muertos est\u00e1 predicho por las profec\u00edas del Antiguo Testamento. Estas profec\u00edas dan a Jesucristo una prueba sobrenatural de su autoridad para darnos la verdad absoluta<\/p>\n","protected":false},"excerpt":{"rendered":"<p>S\u00f3crates naci\u00f3 en el 469 a. C. y muri\u00f3 en el 399 a. Vivi\u00f3 una&#8230;<\/p>\n","protected":false},"author":1,"featured_media":131,"comment_status":"open","ping_status":"open","sticky":false,"template":"","format":"standard","meta":{"jetpack_publicize_message":"","jetpack_is_tweetstorm":false,"jetpack_publicize_feature_enabled":true,"jetpack_social_post_already_shared":false,"jetpack_social_options":{"image_generator_settings":{"template":"highway","enabled":false}}},"categories":[3],"tags":[],"jetpack_publicize_connections":[],"yoast_head":"<!-- This site is optimized with the Yoast SEO Premium plugin v20.5 (Yoast SEO v20.5) - https:\/\/yoast.com\/wordpress\/plugins\/seo\/ -->\n<title>La vida de S\u00f3crates -<\/title>\n<meta name=\"robots\" content=\"index, follow, max-snippet:-1, max-image-preview:large, max-video-preview:-1\" \/>\n<link rel=\"canonical\" href=\"https:\/\/filosofiacienciacabala.com\/index.php\/2023\/02\/04\/la-vida-de-socrates\/\" \/>\n<meta property=\"og:locale\" content=\"es_ES\" \/>\n<meta property=\"og:type\" content=\"article\" \/>\n<meta property=\"og:title\" content=\"La vida de S\u00f3crates\" \/>\n<meta property=\"og:description\" content=\"S\u00f3crates naci\u00f3 en el 469 a. C. y muri\u00f3 en el 399 a. Vivi\u00f3 una...\" \/>\n<meta property=\"og:url\" content=\"https:\/\/filosofiacienciacabala.com\/index.php\/2023\/02\/04\/la-vida-de-socrates\/\" \/>\n<meta property=\"article:published_time\" content=\"2023-02-04T19:04:42+00:00\" \/>\n<meta property=\"article:modified_time\" content=\"2023-02-07T20:39:23+00:00\" \/>\n<meta property=\"og:image\" content=\"https:\/\/filosofiacienciacabala.com\/wp-content\/uploads\/2023\/02\/vida-socrates.jpg\" \/>\n\t<meta property=\"og:image:width\" content=\"768\" \/>\n\t<meta property=\"og:image:height\" content=\"510\" \/>\n\t<meta property=\"og:image:type\" content=\"image\/jpeg\" \/>\n<meta name=\"author\" content=\"edhisoft\" \/>\n<meta name=\"twitter:card\" content=\"summary_large_image\" \/>\n<meta name=\"twitter:label1\" content=\"Escrito por\" \/>\n\t<meta name=\"twitter:data1\" content=\"edhisoft\" \/>\n\t<meta name=\"twitter:label2\" content=\"Tiempo de lectura\" \/>\n\t<meta name=\"twitter:data2\" content=\"12 minutos\" \/>\n<script type=\"application\/ld+json\" class=\"yoast-schema-graph\">{\"@context\":\"https:\/\/schema.org\",\"@graph\":[{\"@type\":\"WebPage\",\"@id\":\"https:\/\/filosofiacienciacabala.com\/index.php\/2023\/02\/04\/la-vida-de-socrates\/\",\"url\":\"https:\/\/filosofiacienciacabala.com\/index.php\/2023\/02\/04\/la-vida-de-socrates\/\",\"name\":\"La vida de S\u00f3crates -\",\"isPartOf\":{\"@id\":\"https:\/\/filosofiacienciacabala.com\/#website\"},\"datePublished\":\"2023-02-04T19:04:42+00:00\",\"dateModified\":\"2023-02-07T20:39:23+00:00\",\"author\":{\"@id\":\"https:\/\/filosofiacienciacabala.com\/#\/schema\/person\/aa6e7fe0c15474fb8c239be8d535daa0\"},\"breadcrumb\":{\"@id\":\"https:\/\/filosofiacienciacabala.com\/index.php\/2023\/02\/04\/la-vida-de-socrates\/#breadcrumb\"},\"inLanguage\":\"es\",\"potentialAction\":[{\"@type\":\"ReadAction\",\"target\":[\"https:\/\/filosofiacienciacabala.com\/index.php\/2023\/02\/04\/la-vida-de-socrates\/\"]}]},{\"@type\":\"BreadcrumbList\",\"@id\":\"https:\/\/filosofiacienciacabala.com\/index.php\/2023\/02\/04\/la-vida-de-socrates\/#breadcrumb\",\"itemListElement\":[{\"@type\":\"ListItem\",\"position\":1,\"name\":\"Portada\",\"item\":\"https:\/\/filosofiacienciacabala.com\/\"},{\"@type\":\"ListItem\",\"position\":2,\"name\":\"La vida de S\u00f3crates\"}]},{\"@type\":\"WebSite\",\"@id\":\"https:\/\/filosofiacienciacabala.com\/#website\",\"url\":\"https:\/\/filosofiacienciacabala.com\/\",\"name\":\"\",\"description\":\"\",\"potentialAction\":[{\"@type\":\"SearchAction\",\"target\":{\"@type\":\"EntryPoint\",\"urlTemplate\":\"https:\/\/filosofiacienciacabala.com\/?s={search_term_string}\"},\"query-input\":\"required name=search_term_string\"}],\"inLanguage\":\"es\"},{\"@type\":\"Person\",\"@id\":\"https:\/\/filosofiacienciacabala.com\/#\/schema\/person\/aa6e7fe0c15474fb8c239be8d535daa0\",\"name\":\"edhisoft\",\"image\":{\"@type\":\"ImageObject\",\"inLanguage\":\"es\",\"@id\":\"https:\/\/filosofiacienciacabala.com\/#\/schema\/person\/image\/\",\"url\":\"https:\/\/secure.gravatar.com\/avatar\/5864c5ece8229bc96c6e5b5fdf2594bb?s=96&d=mm&r=g\",\"contentUrl\":\"https:\/\/secure.gravatar.com\/avatar\/5864c5ece8229bc96c6e5b5fdf2594bb?s=96&d=mm&r=g\",\"caption\":\"edhisoft\"},\"sameAs\":[\"https:\/\/filosofiacienciacabala.com\"],\"url\":\"https:\/\/filosofiacienciacabala.com\/index.php\/author\/edhisoft\/\"}]}<\/script>\n<!-- \/ Yoast SEO Premium plugin. -->","yoast_head_json":{"title":"La vida de S\u00f3crates -","robots":{"index":"index","follow":"follow","max-snippet":"max-snippet:-1","max-image-preview":"max-image-preview:large","max-video-preview":"max-video-preview:-1"},"canonical":"https:\/\/filosofiacienciacabala.com\/index.php\/2023\/02\/04\/la-vida-de-socrates\/","og_locale":"es_ES","og_type":"article","og_title":"La vida de S\u00f3crates","og_description":"S\u00f3crates naci\u00f3 en el 469 a. C. y muri\u00f3 en el 399 a. Vivi\u00f3 una...","og_url":"https:\/\/filosofiacienciacabala.com\/index.php\/2023\/02\/04\/la-vida-de-socrates\/","article_published_time":"2023-02-04T19:04:42+00:00","article_modified_time":"2023-02-07T20:39:23+00:00","og_image":[{"width":768,"height":510,"url":"https:\/\/filosofiacienciacabala.com\/wp-content\/uploads\/2023\/02\/vida-socrates.jpg","type":"image\/jpeg"}],"author":"edhisoft","twitter_card":"summary_large_image","twitter_misc":{"Escrito por":"edhisoft","Tiempo de lectura":"12 minutos"},"schema":{"@context":"https:\/\/schema.org","@graph":[{"@type":"WebPage","@id":"https:\/\/filosofiacienciacabala.com\/index.php\/2023\/02\/04\/la-vida-de-socrates\/","url":"https:\/\/filosofiacienciacabala.com\/index.php\/2023\/02\/04\/la-vida-de-socrates\/","name":"La vida de S\u00f3crates -","isPartOf":{"@id":"https:\/\/filosofiacienciacabala.com\/#website"},"datePublished":"2023-02-04T19:04:42+00:00","dateModified":"2023-02-07T20:39:23+00:00","author":{"@id":"https:\/\/filosofiacienciacabala.com\/#\/schema\/person\/aa6e7fe0c15474fb8c239be8d535daa0"},"breadcrumb":{"@id":"https:\/\/filosofiacienciacabala.com\/index.php\/2023\/02\/04\/la-vida-de-socrates\/#breadcrumb"},"inLanguage":"es","potentialAction":[{"@type":"ReadAction","target":["https:\/\/filosofiacienciacabala.com\/index.php\/2023\/02\/04\/la-vida-de-socrates\/"]}]},{"@type":"BreadcrumbList","@id":"https:\/\/filosofiacienciacabala.com\/index.php\/2023\/02\/04\/la-vida-de-socrates\/#breadcrumb","itemListElement":[{"@type":"ListItem","position":1,"name":"Portada","item":"https:\/\/filosofiacienciacabala.com\/"},{"@type":"ListItem","position":2,"name":"La vida de S\u00f3crates"}]},{"@type":"WebSite","@id":"https:\/\/filosofiacienciacabala.com\/#website","url":"https:\/\/filosofiacienciacabala.com\/","name":"","description":"","potentialAction":[{"@type":"SearchAction","target":{"@type":"EntryPoint","urlTemplate":"https:\/\/filosofiacienciacabala.com\/?s={search_term_string}"},"query-input":"required name=search_term_string"}],"inLanguage":"es"},{"@type":"Person","@id":"https:\/\/filosofiacienciacabala.com\/#\/schema\/person\/aa6e7fe0c15474fb8c239be8d535daa0","name":"edhisoft","image":{"@type":"ImageObject","inLanguage":"es","@id":"https:\/\/filosofiacienciacabala.com\/#\/schema\/person\/image\/","url":"https:\/\/secure.gravatar.com\/avatar\/5864c5ece8229bc96c6e5b5fdf2594bb?s=96&d=mm&r=g","contentUrl":"https:\/\/secure.gravatar.com\/avatar\/5864c5ece8229bc96c6e5b5fdf2594bb?s=96&d=mm&r=g","caption":"edhisoft"},"sameAs":["https:\/\/filosofiacienciacabala.com"],"url":"https:\/\/filosofiacienciacabala.com\/index.php\/author\/edhisoft\/"}]}},"featured_image_urls":{"full":["https:\/\/filosofiacienciacabala.com\/wp-content\/uploads\/2023\/02\/vida-socrates.jpg",768,510,false],"thumbnail":["https:\/\/filosofiacienciacabala.com\/wp-content\/uploads\/2023\/02\/vida-socrates-150x150.jpg",150,150,true],"medium":["https:\/\/filosofiacienciacabala.com\/wp-content\/uploads\/2023\/02\/vida-socrates-300x199.jpg",300,199,true],"medium_large":["https:\/\/filosofiacienciacabala.com\/wp-content\/uploads\/2023\/02\/vida-socrates.jpg",640,425,false],"large":["https:\/\/filosofiacienciacabala.com\/wp-content\/uploads\/2023\/02\/vida-socrates.jpg",640,425,false],"1536x1536":["https:\/\/filosofiacienciacabala.com\/wp-content\/uploads\/2023\/02\/vida-socrates.jpg",768,510,false],"2048x2048":["https:\/\/filosofiacienciacabala.com\/wp-content\/uploads\/2023\/02\/vida-socrates.jpg",768,510,false],"covernews-slider-full":["https:\/\/filosofiacienciacabala.com\/wp-content\/uploads\/2023\/02\/vida-socrates.jpg",768,510,false],"covernews-slider-center":["https:\/\/filosofiacienciacabala.com\/wp-content\/uploads\/2023\/02\/vida-socrates-768x500.jpg",768,500,true],"covernews-featured":["https:\/\/filosofiacienciacabala.com\/wp-content\/uploads\/2023\/02\/vida-socrates.jpg",768,510,false],"covernews-medium":["https:\/\/filosofiacienciacabala.com\/wp-content\/uploads\/2023\/02\/vida-socrates-540x340.jpg",540,340,true],"covernews-medium-square":["https:\/\/filosofiacienciacabala.com\/wp-content\/uploads\/2023\/02\/vida-socrates-400x250.jpg",400,250,true],"mailpoet_newsletter_max":["https:\/\/filosofiacienciacabala.com\/wp-content\/uploads\/2023\/02\/vida-socrates.jpg",768,510,false]},"author_info":{"display_name":"edhisoft","author_link":"https:\/\/filosofiacienciacabala.com\/index.php\/author\/edhisoft\/"},"category_info":"<a href=\"https:\/\/filosofiacienciacabala.com\/index.php\/category\/filosofia\/\" rel=\"category tag\">Filosof\u00eda<\/a>","tag_info":"Filosof\u00eda","comment_count":"0","jetpack_featured_media_url":"https:\/\/filosofiacienciacabala.com\/wp-content\/uploads\/2023\/02\/vida-socrates.jpg","_links":{"self":[{"href":"https:\/\/filosofiacienciacabala.com\/index.php\/wp-json\/wp\/v2\/posts\/13"}],"collection":[{"href":"https:\/\/filosofiacienciacabala.com\/index.php\/wp-json\/wp\/v2\/posts"}],"about":[{"href":"https:\/\/filosofiacienciacabala.com\/index.php\/wp-json\/wp\/v2\/types\/post"}],"author":[{"embeddable":true,"href":"https:\/\/filosofiacienciacabala.com\/index.php\/wp-json\/wp\/v2\/users\/1"}],"replies":[{"embeddable":true,"href":"https:\/\/filosofiacienciacabala.com\/index.php\/wp-json\/wp\/v2\/comments?post=13"}],"version-history":[{"count":1,"href":"https:\/\/filosofiacienciacabala.com\/index.php\/wp-json\/wp\/v2\/posts\/13\/revisions"}],"predecessor-version":[{"id":14,"href":"https:\/\/filosofiacienciacabala.com\/index.php\/wp-json\/wp\/v2\/posts\/13\/revisions\/14"}],"wp:featuredmedia":[{"embeddable":true,"href":"https:\/\/filosofiacienciacabala.com\/index.php\/wp-json\/wp\/v2\/media\/131"}],"wp:attachment":[{"href":"https:\/\/filosofiacienciacabala.com\/index.php\/wp-json\/wp\/v2\/media?parent=13"}],"wp:term":[{"taxonomy":"category","embeddable":true,"href":"https:\/\/filosofiacienciacabala.com\/index.php\/wp-json\/wp\/v2\/categories?post=13"},{"taxonomy":"post_tag","embeddable":true,"href":"https:\/\/filosofiacienciacabala.com\/index.php\/wp-json\/wp\/v2\/tags?post=13"}],"curies":[{"name":"wp","href":"https:\/\/api.w.org\/{rel}","templated":true}]}}